{"id":346060,"date":"2013-12-19T00:00:00","date_gmt":"2013-12-18T23:00:00","guid":{"rendered":"https:\/\/medizinonline.com\/come-rintracciare-i-mimici\/"},"modified":"2013-12-19T00:00:00","modified_gmt":"2013-12-18T23:00:00","slug":"come-rintracciare-i-mimici","status":"publish","type":"post","link":"https:\/\/medizinonline.com\/it\/come-rintracciare-i-mimici\/","title":{"rendered":"Come rintracciare i mimici"},"content":{"rendered":"<p><strong>I criteri diagnostici attualmente validi per la sclerosi multipla (SM) consentono una diagnosi molto precoce e specifica nella maggior parte dei casi. Tuttavia, quando si sospetta la SM, \u00e8 sempre importante considerare le diagnosi differenziali pi\u00f9 comuni ed escludere i &#8220;mimi&#8221;. La diagnosi di sindromi simili alla SM ha conseguenze terapeutiche e, ovviamente, prognostiche. Se durante il decorso della malattia sorgono dubbi sulla diagnosi di SM, non si deve esitare a rinnovare la validazione diagnostica differenziale.<\/strong><\/p>\n<p> <!--more--> <\/p>\n<p>Ad oggi, non esistono marcatori biologici per la diagnosi definitiva della sclerosi multipla (SM). Nessun sintomo neurologico clinico \u00e8 patognomonico, poich\u00e9 i focolai di SM possono presentarsi ovunque nel sistema nervoso centrale. Il tempo medio che intercorre tra il primo sintomo, che spesso non viene riconosciuto, e la diagnosi \u00e8 ancora di circa due anni [1]. Essendo la malattia neurologica pi\u00f9 comune della giovane et\u00e0, pu\u00f2 portare a una disabilit\u00e0 precoce e alla minaccia di un pensionamento anticipato. Alla luce dei risultati fisiopatologici e dell&#8217;inizio precoce della terapia oggi necessaria, si tratta di una perdita di tempo che non pu\u00f2 pi\u00f9 essere recuperata.<\/p>\n<p>La seconda revisione dei criteri McDonald consente di diagnosticare la SM al primo episodio e con la risonanza magnetica in una sola seduta, ma ancora solo con la pi\u00f9 attenta esclusione di altre possibili diagnosi differenziali<strong> (Tabelle 1 e 2)<\/strong> [2\u20135].<\/p>\n<p><img fetchpriority=\"high\" decoding=\"async\" class=\" size-full wp-image-2819\" src=\"https:\/\/medizinonline.com\/wp-content\/uploads\/2013\/12\/Tab1_s7_InFo.jpg-28e90e_1333.jpg\" width=\"1100\" height=\"1149\" srcset=\"https:\/\/medizinonline.com\/wp-content\/uploads\/2013\/12\/Tab1_s7_InFo.jpg-28e90e_1333.jpg 1100w, https:\/\/medizinonline.com\/wp-content\/uploads\/2013\/12\/Tab1_s7_InFo.jpg-28e90e_1333-800x836.jpg 800w, https:\/\/medizinonline.com\/wp-content\/uploads\/2013\/12\/Tab1_s7_InFo.jpg-28e90e_1333-120x125.jpg 120w, https:\/\/medizinonline.com\/wp-content\/uploads\/2013\/12\/Tab1_s7_InFo.jpg-28e90e_1333-90x94.jpg 90w, https:\/\/medizinonline.com\/wp-content\/uploads\/2013\/12\/Tab1_s7_InFo.jpg-28e90e_1333-320x334.jpg 320w, https:\/\/medizinonline.com\/wp-content\/uploads\/2013\/12\/Tab1_s7_InFo.jpg-28e90e_1333-560x585.jpg 560w\" sizes=\"(max-width: 1100px) 100vw, 1100px\" \/><\/p>\n<p>Nel senso di una procedura secondo il principio di &#8220;diagnosticare frequentemente ci\u00f2 che \u00e8 comune&#8221;, le diagnosi differenziali (DD) che entrano in gioco alle nostre latitudini e nel paziente &#8220;tipico&#8221;, cio\u00e8 pi\u00f9 giovane, con sospetta SM, saranno trattate in modo sommario nel seguito.<\/p>\n<p><img decoding=\"async\" class=\"size-full wp-image-2820 lazyload\" data-src=\"https:\/\/medizinonline.com\/wp-content\/uploads\/2013\/12\/Tab2_s8.jpg-3bdef3_1335.jpg\" width=\"1100\" height=\"1275\" data-srcset=\"https:\/\/medizinonline.com\/wp-content\/uploads\/2013\/12\/Tab2_s8.jpg-3bdef3_1335.jpg 1100w, https:\/\/medizinonline.com\/wp-content\/uploads\/2013\/12\/Tab2_s8.jpg-3bdef3_1335-800x927.jpg 800w, https:\/\/medizinonline.com\/wp-content\/uploads\/2013\/12\/Tab2_s8.jpg-3bdef3_1335-120x139.jpg 120w, https:\/\/medizinonline.com\/wp-content\/uploads\/2013\/12\/Tab2_s8.jpg-3bdef3_1335-90x104.jpg 90w, https:\/\/medizinonline.com\/wp-content\/uploads\/2013\/12\/Tab2_s8.jpg-3bdef3_1335-320x371.jpg 320w, https:\/\/medizinonline.com\/wp-content\/uploads\/2013\/12\/Tab2_s8.jpg-3bdef3_1335-560x649.jpg 560w\" data-sizes=\"(max-width: 1100px) 100vw, 1100px\" src=\"data:image\/svg+xml;base64,PHN2ZyB3aWR0aD0iMSIgaGVpZ2h0PSIxIiB4bWxucz0iaHR0cDovL3d3dy53My5vcmcvMjAwMC9zdmciPjwvc3ZnPg==\" style=\"--smush-placeholder-width: 1100px; --smush-placeholder-aspect-ratio: 1100\/1275;\" \/><\/p>\n<h2 id=\"eta-e-storia-medica\">Et\u00e0 e storia medica<\/h2>\n<p>La distribuzione per et\u00e0 della SM mostra un picco di malattia intorno ai 30 anni. La SM nei bambini e negli adolescenti e la prima insorgenza dopo i 45 anni sono meno comuni. Tuttavia, ci sono casi individuali ben documentati di SM che si sono manifestati per la prima volta nella prima decade di vita, ma anche quelli che si sono manifestati nella settima decade.<\/p>\n<p>L&#8217;anamnesi accurata \u00e8 essenziale e spesso \u00e8 sufficiente per stabilire un sospetto di diagnosi di SM. L&#8217;anamnesi deve includere domande su eventuali episodi passati di deficit neurologici che possono fornire indizi di ricadute passate che potrebbero essere state precedentemente interpretate in modo errato. \u00c8 importante anche la questione di altre malattie autoimmuni nel paziente stesso o nei suoi familiari. Le domande sui disturbi e i sintomi nell&#8217;area della funzione vescicale, rettale e sessuale sono importanti. Si devono cercare anche i sintomi nascosti, come la stanchezza, i problemi di concentrazione, la depressione e il dolore (disfunzione autonomica) [3\u20135]. I <em>primi sintomi<\/em> comuni <em>della<\/em> SM sono:<\/p>\n<ul>\n<li>Disturbi della sensibilit\u00e0 come formicolio, sensazione di pelliccia, formicolio (&gt;30%)<\/li>\n<li>Disturbi visivi con visione offuscata, appannata o nebbiosa causati da neurite ottica unilaterale (circa 16%).<\/li>\n<li>Disturbi della deambulazione con frequente debolezza delle gambe dipendente dal carico e instabilit\u00e0 dell&#8217;andatura (circa 5%).<\/li>\n<\/ul>\n<p>Altri sintomi sono: Vertigini (30-50% dei casi), nistagmo (2-4%), tremore intenzionale, disfunzioni della vescica e dell&#8217;intestino, disfunzioni sessuali, visione doppia, parestesia facciale, nevralgia del trigemino, atassia, disartria, affaticamento (soprattutto nelle ricadute), disturbi del sonno, depressione, euforia, deterioramento cognitivo (34-65%), demenza (5%), convulsioni cerebrali (2-3%) e segno di Lhermitte positivo.<\/p>\n<h2 id=\"diagnosi-differenziale-della-sm\">Diagnosi differenziale della SM<\/h2>\n<p>La ricchezza di forme dei sintomi della SM rende difficile differenziarli da un&#8217;intera gamma di affezioni cerebrospinali. Altre malattie croniche infiammatorie, metaboliche, vascolari, neoplastiche e\/o mediate da agenti patogeni possono presentare sintomi simili<strong> (Tab. 2) <\/strong>[3\u20135].<\/p>\n<h2 id=\"imitazioni-di-fisiopatologia\">Imitazioni di fisiopatologia<\/h2>\n<p>La SM \u00e8 una malattia infiammatoria cronica immunomediata del sistema nervoso centrale, che istopatologicamente porta a vari gradi di danno assonale e demielinizzazione. Esiste una serie di altre malattie autoimmuni che coinvolgono il sistema nervoso centrale e che sono difficili da distinguere dalla SM a causa della variet\u00e0 dei sintomi.<\/p>\n<p>Anche la <em>neuromielite optica<\/em> (NMO) \u00e8 una malattia infiammatoria cronica immunomediata del sistema nervoso centrale. Le &#8220;malattie dello spettro NMO&#8221; (NMOSD) comprendono la mielite longitudinale estesa trasversale isolata (LETM), la neurite ottica isolata monofasica o ricorrente e forme distinte di encefalite del tronco encefalico. La NMO mostra una chiara preferenza per il sesso femminile (fino a 9:1 a seconda della coorte) e si manifesta in media circa dieci anni dopo (quarta decade di vita) rispetto alla SM. A causa del rilevamento di anticorpi contro l&#8217;acquaporina-4 (AQP4-Ak), che sono diretti contro i canali dell&#8217;acqua espressi sugli astrociti, la NMO \u00e8 stata classificata come una cosiddetta malattia autoimmune mediata da cellule B. Il rilevamento sierologico di AQP4-Ak e l&#8217;aumento della conta cellulare prevalentemente linfocitaria di &gt;20-50 \u00b5l nel liquor non sono rari nella NMO nel contesto di una ricaduta acuta. Inoltre, le bande oligoclonali positive si trovano solo in circa il 15-30% dei pazienti NMO. Rispetto alla SM, le ricadute nella NMO sono spesso pi\u00f9 gravi e portano pi\u00f9 rapidamente a disabilit\u00e0 permanenti a causa di una remissione per lo pi\u00f9 incompleta [5].<\/p>\n<p>L&#8217;encefalomielite demielinizzante acuta (ADEM) e la sua variante massima, la leucoencefalite emorragica acuta (AHLE), sono rare malattie infiammatorie demielinizzanti del SNC. A differenza della SM, l&#8217;ADEM \u00e8 pi\u00f9 comune nell&#8217;infanzia che negli adulti e si verifica principalmente in stretta relazione temporale con infezioni o vaccinazioni. Non esistono criteri diagnostici chiaramente definiti per l&#8217;ADEM. I rari casi di adulti rappresentano una sfida [5].<\/p>\n<p><img decoding=\"async\" class=\"size-full wp-image-2821 lazyload\" data-src=\"https:\/\/medizinonline.com\/wp-content\/uploads\/2013\/12\/Tab3_s8.jpg-2e0c2e_1334.jpg\" width=\"1100\" height=\"825\" data-srcset=\"https:\/\/medizinonline.com\/wp-content\/uploads\/2013\/12\/Tab3_s8.jpg-2e0c2e_1334.jpg 1100w, https:\/\/medizinonline.com\/wp-content\/uploads\/2013\/12\/Tab3_s8.jpg-2e0c2e_1334-800x600.jpg 800w, https:\/\/medizinonline.com\/wp-content\/uploads\/2013\/12\/Tab3_s8.jpg-2e0c2e_1334-320x240.jpg 320w, https:\/\/medizinonline.com\/wp-content\/uploads\/2013\/12\/Tab3_s8.jpg-2e0c2e_1334-300x225.jpg 300w, https:\/\/medizinonline.com\/wp-content\/uploads\/2013\/12\/Tab3_s8.jpg-2e0c2e_1334-120x90.jpg 120w, https:\/\/medizinonline.com\/wp-content\/uploads\/2013\/12\/Tab3_s8.jpg-2e0c2e_1334-90x68.jpg 90w, https:\/\/medizinonline.com\/wp-content\/uploads\/2013\/12\/Tab3_s8.jpg-2e0c2e_1334-560x420.jpg 560w\" data-sizes=\"(max-width: 1100px) 100vw, 1100px\" src=\"data:image\/svg+xml;base64,PHN2ZyB3aWR0aD0iMSIgaGVpZ2h0PSIxIiB4bWxucz0iaHR0cDovL3d3dy53My5vcmcvMjAwMC9zdmciPjwvc3ZnPg==\" style=\"--smush-placeholder-width: 1100px; --smush-placeholder-aspect-ratio: 1100\/825;\" \/><\/p>\n<h2 id=\"angiite-e-collagenosi\">Angiite e collagenosi<\/h2>\n<p>L&#8217;<em>angiite isolata primaria del SNC<\/em> (PACNS) \u00e8 una malattia autoimmune molto rara, caratterizzata da un danno infiammatorio ai vasi cerebrali di piccolo e medio calibro. Pu\u00f2 essere considerata una diagnosi differenziale in presenza di sintomi multifocali o diffusi del sistema nervoso centrale con un decorso progressivo o recidivante-remittente. La risonanza magnetica e l&#8217;angiografia a sottrazione digitale forniscono indizi. Se le alterazioni vasculitiche sono presenti al di fuori del SNC, si esclude la PACNS [5].<\/p>\n<p>Le vasculiti sistemiche (primarie) sono classificate in base alle dimensioni dei vasi colpiti e alla loro costellazione istologica di reperti. La panarterite nodosa (cPAN), la malattia di Wegener e la sindrome di Churg-Strauss sono possibili diagnosi differenziali della SM. Sono caratterizzate da infiammazione granulomatosa e necrotizzante dei piccoli vasi e dalla presenza di anticorpi antinucleari (ANCA).<\/p>\n<p>Le <em>malattie autoimmuni come il lupus eritematoso sistemico (LES), la sindrome di Sj\u00f6gren o la<\/em> malattia di <em>Beh\u00e7et<\/em> possono raramente causare sintomi neurologici dovuti alla vasculite. In linea di principio, le emorragie e gli infarti ischemici nell&#8217;area di alimentazione delle aree vascolari colpite possono complicare il decorso di tutte le malattie infiammatorie croniche autoimmuni e portare a gravi sintomi neurologici nel sistema nervoso centrale e nel sistema nervoso centrale (vasculiti secondarie).<\/p>\n<p>La malattia di <em>Beh\u00e7et<\/em> \u00e8 una vasculite sistemica e colpisce prevalentemente uomini provenienti dalla regione mediterranea. Il picco della malattia \u00e8 oltre la terza decade di vita e la prima manifestazione si verifica raramente nell&#8217;adolescenza. Nelle persone colpite si riscontra un&#8217;associazione molto frequente con l&#8217;antigene HLA-B51. Sono tipiche le ulcerazioni orali e genitali ricorrenti e le alterazioni cutanee sotto forma di efflorescenze pustolose sterili ed eritema nodoso. Il coinvolgimento degli occhi \u00e8 tipico. Raramente, si verifica una manifestazione parenchimatosa del sistema nervoso centrale (meningoencefalite), che colpisce il tronco encefalico in circa il 50% dei casi. L&#8217;aspetto neurologico varia a seconda dell&#8217;area cerebrale colpita o delle strutture vascolari interessate e pu\u00f2 essere sia recidivante che progressivo cronico. Il Neuro-Beh\u00e7et viene rilevato con la risonanza magnetica e la diagnostica del liquor [5].<\/p>\n<p>Nelle malattie granulomatose come la neurosarcoidosi, il coinvolgimento del SNC da solo \u00e8 estremamente raro; il coinvogimento si riscontra in circa il 5% dei pazienti con sarcoidosi. Nelle manifestazioni del SNC, il coinvolgimento dei nervi cranici, per lo pi\u00f9 unilaterale (nervo facciale, nervo ottico, nervo acustico), \u00e8 l&#8217;evento iniziale pi\u00f9 comune. L&#8217;ulteriore aspetto clinico dipende essenzialmente dalla localizzazione e dall&#8217;estensione dei granulomi nel sistema nervoso centrale.<\/p>\n<h2 id=\"cause-infettive\">Cause infettive<\/h2>\n<p>Mentre la neurolesione era la DD pi\u00f9 comune della SM nel 1925, oggi \u00e8 rara e le nuove cause infettive sono pi\u00f9 importanti. I sintomi neurologici della <em>lite<\/em> causata da Treponema pallidum possono essere descritti come meningite precoce (stadio 2), lite cerebrospinale con arterite cerebrale concomitante (stadio 2). 3) e paralisi progressiva\/tabes dorsalis (stadio 4) fare la sua comparsa. Soprattutto nello stadio 3, i sintomi variano notevolmente. I focolai demielinizzanti nel cervello e nel midollo spinale caratterizzano lo stadio della tabes dorsalis [5].<\/p>\n<p>In termini di diagnosi differenziale, la neuroborreliosi dovrebbe essere presa in considerazione, soprattutto nelle regioni con un alto tasso di infestazione di zecche con Borrelia burgdorferi, anche se la sua frequenza nelle persone infette da Borrelia \u00e8 bassa, pari allo 0,3-1,4%. Si distinguono tre stadi, dove lo stadio 1, l&#8217;eritema migrante locale, non mostra ancora alcun sintomo neurologico. Se non viene trattata, dopo settimane o mesi pu\u00f2 svilupparsi un&#8217;infezione disseminata (stadio 2), che coinvolge vari sistemi di organi e quindi anche il SNC e il PNS. La neuroborreliosi acuta \u00e8 caratterizzata da un dolore radicolare segmentale, spesso resistente agli analgesici, senza segni di irritazione meningea. Nel corso della malattia, oltre il 50% dei pazienti sviluppa irritazioni sensoriali, paresi delle estremit\u00e0 e deficit dei nervi cranici (nervo facciale, nervo abducente). Dopo mesi o anni, i sintomi possono svilupparsi nel senso di una neuroborreliosi cronica progressiva (stadio 3: mielite, miosite, vasculite e polineuropatia). La risonanza magnetica svolge un ruolo subordinato nella neuroborreliosi; il rilevamento di alterazioni infiammatorie del liquor e la produzione di anticorpi intratecali specifici per la Borrelia \u00e8 conclusivo in questo caso.<\/p>\n<p>Tra i virus, va menzionato il virus della leucemia a cellule T umane 1 (HTLV-1), un retrovirus patogeno umano che infetta prevalentemente le cellule T CD4+ e in casi molto rari causa la leucemia a cellule T e\/o provoca sintomi neurologici. La paraparesi spastica tropicale \u00e8 una malattia molto rara alle nostre latitudini, che ha principalmente un decorso spinale. L&#8217;infezione da HIV pu\u00f2 anche causare l&#8217;encefalomielite nelle sue fasi avanzate.<\/p>\n<h2 id=\"cause-metaboliche\">Cause metaboliche<\/h2>\n<p>La <em>mielosi funicolare<\/em> \u00e8 una malattia da carenza di vitamina B12 che porta alla demielinizzazione del cervelletto, del cervelletto laterale e dei tratti piramidali, soprattutto nel midollo cervicale e toracico. Analogamente alla carenza di vitamina B12, i disturbi del metabolismo dell&#8217;acido folico possono provocare una serie di sintomi con diversi gradi di gravit\u00e0. I disturbi neurologici includono convulsioni, ritardi nello sviluppo e sintomi mielopatici simili a quelli della mielosi funicolare. Le malattie da carenza vitaminica sono rare alle nostre latitudini (alcol, malnutrizione). Ancora pi\u00f9 rari sono i disturbi dell&#8217;utilizzo delle vitamine dovuti a malattie genetiche.<\/p>\n<h2 id=\"cause-genetiche\">Cause genetiche<\/h2>\n<p>In rari casi, le malattie monogeniche possono anche presentare somiglianze fenotipiche con la manifestazione clinica della SM. Queste malattie ereditarie comprendono le malattie da accumulo lisosomiale e le malattie perossisomiali e mitocondriali, come l&#8217;atrofia ottica di Leber. Poich\u00e9 nella maggior parte dei casi le manifestazioni clinico-neurologiche si manifestano gi\u00e0 nell&#8217;infanzia e nella fanciullezza, si ricorre ai neuropediatri.<br \/>\nL&#8217;adrenoleucodistrofia legata all&#8217;X (ALD) \u00e8 una malattia da accumulo perossisomiale caratterizzata da un&#8217;alterata degradazione degli acidi grassi a catena lunga. Di solito inizia nell&#8217;infanzia, ma esiste anche una forma adulta molto rara, l&#8217;adrenomieloneuropatia (AMN: paraparesi spastica, insufficienza surrenalica).<br \/>\nNella forma adulta della <em>leucodistrofia metacromatica<\/em> (MLD), una delle 30 diverse malattie da accumulo lisosomiale, possono verificarsi disturbi dell&#8217;andatura spastica, incontinenza e, nel decorso successivo, pi\u00f9 raramente atrofia ottica e disturbi del movimento oculare, oltre a sintomi neuropsicologici frequenti. Il fattore decisivo nella differenziazione clinica dalla SM nella MLD \u00e8 il coinvolgimento del sistema nervoso periferico sotto forma di una polineuropatia sensomotoria per lo pi\u00f9 simmetrica, accentuata distalmente.<\/p>\n<h2 id=\"paraneoplasie-e-neoplasie\">Paraneoplasie e neoplasie<\/h2>\n<p>I pazienti con sintomi neurologici spesso temono di soffrire di un tumore al cervello o al midollo spinale o di metastasi. Un decorso recidivante con tendenze alla regressione parla a sfavore. Cefalea, nausea mattutina, vomito, cambiamenti di personalit\u00e0, rallentamento e crisi epilettiche possono verificarsi in lesioni intracraniche occupanti spazio sia maligne che benigne, ma sono rare nella SM.<\/p>\n<h2 id=\"sospetto-di-una-diagnosi-errata\">Sospetto di una diagnosi errata?<\/h2>\n<p>Nei casi con decorso atipico, mancata risposta alle attuali opzioni terapeutiche o sintomi fulminanti, \u00e8 urgente rivedere la diagnosi differenziale e, se necessario, consultare esperti di altre discipline, come reumatologi e infettivologi. Un sondaggio tra i neurologi americani mostra quali DD vengono spesso sospettate quando si sospetta una diagnosi errata <strong>(Fig. 1)<\/strong> [6].<\/p>\n<p><img decoding=\"async\" class=\"size-full wp-image-2822 lazyload\" data-src=\"https:\/\/medizinonline.com\/wp-content\/uploads\/2013\/12\/abb1_s10_InFo.jpg-27ccff_1332.jpg\" width=\"1100\" height=\"1329\" data-srcset=\"https:\/\/medizinonline.com\/wp-content\/uploads\/2013\/12\/abb1_s10_InFo.jpg-27ccff_1332.jpg 1100w, https:\/\/medizinonline.com\/wp-content\/uploads\/2013\/12\/abb1_s10_InFo.jpg-27ccff_1332-800x967.jpg 800w, https:\/\/medizinonline.com\/wp-content\/uploads\/2013\/12\/abb1_s10_InFo.jpg-27ccff_1332-120x145.jpg 120w, https:\/\/medizinonline.com\/wp-content\/uploads\/2013\/12\/abb1_s10_InFo.jpg-27ccff_1332-90x109.jpg 90w, https:\/\/medizinonline.com\/wp-content\/uploads\/2013\/12\/abb1_s10_InFo.jpg-27ccff_1332-320x387.jpg 320w, https:\/\/medizinonline.com\/wp-content\/uploads\/2013\/12\/abb1_s10_InFo.jpg-27ccff_1332-560x677.jpg 560w\" data-sizes=\"(max-width: 1100px) 100vw, 1100px\" src=\"data:image\/svg+xml;base64,PHN2ZyB3aWR0aD0iMSIgaGVpZ2h0PSIxIiB4bWxucz0iaHR0cDovL3d3dy53My5vcmcvMjAwMC9zdmciPjwvc3ZnPg==\" style=\"--smush-placeholder-width: 1100px; --smush-placeholder-aspect-ratio: 1100\/1329;\" \/><\/p>\n<p><em><strong>Prof. Adam Czaplinski, MD<\/strong><\/em><\/p>\n<p>Letteratura:<\/p>\n<ol>\n<li>Fern\u00e1ndez O, et al: Caratteristiche della sclerosi multipla all&#8217;esordio e ritardo nella diagnosi e nel trattamento in Spagna (Studio Novo). J Neurol 2010; 257(9): 1500-1507.<\/li>\n<li>Polman CH, et al: Criteri diagnostici per la sclerosi multipla: revisioni 2010 dei criteri McDonald. Ann Neurol 2011; 69: 292-302.<\/li>\n<li>Marcus JF, et al: Aggiornamenti sulla sindrome clinicamente isolata e sui criteri diagnostici per la sclerosi multipla. Neurohospitalist 2013; 3(2): 65-80.<\/li>\n<li><a href=\"http:\/\/www.awmf.de\" target=\"_blank\" rel=\"noopener\">www.awmf.de:<\/a> Linea guida DGN sulla sclerosi multipla Numero di registro AWMF: 030\/050.<\/li>\n<li>D\u00e9card BF, et al: Diagnosi differenziale della sclerosi multipla (SM) &#8211; mimica della SM. Act Neurol 2012; 39: 83-99.<\/li>\n<li>Solomon AJ, et al.: La sfida della diagnosi errata nella SM. Neurologia 2012; 78; 1986-1991.<\/li>\n<\/ol>\n<p><em>InFo Neurologia &amp; Psichiatria 2013; 11(6)<\/em><\/p>\n","protected":false},"excerpt":{"rendered":"<p>I criteri diagnostici attualmente validi per la sclerosi multipla (SM) consentono una diagnosi molto precoce e specifica nella maggior parte dei casi. Tuttavia, quando si sospetta la SM, \u00e8 sempre&hellip;<\/p>\n","protected":false},"author":4,"featured_media":39531,"comment_status":"closed","ping_status":"","sticky":false,"template":"","format":"standard","meta":{"_acf_changed":false,"pmpro_default_level":"","cat_1_feature_home_top":false,"cat_2_editor_pick":false,"csco_eyebrow_text":"Diagnosi differenziale della sclerosi multipla","footnotes":""},"category":[11519,11371,11550],"tags":[55920,55927,34181,55841,21567,55911,55878,55860,22091,21641,30550,15831,55851,55869,55942,55887,55903,26789,55950,55895,22513,12315,55936,55544,14067,15547,48882],"powerkit_post_featured":[],"class_list":["post-346060","post","type-post","status-publish","format-standard","has-post-thumbnail","category-formazione-continua","category-neurologia-it","category-rx-it","tag-angiite-it-2","tag-angiite-primaria-isolata-del-snc","tag-autoimmune-it","tag-carenza","tag-cns-it","tag-collagenosi-it","tag-criteri-mcdonald","tag-diagnosi-errata","tag-fisiopatologia","tag-lesione","tag-lues-it","tag-lupus-eritematoso-it","tag-marcatore","tag-mimici","tag-mld-it","tag-neurologico","tag-neuromielite-optica","tag-pacns-it","tag-paraneoplasia","tag-recidivante-remittente-it","tag-risonanza-magnetica","tag-sclerosi-multipla","tag-sindrome-di-sjoergen-malattia-di-behcet","tag-sintomo","tag-sle-it","tag-sm","tag-vitamina","pmpro-has-access"],"acf":[],"publishpress_future_action":{"enabled":false,"date":"2026-05-08 16:26:36","action":"change-status","newStatus":"draft","terms":[],"taxonomy":"category","extraData":[]},"publishpress_future_workflow_manual_trigger":{"enabledWorkflows":[]},"wpml_current_locale":"it_IT","wpml_translations":{"pt_PT":{"locale":"pt_PT","id":346076,"slug":"como-localizar-mimicas","post_title":"Como localizar m\u00edmicas","href":"https:\/\/medizinonline.com\/pt-pt\/como-localizar-mimicas\/"},"es_ES":{"locale":"es_ES","id":346088,"slug":"como-seguir-a-los-imitadores","post_title":"C\u00f3mo seguir a los imitadores","href":"https:\/\/medizinonline.com\/es\/como-seguir-a-los-imitadores\/"}},"_links":{"self":[{"href":"https:\/\/medizinonline.com\/it\/wp-json\/wp\/v2\/posts\/346060","targetHints":{"allow":["GET"]}}],"collection":[{"href":"https:\/\/medizinonline.com\/it\/wp-json\/wp\/v2\/posts"}],"about":[{"href":"https:\/\/medizinonline.com\/it\/wp-json\/wp\/v2\/types\/post"}],"author":[{"embeddable":true,"href":"https:\/\/medizinonline.com\/it\/wp-json\/wp\/v2\/users\/4"}],"replies":[{"embeddable":true,"href":"https:\/\/medizinonline.com\/it\/wp-json\/wp\/v2\/comments?post=346060"}],"version-history":[{"count":0,"href":"https:\/\/medizinonline.com\/it\/wp-json\/wp\/v2\/posts\/346060\/revisions"}],"wp:featuredmedia":[{"embeddable":true,"href":"https:\/\/medizinonline.com\/it\/wp-json\/wp\/v2\/media\/39531"}],"wp:attachment":[{"href":"https:\/\/medizinonline.com\/it\/wp-json\/wp\/v2\/media?parent=346060"}],"wp:term":[{"taxonomy":"category","embeddable":true,"href":"https:\/\/medizinonline.com\/it\/wp-json\/wp\/v2\/category?post=346060"},{"taxonomy":"post_tag","embeddable":true,"href":"https:\/\/medizinonline.com\/it\/wp-json\/wp\/v2\/tags?post=346060"},{"taxonomy":"powerkit_post_featured","embeddable":true,"href":"https:\/\/medizinonline.com\/it\/wp-json\/wp\/v2\/powerkit_post_featured?post=346060"}],"curies":[{"name":"wp","href":"https:\/\/api.w.org\/{rel}","templated":true}]}}