{"id":346688,"date":"2013-11-06T00:00:00","date_gmt":"2013-11-05T23:00:00","guid":{"rendered":"https:\/\/medizinonline.com\/la-cassa-malattia-unica-una-spada-di-damocle\/"},"modified":"2013-11-06T00:00:00","modified_gmt":"2013-11-05T23:00:00","slug":"la-cassa-malattia-unica-una-spada-di-damocle","status":"publish","type":"post","link":"https:\/\/medizinonline.com\/it\/la-cassa-malattia-unica-una-spada-di-damocle\/","title":{"rendered":"La cassa malattia unica &#8211; una spada di Damocle!"},"content":{"rendered":"<p><strong>L&#8217;iniziativa di istituire un fondo unico di assicurazione sanitaria \u00e8 respinta da molti medici, ma al momento sta riscuotendo un consenso non indifferente tra la popolazione. Quest&#8217;ultimo \u00e8 infastidito dalla pubblicit\u00e0 delle compagnie di assicurazione sanitaria e dai presunti redditi elevati dei dirigenti delle assicurazioni sanitarie &#8211; argomenti che fanno presa a prima vista.<\/strong><\/p>\n<p> <!--more--> <\/p>\n<p>Tuttavia, questo non risolve in alcun modo il problema dei premi elevati e in aumento, perch\u00e9 95 centesimi di ogni franco di premio vengono utilizzati per la diagnostica e la terapia. Solo il 5% dei premi costa ai dipendenti e all&#8217;amministrazione dei fondi di assicurazione sanitaria &#8211; questo rimane il caso anche in un&#8217;unica cassa di assicurazione sanitaria.<\/p>\n<p>Come ha spiegato Urs Stoffel, Presidente dell&#8217;Associazione Medica di Zurigo, l&#8217;aumento dei premi \u00e8 causato, tra le molte altre ragioni, dalla demografia &#8211; stiamo tutti invecchiando e ci ammaliamo di pi\u00f9 in et\u00e0 avanzata &#8211; dalle malattie multiple e dal progresso medico, come le procedure diagnostiche pi\u00f9 precise, le attrezzature e i farmaci pi\u00f9 nuovi. Tutti sviluppi che n\u00e9 i pazienti n\u00e9 i loro parenti vorrebbero perdere. Dopo tutto, la saggezza convenzionale \u00e8 che paghiamo i premi a vita e abbiamo diritto al miglior trattamento possibile in caso di malattia.<\/p>\n<p>Su invito del &#8220;Puure-Huus&#8221;, un gruppo di medici impegnati nella politica professionale<a href=\"http:\/\/www.puure-huus.ch\" target=\"_blank\" rel=\"noopener\">(www.puure-huus.ch<\/a>).), la Consigliera Nazionale Jacqueline Fehr, convinta sostenitrice di un sistema di assicurazione sanitaria unificato, e Walter Grete, Past-President dell&#8217;Associazione Medica di Zurigo, un oppositore, hanno incrociato le spade il 22 ottobre davanti a un folto pubblico nella sala del Doktorhaus di Wallisellen, in modo altamente civile e senza ferite, sotto le domande critiche e provocatorie dell&#8217;economista sanitario Willy Oggier. Il pubblico era chiaramente contrario a un fondo unico di assicurazione sanitaria. Costa di pi\u00f9 invece che di meno, rischia di danneggiare il migliore di tutti i sistemi sanitari, rischia di dare ai burocrati ancora pi\u00f9 influenza. E che i servizi delle casse malattia e una gestione finanziaria efficiente sono a rischio, perch\u00e9 la concorrenza non funziona pi\u00f9.<\/p>\n<p>Il fatto che la signora Fehr, nella tana del leone, per cos\u00ec dire, abbia difeso la sua posizione in modo combattivo, arguto, con arguzia, fascino e la migliore conoscenza del dossier, le fa onore.<br \/>\nLa professione medica e le casse malattia &#8211; secondo una delle conclusioni &#8211; hanno ancora molto da convincere, affinch\u00e9 la spada di Damocle della cassa malattia unica non si abbatta su una popolazione non sufficientemente informata.<\/p>\n<p><em>Cordialmente, Vostro<\/em><\/p>\n","protected":false},"excerpt":{"rendered":"<p>L&#8217;iniziativa di istituire un fondo unico di assicurazione sanitaria \u00e8 respinta da molti medici, ma al momento sta riscuotendo un consenso non indifferente tra la popolazione. Quest&#8217;ultimo \u00e8 infastidito dalla&hellip;<\/p>\n","protected":false},"author":4,"featured_media":38491,"comment_status":"closed","ping_status":"","sticky":false,"template":"","format":"standard","meta":{"_acf_changed":false,"pmpro_default_level":"","cat_1_feature_home_top":false,"cat_2_editor_pick":false,"csco_eyebrow_text":"Discussione a Puure-Huus","footnotes":""},"category":[11511,11473,11550],"tags":[29779,52342,59600,59592,59585,59606],"powerkit_post_featured":[],"class_list":["post-346688","post","type-post","status-publish","format-standard","has-post-thumbnail","category-notizie","category-prevenzione-e-assistenza-sanitaria","category-rx-it","tag-assicurazione-sanitaria","tag-assicurazione-sanitaria-unificata","tag-popolazione","tag-professione-medica","tag-puure-huus-it","tag-societa-medica","pmpro-has-access"],"acf":[],"publishpress_future_action":{"enabled":false,"date":"2026-05-03 14:33:48","action":"change-status","newStatus":"draft","terms":[],"taxonomy":"category","extraData":[]},"publishpress_future_workflow_manual_trigger":{"enabledWorkflows":[]},"wpml_current_locale":"it_IT","wpml_translations":{"pt_PT":{"locale":"pt_PT","id":346703,"slug":"o-fundo-unico-de-seguro-de-saude-uma-espada-de-damocles","post_title":"O fundo \u00fanico de seguro de sa\u00fade - uma espada de D\u00e2mocles!","href":"https:\/\/medizinonline.com\/pt-pt\/o-fundo-unico-de-seguro-de-saude-uma-espada-de-damocles\/"},"es_ES":{"locale":"es_ES","id":346713,"slug":"la-caja-unica-del-seguro-de-enfermedad-una-espada-de-damocles","post_title":"La caja \u00fanica del seguro de enfermedad: \u00a1una espada de Damocles!","href":"https:\/\/medizinonline.com\/es\/la-caja-unica-del-seguro-de-enfermedad-una-espada-de-damocles\/"}},"_links":{"self":[{"href":"https:\/\/medizinonline.com\/it\/wp-json\/wp\/v2\/posts\/346688","targetHints":{"allow":["GET"]}}],"collection":[{"href":"https:\/\/medizinonline.com\/it\/wp-json\/wp\/v2\/posts"}],"about":[{"href":"https:\/\/medizinonline.com\/it\/wp-json\/wp\/v2\/types\/post"}],"author":[{"embeddable":true,"href":"https:\/\/medizinonline.com\/it\/wp-json\/wp\/v2\/users\/4"}],"replies":[{"embeddable":true,"href":"https:\/\/medizinonline.com\/it\/wp-json\/wp\/v2\/comments?post=346688"}],"version-history":[{"count":0,"href":"https:\/\/medizinonline.com\/it\/wp-json\/wp\/v2\/posts\/346688\/revisions"}],"wp:featuredmedia":[{"embeddable":true,"href":"https:\/\/medizinonline.com\/it\/wp-json\/wp\/v2\/media\/38491"}],"wp:attachment":[{"href":"https:\/\/medizinonline.com\/it\/wp-json\/wp\/v2\/media?parent=346688"}],"wp:term":[{"taxonomy":"category","embeddable":true,"href":"https:\/\/medizinonline.com\/it\/wp-json\/wp\/v2\/category?post=346688"},{"taxonomy":"post_tag","embeddable":true,"href":"https:\/\/medizinonline.com\/it\/wp-json\/wp\/v2\/tags?post=346688"},{"taxonomy":"powerkit_post_featured","embeddable":true,"href":"https:\/\/medizinonline.com\/it\/wp-json\/wp\/v2\/powerkit_post_featured?post=346688"}],"curies":[{"name":"wp","href":"https:\/\/api.w.org\/{rel}","templated":true}]}}