{"id":346693,"date":"2013-11-01T00:00:00","date_gmt":"2013-10-31T23:00:00","guid":{"rendered":"https:\/\/medizinonline.com\/mantenere-il-collaudato-ma-essere-aperti-al-nuovo\/"},"modified":"2013-11-01T00:00:00","modified_gmt":"2013-10-31T23:00:00","slug":"mantenere-il-collaudato-ma-essere-aperti-al-nuovo","status":"publish","type":"post","link":"https:\/\/medizinonline.com\/it\/mantenere-il-collaudato-ma-essere-aperti-al-nuovo\/","title":{"rendered":"Mantenere il collaudato, ma essere aperti al nuovo."},"content":{"rendered":"<p><strong>Nell&#8217;ambito di un pomeriggio di formazione per i medici di base, i rinomati rappresentanti dell&#8217;ambulatorio dermatologico dello Stadtspital Triemli hanno fornito una panoramica sulla storia del reparto. Inoltre, hanno discusso gli attuali desiderata della ricerca e hanno approfondito le diverse opzioni terapeutiche. L&#8217;attenzione si \u00e8 concentrata in particolare sul riferimento pratico ai problemi dei medici di base.<\/strong><\/p>\n<p> <!--more--> <\/p>\n<p>All&#8217;inizio, il Prof. Dr. med. Stephan Lautenschlager, primario di dermatologia, ha tracciato la storia centenaria dell&#8217;Ambulatorio Dermatologico. La pelle, come importante barriera e protezione contro le influenze chimiche, fisiche e microbiche, \u00e8 stata riconosciuta presto come un organo che necessitava di cure mediche: nel 1913, il Prof. Dr. Max Ti\u00e8che, insieme a sua moglie Sabine, anch&#8217;essa medico, apr\u00ec per la prima volta le porte dell&#8217;orario di consultazione in Hohlstrasse 82, che divenne presto il punto di contatto centrale per molti pazienti con malattie cutanee e veneree. &#8220;Ti\u00e8che fu seguito da Walter Burckhardt, anch&#8217;egli dermatologo per vocazione, responsabile di numerose pubblicazioni e di leggendarie conferenze che a volte si protraevano fino a tarda sera. Nel 1971, gli successe Kaspar Schwarz, che assicur\u00f2 la stabilizzazione del policlinico. Alfred Eichmann \u00e8 stato infine seguito nel 2002 da Stephan Lautenschlager, che ancora oggi \u00e8 responsabile dell&#8217;Ambulatorio Dermatologico. &#8220;Il nostro motto \u00e8 stato quello di continuare a mantenere le cose collaudate, ma di essere aperti a nuove sfide. In particolare, il mantenimento degli orari di consultazione aperti a tutte le classi sociali, che Ti\u00e8che ha gi\u00e0 effettuato, \u00e8 per noi motivo di preoccupazione. Chiunque abbia un problema con la pelle pu\u00f2 comunque venire qui. Tutto ci\u00f2 che devono fare \u00e8 prendere un numero e aspettare un po&#8217;. Inoltre, l&#8217;istruzione, la formazione e la formazione continua di alta qualit\u00e0 sono un obiettivo costante del dipartimento&#8221;, afferma il Prof. Lautenschlager.<\/p>\n<h2 id=\"tumori-della-pelle-non-melanocitici\">Tumori della pelle non melanocitici<\/h2>\n<p>Il secondo relatore \u00e8 stato il Med. pract. Daniel Fleisch, medico senior del Poliambulatorio Dermatologico, parla del cancro alla pelle chiara. I tumori cutanei epidermici comprendono i sottotipi del cosiddetto &#8220;cancro della pelle non melanoma&#8221; (NMSC), in particolare il carcinoma basocellulare (BCC), il carcinoma spinocellulare (SCC) e il carcinoma di Bowen. Il carcinoma in situ comprende la cheratosi attinica e la malattia di Bowen. &#8220;L&#8217;NMSC \u00e8 il tumore pi\u00f9 comune nei caucasici, pi\u00f9 comune del cancro al polmone, al seno e alla prostata messi insieme. Si pu\u00f2 parlare di un&#8217;epidemia. In Australia, un Paese altamente esposto al sole, l&#8217;NMSC rappresenta circa il 9% dei costi del cancro, il che lo rende il tipo di tumore pi\u00f9 costoso&#8221;, afferma il medico. Carne. &#8220;Naturalmente, questo \u00e8 dovuto anche al fatto che ci esponiamo al sole con abiti pi\u00f9 leggeri rispetto a cento anni fa. Intorno ai 50 anni, la prevalenza aumenta rapidamente e gli uomini sono particolarmente colpiti. Il rischio di sviluppare un BCC nel corso della vita \u00e8 del 30%, quello di un SCC del 10%. L&#8217;incidenza continua ad aumentare (3-8%\/anno). &#8220;La mortalit\u00e0 \u00e8 effettivamente bassa, il tasso di mortalit\u00e0 per la SCC non raggiunge l&#8217;uno per cento. Tuttavia, c&#8217;\u00e8 un&#8217;altissima probabilit\u00e0 di secondi tumori: Quasi la met\u00e0 di coloro che hanno un SCC ne subiscono un altro entro i tre anni successivi. Perci\u00f2 sono urgentemente necessari esami di follow-up&#8221;, afferma il medico. Carne.<br \/>\nOltre all&#8217;esposizione ai raggi UV (le scottature solari nell&#8217;infanzia sono particolarmente pericolose), anche il consumo di nicotina, l&#8217;immunosoppressione, le radiazioni e l&#8217;HPV svolgono un ruolo nello sviluppo di questa malattia. &#8220;L&#8217;80% delle NMSC si trova in aree cutanee cronicamente esposte alla luce. Non sono solo le persone che lavorano all&#8217;aperto ad essere a rischio. Uno studio pubblicato di recente [1], per esempio, ha potuto dimostrare che l&#8217;esposizione al sole durante la guida \u00e8 paragonabile a quella delle attivit\u00e0 all&#8217;aperto o del giardinaggio&#8221;, ha spiegato il medico. Carne. Le opzioni terapeutiche sono molto diverse, come dimostra l&#8217;esempio della cheratosi attinica <strong>(Tab. 1)<\/strong>.<\/p>\n<p><strong><img fetchpriority=\"high\" decoding=\"async\" class=\" size-full wp-image-2551\" src=\"https:\/\/medizinonline.com\/wp-content\/uploads\/2013\/11\/Tab1_s44_derma.jpg-12264a_1054.jpg\" width=\"1100\" height=\"1069\" srcset=\"https:\/\/medizinonline.com\/wp-content\/uploads\/2013\/11\/Tab1_s44_derma.jpg-12264a_1054.jpg 1100w, https:\/\/medizinonline.com\/wp-content\/uploads\/2013\/11\/Tab1_s44_derma.jpg-12264a_1054-800x777.jpg 800w, https:\/\/medizinonline.com\/wp-content\/uploads\/2013\/11\/Tab1_s44_derma.jpg-12264a_1054-120x117.jpg 120w, https:\/\/medizinonline.com\/wp-content\/uploads\/2013\/11\/Tab1_s44_derma.jpg-12264a_1054-90x87.jpg 90w, https:\/\/medizinonline.com\/wp-content\/uploads\/2013\/11\/Tab1_s44_derma.jpg-12264a_1054-320x311.jpg 320w, https:\/\/medizinonline.com\/wp-content\/uploads\/2013\/11\/Tab1_s44_derma.jpg-12264a_1054-560x544.jpg 560w\" sizes=\"(max-width: 1100px) 100vw, 1100px\" \/><\/strong><\/p>\n<h2 id=\"le-cinque-principali-infezioni-della-pelle\">Le cinque principali infezioni della pelle<\/h2>\n<p>Il Dr. med. Siegfried Borelli, primario dell&#8217;Ambulatorio Dermatologico, ha presentato le cinque principali infezioni cutanee in base ai motivi di invio e alle richieste telefoniche: Foruncoli ricorrenti, tinea, herpes zoster, verrucae vulgares, scabbia.<\/p>\n<p>I foruncoli sono noduli dolorosi e centrali, simili a un&#8217;ascesso, che si riempiono di pus e che coprono l&#8217;intero follicolo pilifero e possono formare un conglomerato (carbuncolo). Possono essere considerate un&#8217;indicazione di immunodeficienza quando iniziano nell&#8217;infanzia, c&#8217;\u00e8 un&#8217;anamnesi familiare positiva, sono presenti determinati modelli di coinvolgimento degli organi e agenti patogeni insoliti, oppure l&#8217;istologia mostra la formazione di granulomi o l&#8217;assenza di neutrofili. &#8220;I fattori predisponenti per i foruncoli devono essere chiariti attraverso l&#8217;anamnesi (abuso di nicotina, diabete), il laboratorio o la ricerca di persone di contatto nell&#8217;ambiente circostante. La terapia procede attraverso l&#8217;incisione o l&#8217;escissione degli ascessi fluttuanti, l&#8217;antibiotico, la decolonizzazione e, da non dimenticare, la decontaminazione ambientale&#8221;, dice il dottor Borelli.<\/p>\n<p>Le micosi, in particolare la tinea corporis, sono caratterizzate da eritema marginale, desquamazione, drenaggio centrale e diffusione centrifuga. Il rischio di sviluppare la malattia nel corso della vita \u00e8 di ben il 70%, e gli uomini sono colpiti tre volte pi\u00f9 spesso delle donne. Particolarmente insidiosa \u00e8 la tinea incognita, un&#8217;infezione fungina il cui aspetto clinico \u00e8 stato alterato dall&#8217;applicazione di steroidi topici, con un eritema talvolta bizzarro. &#8220;I fattori di rischio per la tinea pedis sono principalmente la predisposizione familiare, le malposizioni del piede, il sesso maschile e il diabete mellito, ma anche l&#8217;uso di bagni pubblici pu\u00f2 causare questo quadro clinico&#8221;, ha sottolineato il dottor Borelli.<\/p>\n<p>Per quanto riguarda le infezioni virali, le verruche vulgaris sono state discusse in modo pi\u00f9 dettagliato. Le verruche sono un motivo comune di consultazione. Hanno un&#8217;alta prevalenza, soprattutto nelle prime tre decadi di vita, e sono anche resistenti al trattamento perch\u00e9 non esiste una terapia antivirale efficiente. In particolare, il paziente deve essere messo al corrente dei fattori prognostici sfavorevoli <strong>(Tab. 2)<\/strong>. &#8220;Nel caso dell&#8217;herpes zoster, la rilevazione virale pu\u00f2 confermare la diagnosi e fornire un aiuto decisionale per la terapia sistemica&#8221;, afferma il dottor Borelli.<\/p>\n<p><img decoding=\"async\" class=\"size-full wp-image-2552 lazyload\" alt=\"\" data-src=\"https:\/\/medizinonline.com\/wp-content\/uploads\/2013\/11\/tab2-3_dp5-13.png\" style=\"--smush-placeholder-width: 720px; --smush-placeholder-aspect-ratio: 720\/1136;height:947px; width:600px\" width=\"720\" height=\"1136\" src=\"data:image\/svg+xml;base64,PHN2ZyB3aWR0aD0iMSIgaGVpZ2h0PSIxIiB4bWxucz0iaHR0cDovL3d3dy53My5vcmcvMjAwMC9zdmciPjwvc3ZnPg==\"><\/p>\n<p>La scabbia non si manifesta solo nelle aree povere e in guerra. Oltre a un gran numero di casi sporadici, ci sono state anche due epidemie pi\u00f9 piccole nell&#8217;area di Zurigo nel 2001 e nel 2006, in particolare in una casa di cura e residenziale. La terapia viene effettuata con Permetrina 5% (1\u00d7, eventualmente ripetere dopo 14 giorni). In ogni caso, \u00e8 necessario adottare misure di disinfezione per accompagnare la terapia e includere nel trattamento le persone dell&#8217;ambiente circostante.<\/p>\n<h2 id=\"notizie-sulla-psoriasi-vulgaris\">Notizie sulla psoriasi vulgaris<\/h2>\n<p>Il Prof. Lautenschlager ha concluso la serie di conferenze con un contributo sulla psoriasi. Questa malattia \u00e8 definita da placche eritrosquamose croniche, nettamente delimitate, che si verificano principalmente sui lati estensori delle articolazioni e sul cuoio capelluto. Tuttavia, esiste una straordinaria variabilit\u00e0 nel decorso della malattia, nella sua estensione e nella sua morfologia. &#8220;La psoriasi \u00e8 una malattia del mondo occidentale: in Europa, la prevalenza \u00e8 del 2-3% della popolazione. Poich\u00e9 questa malattia \u00e8 cronica e dura tutta la vita, impone un immenso carico emotivo e fisico, simile a quello del diabete&#8221;, afferma il Prof. Lautenschlager. C&#8217;\u00e8 un&#8217;ampia gamma di comorbilit\u00e0. Alcune associazioni, ad esempio con l&#8217;obesit\u00e0 o la sindrome metabolica, sono state notate in studi recenti [2, 3].<\/p>\n<p>&#8220;L&#8217;Imiquimod non dovrebbe mai essere utilizzato in terapia, perch\u00e9 pu\u00f2 portare a un&#8217;infiammazione a volte grottesca della psoriasi nel giro di pochi giorni. Per il trattamento della psoriasi lieve (circa il 75% di tutti i pazienti), \u00e8 utile la terapia topica con corticosteroidi, analoghi della vitamina D, catrame o ditranolo. Per il restante 25% con espressione da moderata a grave, si deve prendere in considerazione la terapia della luce (UVB\/PUVA) con un massimo di 30 sedute o la terapia sistemica con retinoidi, metotrexato, acido fumarico, ciclosporina A, idrossiurea, biologici (come adalimumab, etanercept, infliximab, ustekinumab). In ogni caso, alcuni principi terapeutici <strong>(Tab. 3)<\/strong> devono essere osservati nella pratica&#8221;, ha spiegato il Prof. Lautenschlager in conclusione.<\/p>\n<p><em>Fonte: Stadtspital Triemli: 100 anni di dermatologia &amp; venereologia per la popolazione della citt\u00e0 di Zurigo (1913-2013), 29 agosto 2013, Zurigo<\/em><\/p>\n<h3 id=\"letteratura\">Letteratura:<\/h3>\n<ol>\n<li>Kim DP, et al: Uso della protezione solare durante la guida. J Am Acad Dermatol 2013 Jun; 68(6): 952-6. doi: 10.1016\/j.jaad.2012.12.964. Pubblicato il 4 febbraio 2013.<\/li>\n<li>Armstrong AW, et al: L&#8217;associazione tra psoriasi e obesit\u00e0: una revisione sistematica e una meta-analisi di studi osservazionali. Nutrizione e Diabete 2012; 2: e54. doi:1038\/nutd.2012.26. Pubblicato online a dicembre 2012.<\/li>\n<li>Armstrong AW, et al: Psoriasi e sindrome metabolica: una revisione sistematica e una meta-analisi di studi osservazionali. J Am Acad Dermatol. 2013 Apr; 68(4): 654-62. doi: 10.1016\/j.jaad.2012.08.015. Pubblicato il 27 gennaio 2013.<\/li>\n<li>R\u00fcbben A: Algoritmo clinico per la terapia delle verruche cutanee extragenitali indotte da HPV. Dermatologo 2011; 62: 6-16.<\/li>\n<\/ol>\n","protected":false},"excerpt":{"rendered":"<p>Nell&#8217;ambito di un pomeriggio di formazione per i medici di base, i rinomati rappresentanti dell&#8217;ambulatorio dermatologico dello Stadtspital Triemli hanno fornito una panoramica sulla storia del reparto. Inoltre, hanno discusso&hellip;<\/p>\n","protected":false},"author":4,"featured_media":38466,"comment_status":"closed","ping_status":"","sticky":false,"template":"","format":"standard","meta":{"_acf_changed":false,"pmpro_default_level":"","cat_1_feature_home_top":false,"cat_2_editor_pick":false,"csco_eyebrow_text":"100 anni di dermatologia e venereologia in Triemli","footnotes":""},"category":[11351,11415,11376,11522,11550],"tags":[17500,13609,59610,11910,14176,59603,20208,28997,59588,16635,59597,58723,59614,58608,32930],"powerkit_post_featured":[],"class_list":["post-346693","post","type-post","status-publish","format-standard","has-post-thumbnail","category-dermatologia-e-venereologia","category-infettivologia","category-oncologia-it","category-rapporti-del-congresso","category-rx-it","tag-cancro-it","tag-cheratosi-attinica","tag-conglomerato","tag-crioterapia-it","tag-dermatologia-it","tag-foruncolo","tag-infezione-it","tag-micosi-it","tag-ospedale","tag-prevalenza","tag-psoriasi-vulgaris","tag-triemli-it","tag-tumori-della-pelle-non-melanocitici","tag-venerologia","tag-verruche","pmpro-has-access"],"acf":[],"publishpress_future_action":{"enabled":false,"date":"2026-05-03 18:36:37","action":"change-status","newStatus":"draft","terms":[],"taxonomy":"category","extraData":[]},"publishpress_future_workflow_manual_trigger":{"enabledWorkflows":[]},"wpml_current_locale":"it_IT","wpml_translations":{"pt_PT":{"locale":"pt_PT","id":346706,"slug":"mantendo-o-testado-e-experimentado-e-ainda-estando-aberto-ao-novo","post_title":"Mantendo o testado e experimentado e ainda estando aberto ao novo","href":"https:\/\/medizinonline.com\/pt-pt\/mantendo-o-testado-e-experimentado-e-ainda-estando-aberto-ao-novo\/"},"es_ES":{"locale":"es_ES","id":346717,"slug":"mantener-lo-probado-y-comprobado-y-sin-embargo-estar-abierto-a-lo-nuevo","post_title":"Mantener lo probado y comprobado y, sin embargo, estar abierto a lo nuevo","href":"https:\/\/medizinonline.com\/es\/mantener-lo-probado-y-comprobado-y-sin-embargo-estar-abierto-a-lo-nuevo\/"}},"_links":{"self":[{"href":"https:\/\/medizinonline.com\/it\/wp-json\/wp\/v2\/posts\/346693","targetHints":{"allow":["GET"]}}],"collection":[{"href":"https:\/\/medizinonline.com\/it\/wp-json\/wp\/v2\/posts"}],"about":[{"href":"https:\/\/medizinonline.com\/it\/wp-json\/wp\/v2\/types\/post"}],"author":[{"embeddable":true,"href":"https:\/\/medizinonline.com\/it\/wp-json\/wp\/v2\/users\/4"}],"replies":[{"embeddable":true,"href":"https:\/\/medizinonline.com\/it\/wp-json\/wp\/v2\/comments?post=346693"}],"version-history":[{"count":0,"href":"https:\/\/medizinonline.com\/it\/wp-json\/wp\/v2\/posts\/346693\/revisions"}],"wp:featuredmedia":[{"embeddable":true,"href":"https:\/\/medizinonline.com\/it\/wp-json\/wp\/v2\/media\/38466"}],"wp:attachment":[{"href":"https:\/\/medizinonline.com\/it\/wp-json\/wp\/v2\/media?parent=346693"}],"wp:term":[{"taxonomy":"category","embeddable":true,"href":"https:\/\/medizinonline.com\/it\/wp-json\/wp\/v2\/category?post=346693"},{"taxonomy":"post_tag","embeddable":true,"href":"https:\/\/medizinonline.com\/it\/wp-json\/wp\/v2\/tags?post=346693"},{"taxonomy":"powerkit_post_featured","embeddable":true,"href":"https:\/\/medizinonline.com\/it\/wp-json\/wp\/v2\/powerkit_post_featured?post=346693"}],"curies":[{"name":"wp","href":"https:\/\/api.w.org\/{rel}","templated":true}]}}