{"id":346738,"date":"2013-11-01T00:00:00","date_gmt":"2013-10-31T23:00:00","guid":{"rendered":"https:\/\/medizinonline.com\/e-meglio-non-considerare-la-decolorazione-dellorgano-ungueale-come-una-questione-banale\/"},"modified":"2013-11-01T00:00:00","modified_gmt":"2013-10-31T23:00:00","slug":"e-meglio-non-considerare-la-decolorazione-dellorgano-ungueale-come-una-questione-banale","status":"publish","type":"post","link":"https:\/\/medizinonline.com\/it\/e-meglio-non-considerare-la-decolorazione-dellorgano-ungueale-come-una-questione-banale\/","title":{"rendered":"\u00c8 meglio non considerare la decolorazione dell&#8217;organo ungueale come una questione banale."},"content":{"rendered":"<p><strong>Di solito c&#8217;\u00e8 una spiegazione semplice per la decolorazione benigna delle unghie delle dita delle mani e dei piedi: emorragia subungueale, onicomicosi, pigmento esogeno o uso di farmaci specifici. D&#8217;altra parte, una causa rara di alterazioni dell&#8217;unghia, temuta a causa della prognosi ancora scarsa, \u00e8 il melanoma subungueale. Questo non deve essere trascurato e deve essere escluso con una biopsia.<\/strong><\/p>\n<p> <!--more--> <\/p>\n<p>Il melanoma subungueale rappresenta circa lo 0,7-3,5% di tutti i melanomi maligni (MM) nelle persone con la pelle chiara. Al momento della diagnosi, la malattia \u00e8 spesso gi\u00e0 in fase avanzata.<\/p>\n<p>Le sedi preferite sono il pollice e l&#8217;alluce. Nelle persone con la pelle scura, i melanomi subunguali sono responsabili di circa il 25% dei melanomi maligni. Una vittima famosa della malattia \u00e8 Bob Marley, che mor\u00ec di melanoma maligno metastatico subungueale all&#8217;et\u00e0 di soli 36 anni.<\/p>\n<p>L&#8217;et\u00e0 mediana di insorgenza \u00e8 ora di 66 anni, e i tassi di sopravvivenza a cinque anni sono appena superiori al 50%. La Prof.ssa Dr. med. Carola Berking di Monaco di Baviera ha fatto riferimento a questi dati in occasione della<sup>&#8220;3a<\/sup> Accademia Internazionale Estiva di Dermatologia Pratica di Monaco di Baviera&#8221; (ISA). &#8220;Se c&#8217;\u00e8 un cambiamento nel pigmento, strisce molto larghe o la comparsa del segno di Hutchinson, si deve assolutamente prendere in considerazione il melanoma subungueale e la regola ABCDEF&#8221;, dice l&#8217;esperto <strong>(Tab. 1)<\/strong>.<\/p>\n<p><img fetchpriority=\"high\" decoding=\"async\" class=\" size-full wp-image-2541\" src=\"https:\/\/medizinonline.com\/wp-content\/uploads\/2013\/11\/Tab1_s34.jpg-091894_1046.jpg\" width=\"1100\" height=\"630\" srcset=\"https:\/\/medizinonline.com\/wp-content\/uploads\/2013\/11\/Tab1_s34.jpg-091894_1046.jpg 1100w, https:\/\/medizinonline.com\/wp-content\/uploads\/2013\/11\/Tab1_s34.jpg-091894_1046-800x458.jpg 800w, https:\/\/medizinonline.com\/wp-content\/uploads\/2013\/11\/Tab1_s34.jpg-091894_1046-120x69.jpg 120w, https:\/\/medizinonline.com\/wp-content\/uploads\/2013\/11\/Tab1_s34.jpg-091894_1046-90x52.jpg 90w, https:\/\/medizinonline.com\/wp-content\/uploads\/2013\/11\/Tab1_s34.jpg-091894_1046-320x183.jpg 320w, https:\/\/medizinonline.com\/wp-content\/uploads\/2013\/11\/Tab1_s34.jpg-091894_1046-560x321.jpg 560w\" sizes=\"(max-width: 1100px) 100vw, 1100px\" \/><\/p>\n<h2 id=\"indicazioni-dallanamnesi-e-dai-rilievi-locali\">Indicazioni dall&#8217;anamnesi e dai rilievi locali<\/h2>\n<p>Secondo il Prof. Berking, i seguenti punti forniscono indicazioni anamnestiche iniziali che indicano che un cambiamento dell&#8217;unghia non \u00e8 innocuo: assenza di traumi, assenza di farmaci rilevanti, gi\u00e0 presenti da tempo ma attualmente nuovi cambiamenti, melanoma maligno nella storia personale o familiare del paziente. La radiazione ultravioletta (UV), invece, non sembra essere significativa nel melanoma subungueale.<\/p>\n<p>Le pigmentazioni ungueali striate sono chiamate melanonichia striata o melanonichia longitudinalis e possono verificarsi non solo nel melanoma maligno, ma devono comunque essere sempre chiarite con urgenza dermatoscopicamente e spesso anche biopticamente, ha chiesto l&#8217;esperto. &#8220;Il melanoma subungueale deve essere preso in considerazione per qualsiasi nuova comparsa di melanonichia longitudinale in et\u00e0 adulta, cos\u00ec come per una striscia di pigmento molto ampia (&gt;3 mm), di colore da marrone scuro a nero e con margini sfocati o sfumati&#8221;, ha riassunto il Prof. Berking. Si sospettano fessure, assottigliamento, ulcerazione o distruzione della lamina ungueale. Anche una striscia di pigmento pi\u00f9 ampia prossimalmente rispetto a quella distale (triangolo), causata da una rapida crescita del tumore, un aumento del pigmento o un&#8217;asimmetria sono possibili indicazioni di un melanoma. Un altro indizio, ma non conclusivo: il segno di Hutchinson, una pigmentazione a chiazze che si estende alla piega ungueale prossimale o alla pelle periungueale.<\/p>\n<p>Il melanoma subungueale del letto ungueale \u00e8 molto pi\u00f9 difficile da diagnosticare. Di solito \u00e8 amelanotico, pu\u00f2 spostare o distruggere la lamina ungueale e spesso viene notato come maligno solo quando diventa un nodulo ulcerato. In questi melanomi amelanotici subunguali, che si verificano fino al 25% dei casi, la differenziazione da altre malattie come il granuloma piogenico, le verruche, il fibrocheratoma, il tumore glomus, la cisti mixoide o l&#8217;unguis incarnatus pu\u00f2 essere molto difficile. Spesso si confondono. La dermoscopia e le biopsie aiutano ad approfondire la questione.<strong> <\/strong><a href=\"http:\/\/medizinonline.ch\/site\/article\/309?lang=de\" target=\"_blank\" rel=\"noopener\">(vedere anche l&#8217;intervista)<\/a>. Le diagnosi differenziali dei melanomi pigmentati subunguali sono cambiamenti benigni come la lentigo simplex, il nevo melanocitico o l&#8217;iperplasia melanocitaria benigna.<\/p>\n<h2 id=\"terapia\">Terapia<\/h2>\n<p>La chirurgia controllata al microscopio pu\u00f2 spesso garantire un&#8217;escissione completa con risultati funzionalmente ed esteticamente accettabili, tanto che l&#8217;amputazione \u00e8 ormai solitamente obsoleta. L&#8217;istologia 3-D consente un&#8217;analisi precisa dei margini di resezione [3]. La resezione in blocco dell&#8217;intero organo ungueale (pi\u00f9 la piega ungueale) con successivo trapianto di pelle a tutto spessore, ad esempio dalla parte superiore del braccio, \u00e8 oggi il metodo di scelta [4].<\/p>\n<p><em>Fonte:<sup>&#8220;3a<\/sup> Accademia Internazionale Estiva di Dermatologia Pratica di Monaco&#8221; (ISA), 21-26 luglio 2013, Monaco di Baviera.<\/em><\/p>\n<p>Letteratura:<\/p>\n<ol>\n<li>Gauwerky KJ, Berking C: Il melanoma maligno dell&#8217;organo ungueale. Dtsch Med Wochenschr 2010; 135: 1431-1434.<\/li>\n<li>Pralong P, et al: Dermoscopia del melanoma della lentigo maligna: rapporto di 125 casi. Br J Dermatol 2012; 167(2): 280-287.<\/li>\n<li>Debarbieux S, et al: Microscopia confocale perioperatoria della matrice ungueale nella gestione dei melanomi subunguali in situ o minimamente invasivi. Br J Dermatol 2012; 167(4): 828-836.<\/li>\n<li>Neczyporenko F, et al: Gestione del melanoma in situ dell&#8217;apparato ungueale con la chirurgia funzionale: rapporto di 11 casi e revisione della letteratura. JEADV 2013; Epub 11.3.2013, DOI: 10.1111\/jdv.12131.<\/li>\n<\/ol>\n","protected":false},"excerpt":{"rendered":"<p>Di solito c&#8217;\u00e8 una spiegazione semplice per la decolorazione benigna delle unghie delle dita delle mani e dei piedi: emorragia subungueale, onicomicosi, pigmento esogeno o uso di farmaci specifici. D&#8217;altra&hellip;<\/p>\n","protected":false},"author":4,"featured_media":38431,"comment_status":"closed","ping_status":"","sticky":false,"template":"","format":"standard","meta":{"_acf_changed":false,"pmpro_default_level":"","cat_1_feature_home_top":false,"cat_2_editor_pick":false,"csco_eyebrow_text":"Cosa c'\u00e8 dietro - cosa bisogna fare?","footnotes":""},"category":[11351,11376,11522,11550],"tags":[15604,49243,30967,59769,59778,37381,59806,59792,25405,59785,59799],"powerkit_post_featured":[],"class_list":["post-346738","post","type-post","status-publish","format-standard","has-post-thumbnail","category-dermatologia-e-venereologia","category-oncologia-it","category-rapporti-del-congresso","category-rx-it","tag-biopsia","tag-chiodo","tag-chirurgia","tag-decolorazione","tag-emorragia-it","tag-escissione","tag-granuloma-it-2","tag-melanoma-subungueale","tag-onicomicosi","tag-pigmento-esogeno","tag-risultati-locali","pmpro-has-access"],"acf":[],"publishpress_future_action":{"enabled":false,"date":"2026-05-03 21:50:38","action":"change-status","newStatus":"draft","terms":[],"taxonomy":"category","extraData":[]},"publishpress_future_workflow_manual_trigger":{"enabledWorkflows":[]},"wpml_current_locale":"it_IT","wpml_translations":{"pt_PT":{"locale":"pt_PT","id":346750,"slug":"e-melhor-nao-descartar-a-descoloracao-do-orgao-das-unhas-como-uma-questao-trivial","post_title":"\u00c9 melhor n\u00e3o descartar a descolora\u00e7\u00e3o do \u00f3rg\u00e3o das unhas como uma quest\u00e3o trivial.","href":"https:\/\/medizinonline.com\/pt-pt\/e-melhor-nao-descartar-a-descoloracao-do-orgao-das-unhas-como-uma-questao-trivial\/"},"es_ES":{"locale":"es_ES","id":346762,"slug":"es-mejor-no-descartar-la-decoloracion-del-organo-ungueal-como-un-asunto-trivial","post_title":"Es mejor no descartar la decoloraci\u00f3n del \u00f3rgano ungueal como un asunto trivial.","href":"https:\/\/medizinonline.com\/es\/es-mejor-no-descartar-la-decoloracion-del-organo-ungueal-como-un-asunto-trivial\/"}},"_links":{"self":[{"href":"https:\/\/medizinonline.com\/it\/wp-json\/wp\/v2\/posts\/346738","targetHints":{"allow":["GET"]}}],"collection":[{"href":"https:\/\/medizinonline.com\/it\/wp-json\/wp\/v2\/posts"}],"about":[{"href":"https:\/\/medizinonline.com\/it\/wp-json\/wp\/v2\/types\/post"}],"author":[{"embeddable":true,"href":"https:\/\/medizinonline.com\/it\/wp-json\/wp\/v2\/users\/4"}],"replies":[{"embeddable":true,"href":"https:\/\/medizinonline.com\/it\/wp-json\/wp\/v2\/comments?post=346738"}],"version-history":[{"count":0,"href":"https:\/\/medizinonline.com\/it\/wp-json\/wp\/v2\/posts\/346738\/revisions"}],"wp:featuredmedia":[{"embeddable":true,"href":"https:\/\/medizinonline.com\/it\/wp-json\/wp\/v2\/media\/38431"}],"wp:attachment":[{"href":"https:\/\/medizinonline.com\/it\/wp-json\/wp\/v2\/media?parent=346738"}],"wp:term":[{"taxonomy":"category","embeddable":true,"href":"https:\/\/medizinonline.com\/it\/wp-json\/wp\/v2\/category?post=346738"},{"taxonomy":"post_tag","embeddable":true,"href":"https:\/\/medizinonline.com\/it\/wp-json\/wp\/v2\/tags?post=346738"},{"taxonomy":"powerkit_post_featured","embeddable":true,"href":"https:\/\/medizinonline.com\/it\/wp-json\/wp\/v2\/powerkit_post_featured?post=346738"}],"curies":[{"name":"wp","href":"https:\/\/api.w.org\/{rel}","templated":true}]}}