{"id":346786,"date":"2013-10-30T00:00:00","date_gmt":"2013-10-29T23:00:00","guid":{"rendered":"https:\/\/medizinonline.com\/affinare-la-vista-per-i-segni-cutanei-importanti-delle-malattie-sistemiche\/"},"modified":"2013-10-30T00:00:00","modified_gmt":"2013-10-29T23:00:00","slug":"affinare-la-vista-per-i-segni-cutanei-importanti-delle-malattie-sistemiche","status":"publish","type":"post","link":"https:\/\/medizinonline.com\/it\/affinare-la-vista-per-i-segni-cutanei-importanti-delle-malattie-sistemiche\/","title":{"rendered":"Affinare la vista per i segni cutanei importanti delle malattie sistemiche"},"content":{"rendered":"<p><strong>Oltre alle malattie infettive, i problemi della pelle sono uno dei motivi pi\u00f9 frequenti di consultazione negli studi dei pediatri e dei medici di base, e anche i dermatologi si confrontano regolarmente con i pazienti pediatrici. Quali segni cutanei dovrebbero metterci in guardia? La macchia \u00e8 davvero innocua o fa parte di una sindrome con problemi interni associati? Quanto \u00e8 necessaria la diagnostica? Questo articolo ha lo scopo di affinare la visione di importanti manifestazioni cutanee di malattie sistemiche nell&#8217;infanzia, sulla base di alcuni classici sintomi principali e di indicare le fasi diagnostiche pi\u00f9 opportune.<\/strong><\/p>\n<p> <!--more--> <\/p>\n<h2 id=\"mani-nel-secchio-segno\">&#8220;Mani nel secchio &#8211; segno<\/h2>\n<p>L&#8217;adolescente della <strong>figura 1 <\/strong>ha mostrato papule transitorie, da biancastre a traslucide, con rughe eccessive nell&#8217;area del palmo della mano dopo un breve contatto con l&#8217;acqua o la sudorazione, accompagnate da un fastidioso bruciore e prurito.<\/p>\n<p><img fetchpriority=\"high\" decoding=\"async\" class=\" size-full wp-image-2479\" alt=\"\" src=\"https:\/\/medizinonline.com\/wp-content\/uploads\/2013\/10\/abb1_dp5.jpg\" style=\"height:660px; width:400px\" width=\"705\" height=\"1163\"><\/p>\n<p>Questo fenomeno, riassunto con il termine &#8220;rughe acquageniche dei palmi&#8221; (AWP), pu\u00f2 essere un segno cutaneo specifico della fibrosi cistica (FC) (prevalenza 41-84%) o di uno stato di portatore eterozigote del gene FC [1]. Mentre il corrugamento palmare si verifica solo dopo un tempo di contatto con l&#8217;acqua di 11,5 minuti negli individui sani, questo fenomeno pu\u00f2 essere osservato gi\u00e0 dopo due minuti nei pazienti con FC e dopo sette minuti nei portatori eterozigoti di FC [1]. L&#8217;AWP pu\u00f2 essere il primo sintomo di un fenotipo lieve di FC in persone dall&#8217;aspetto altrimenti sano [2]. Tuttavia, pu\u00f2 essere osservato anche in modo idiopatico e transitorio, soprattutto negli adolescenti.<\/p>\n<p>Non \u00e8 noto quante delle persone colpite da AWP abbiano effettivamente una mutazione del gene della FC.<\/p>\n<h2 id=\"occhi-di-procione\">&#8220;Occhi di procione&#8221;<\/h2>\n<p><img decoding=\"async\" class=\"size-full wp-image-2480 lazyload\" alt=\"\" data-src=\"https:\/\/medizinonline.com\/wp-content\/uploads\/2013\/10\/abb2.jpg\" style=\"--smush-placeholder-width: 716px; --smush-placeholder-aspect-ratio: 716\/641;height:358px; width:400px\" width=\"716\" height=\"641\" data-srcset=\"https:\/\/medizinonline.com\/wp-content\/uploads\/2013\/10\/abb2.jpg 716w, https:\/\/medizinonline.com\/wp-content\/uploads\/2013\/10\/abb2-120x107.jpg 120w, https:\/\/medizinonline.com\/wp-content\/uploads\/2013\/10\/abb2-90x81.jpg 90w, https:\/\/medizinonline.com\/wp-content\/uploads\/2013\/10\/abb2-320x286.jpg 320w, https:\/\/medizinonline.com\/wp-content\/uploads\/2013\/10\/abb2-560x501.jpg 560w\" data-sizes=\"(max-width: 716px) 100vw, 716px\" src=\"data:image\/svg+xml;base64,PHN2ZyB3aWR0aD0iMSIgaGVpZ2h0PSIxIiB4bWxucz0iaHR0cDovL3d3dy53My5vcmcvMjAwMC9zdmciPjwvc3ZnPg==\" \/><br \/>\n&nbsp;<\/p>\n<p>Le lesioni cutanee perioculari, che ricordano la vista di un &#8220;racoon&#8221; (procione) con i suoi caratteristici segni scuri simili a occhiali <strong>(Fig. 2) <\/strong>, ci fanno pensare a una serie di diagnosi differenziali gravi nell&#8217;infanzia e nella fanciullezza:<\/p>\n<ul>\n<li>Neuroblastoma metastatico (ecchimosi)<\/li>\n<li>Lupus eritematoso neonatale (NLE)<\/li>\n<li>Frattura della base del cranio, ad esempio in caso di abuso di minori (ecchimosi)<\/li>\n<li>Amiloidosi (molto rara nell&#8217;infanzia).<\/li>\n<\/ul>\n<p>Il neonato di tre mesi della <strong>Figura&nbsp;3<\/strong>, che ci \u00e8 stato inviato con la descrizione di un emangioma a forma di occhiali, mostrava macule periorbitali, eritematose e leggermente petecchiali fin dalla nascita, che erano principalmente compatibili con il lupus eritematoso neonatale (NLE) dalle diagnosi differenziali di cui sopra.<\/p>\n<p><img decoding=\"async\" class=\"size-full wp-image-2481 lazyload\" alt=\"\" data-src=\"https:\/\/medizinonline.com\/wp-content\/uploads\/2013\/10\/abb3.jpg\" style=\"--smush-placeholder-width: 723px; --smush-placeholder-aspect-ratio: 723\/515;height:427px; width:400px\" width=\"723\" height=\"515\" data-srcset=\"https:\/\/medizinonline.com\/wp-content\/uploads\/2013\/10\/abb3.jpg 723w, https:\/\/medizinonline.com\/wp-content\/uploads\/2013\/10\/abb3-120x85.jpg 120w, https:\/\/medizinonline.com\/wp-content\/uploads\/2013\/10\/abb3-90x64.jpg 90w, https:\/\/medizinonline.com\/wp-content\/uploads\/2013\/10\/abb3-320x228.jpg 320w, https:\/\/medizinonline.com\/wp-content\/uploads\/2013\/10\/abb3-560x399.jpg 560w\" data-sizes=\"(max-width: 723px) 100vw, 723px\" src=\"data:image\/svg+xml;base64,PHN2ZyB3aWR0aD0iMSIgaGVpZ2h0PSIxIiB4bWxucz0iaHR0cDovL3d3dy53My5vcmcvMjAwMC9zdmciPjwvc3ZnPg==\" \/><\/p>\n<p>\nIl rilevamento degli anticorpi anti-Ro\/SSA e anti-La\/SSB nella madre e nel bambino ha confermato rapidamente il sospetto diagnostico. Il coinvolgimento cardiaco, in particolare il blocco AV, che pu\u00f2 verificarsi in circa il 10-20% dei bambini con NLE, \u00e8 stato escluso dall&#8217;ecocardiografia e dall&#8217;ECG. Per lo pi\u00f9 in 6\u00aa-7\u00aa classe. Le manifestazioni cutanee tipiche della NLE compaiono all&#8217;et\u00e0 di due settimane. Le caratteristiche sono macule e placche eritematose anulari, in parte policicliche, con una predilezione per la testa e soprattutto per la regione perioculare, simili al quadro del lupus eritematoso cutaneo subacuto (SCLE). La NLE mostra il tipico decorso di una malattia autoimmune trasmessa passivamente. Con l&#8217;eliminazione degli autoanticorpi materni, la guarigione cutanea completa si verifica solitamente entro gli otto-dodici mesi di et\u00e0.<\/p>\n<p>A differenza dei sintomi cutanei, il blocco AV completo fetale\/congenito e la fibrosi miocardica come conseguenza della miocardite sono purtroppo solitamente irreversibili. Non \u00e8 raro che questo richieda una cura prolungata del pacemaker. Il NLE \u00e8 responsabile dell&#8217;80% di tutti i blocchi AV congeniti [3]. Poich\u00e9 il 20% dei fratelli successivi di una paziente con NLE e il 2% dei neonati di donne incinte positive agli anti-Ro\/SSA (il 50% dei quali sono asintomatici!) sono a rischio di NLE, si raccomanda un monitoraggio ecocardiografico fetale settimanale tra le 16 e le 24 settimane di gestazione [3]. I neonati di questo gruppo a rischio o i neonati con sospetto clinico di lupus neonatale devono essere valutati dalla cardiologia pediatrica subito dopo la nascita e seguiti se vengono riscontrate anomalie. L&#8217;importanza clinica del NLE risiede quindi nella diagnosi precoce del suo coinvolgimento cardiaco.<\/p>\n<h2 id=\"macchie-rosse-sul-viso\">Macchie rosse sul viso<\/h2>\n<p>Le macchie rosse sul viso sono comuni. Sebbene molte lesioni siano innocue e regrediscano spontaneamente, \u00e8 importante riconoscere e trattare tempestivamente le alterazioni persistenti e quindi esteticamente dannose e quelle con possibili complicazioni funzionali.<\/p>\n<h2 id=\"piu-di-un-semplice-emangioma\">Pi\u00f9 di un semplice emangioma?<\/h2>\n<p>Gli emangiomi infantili (IH) sono i tumori benigni pi\u00f9 comuni nell&#8217;infanzia e si verificano fino al 5% dei bambini. Sono caratterizzate da un modello di crescita tipico di rapida proliferazione nei primi mesi di vita, seguito da una stabilizzazione e da una lenta regressione a partire dai due anni di et\u00e0. Pertanto, sebbene la maggior parte degli IH non richieda un trattamento, occorre prestare attenzione alla possibile compromissione funzionale causata dalla crescita espansiva, soprattutto nel caso di emangiomi nella regione periorbitale o centrofacciale, in particolare nel viso. Questi dovrebbero essere valutati precocemente, idealmente all&#8217;inizio della fase di proliferazione (a uno o due mesi di et\u00e0) presso centri specializzati e trattati con beta-bloccanti sistemici (propranololo). Inoltre, \u00e8 importante pensare ai problemi associati oltre all&#8217;emangioma nelle presentazioni seguenti.<\/p>\n<p><strong>L&#8217;emangioma della barba: gli <\/strong>emangiomi simili a placche sul mento e sulla mascella inferiore (&#8220;regione della barba&#8221;) e sullo jugulo possono essere segnali di allarme di emangiomi associati delle vie aeree superiori. Durante l&#8217;attento monitoraggio nei primi tre mesi di vita, occorre prestare particolare attenzione a sintomi quali raucedine, sintomi di croup e stridore come segni di un emangioma sottoglottico. Nei casi di sospetto clinico, \u00e8 di grande importanza una rapida conferma diagnostica mediante laringotracheoscopia diretta (la risonanza magnetica non \u00e8 l&#8217;imaging di scelta!) e l&#8217;inizio della terapia con propranololo e\/o terapia laser [5].<\/p>\n<p><strong>Sindrome di PHACES:<\/strong> un emangioma a placche di dimensioni superiori a 5 cm sulla testa o sul collo pu\u00f2 essere indicativo della sindrome di PHACES <strong>(Tab. 1),<\/strong> che comprende un&#8217;ampia gamma di malformazioni associate, soprattutto anomalie cardiache, vascolari e cerebrali.<\/p>\n<p><img decoding=\"async\" class=\"size-full wp-image-2482 lazyload\" alt=\"\" data-src=\"https:\/\/medizinonline.com\/wp-content\/uploads\/2013\/10\/tab1.png\" style=\"--smush-placeholder-width: 708px; --smush-placeholder-aspect-ratio: 708\/526;height:446px; width:400px\" width=\"708\" height=\"526\" data-srcset=\"https:\/\/medizinonline.com\/wp-content\/uploads\/2013\/10\/tab1.png 708w, https:\/\/medizinonline.com\/wp-content\/uploads\/2013\/10\/tab1-120x90.png 120w, https:\/\/medizinonline.com\/wp-content\/uploads\/2013\/10\/tab1-90x68.png 90w, https:\/\/medizinonline.com\/wp-content\/uploads\/2013\/10\/tab1-320x238.png 320w, https:\/\/medizinonline.com\/wp-content\/uploads\/2013\/10\/tab1-560x416.png 560w\" data-sizes=\"(max-width: 708px) 100vw, 708px\" src=\"data:image\/svg+xml;base64,PHN2ZyB3aWR0aD0iMSIgaGVpZ2h0PSIxIiB4bWxucz0iaHR0cDovL3d3dy53My5vcmcvMjAwMC9zdmciPjwvc3ZnPg==\" \/><\/p>\n<p>Le ragazze sono colpite nel 75% dei casi [7]. Negli emangiomi corrispondenti <strong>(Fig. 4)<\/strong>, in pi\u00f9 del 30% si riscontra almeno una, ma di solito diverse manifestazioni extracutanee della sindrome di PHACES [7]. Oltre a un esame oftalmologico e a un chiarimento cardiologico pediatrico, prima dell&#8217;inizio di un trattamento beta-bloccante solitamente necessario, si dovrebbe eseguire un&#8217;angiografia MR della testa e del collo [7].<\/p>\n<p><strong>Macchia di vino Porto con conseguenze:<\/strong> Mentre gli emangiomi classici non sono ancora visibili alla nascita o sono visibili solo come lesioni precursori discrete, le malformazioni capillari (CM = port-wine stain) sono gi\u00e0 visibili come macule eritematose omogenee nel primo giorno di vita. Con una prevalenza dello 0,3%, sono significativamente pi\u00f9 rare dell&#8217;IH, crescono proporzionalmente al corpo, persistono per tutta la vita e causano principalmente problemi estetici [8]. Se la CM \u00e8 presente sul viso, in alcune situazioni si consiglia cautela &#8211; oltre al danno estetico. Se le palpebre (soprattutto quelle superiori) sono colpite, esiste un rischio significativo di glaucoma omolaterale, che \u00e8 un&#8217;emergenza pediatrica. Un esame oftalmologico \u00e8 quindi obbligatorio nei primi giorni di vita, cos\u00ec come lo sono i controlli oftalmologici regolari nel corso della vita. Se viene inclusa la regione temporo-frontale (segmento V1), si deve considerare la possibilit\u00e0 della sindrome di Sturge-Weber (triade: CM segmentale fronto-temporale, glaucoma omolaterale e angiomatosi leptomeningea) <strong>(Fig. 5),<\/strong> che non deve essere confusa con la sindrome di PHACES.<br \/>\n<img decoding=\"async\" class=\"size-full wp-image-2483 lazyload\" data-src=\"https:\/\/medizinonline.com\/wp-content\/uploads\/2013\/10\/abb4_5.png-1d98c5_1010.png\" width=\"1100\" height=\"706\" data-srcset=\"https:\/\/medizinonline.com\/wp-content\/uploads\/2013\/10\/abb4_5.png-1d98c5_1010.png 1100w, https:\/\/medizinonline.com\/wp-content\/uploads\/2013\/10\/abb4_5.png-1d98c5_1010-800x513.png 800w, https:\/\/medizinonline.com\/wp-content\/uploads\/2013\/10\/abb4_5.png-1d98c5_1010-120x77.png 120w, https:\/\/medizinonline.com\/wp-content\/uploads\/2013\/10\/abb4_5.png-1d98c5_1010-90x58.png 90w, https:\/\/medizinonline.com\/wp-content\/uploads\/2013\/10\/abb4_5.png-1d98c5_1010-320x205.png 320w, https:\/\/medizinonline.com\/wp-content\/uploads\/2013\/10\/abb4_5.png-1d98c5_1010-560x359.png 560w\" data-sizes=\"(max-width: 1100px) 100vw, 1100px\" src=\"data:image\/svg+xml;base64,PHN2ZyB3aWR0aD0iMSIgaGVpZ2h0PSIxIiB4bWxucz0iaHR0cDovL3d3dy53My5vcmcvMjAwMC9zdmciPjwvc3ZnPg==\" style=\"--smush-placeholder-width: 1100px; --smush-placeholder-aspect-ratio: 1100\/706;\" \/><\/p>\n<p>\nLa sindrome di Sturge-Weber \u00e8 clinicamente caratterizzata da epilessia infantile precoce difficile da trattare, possibile paralisi e deterioramento cognitivo. Oltre a una rapida valutazione oftalmologica, si raccomanda l&#8217;esecuzione di una risonanza magnetica del cranio nella prima infanzia.<\/p>\n<p>Da distinguere dalle macchie di vino rosso in senso stretto sono gli innocui &#8220;morsi di cicogna&#8221; che si verificano nel 50% dei neonati, che rappresentano malformazioni capillari funzionali, di solito spontaneamente regressive. Sono sempre distribuiti in modo simmetrico, il pi\u00f9 delle volte nella linea mediana del viso e del collo. Il coinvolgimento frequente delle palpebre non \u00e8 associato a un rischio di glaucoma.<\/p>\n<h2 id=\"eruzione-da-pannolino-banale\">Eruzione da pannolino &#8211; banale?<\/h2>\n<p><img decoding=\"async\" class=\"size-full wp-image-2484 lazyload\" alt=\"\" data-src=\"https:\/\/medizinonline.com\/wp-content\/uploads\/2013\/10\/abb6.png\" style=\"--smush-placeholder-width: 673px; --smush-placeholder-aspect-ratio: 673\/696;height:621px; width:400px\" width=\"673\" height=\"696\" src=\"data:image\/svg+xml;base64,PHN2ZyB3aWR0aD0iMSIgaGVpZ2h0PSIxIiB4bWxucz0iaHR0cDovL3d3dy53My5vcmcvMjAwMC9zdmciPjwvc3ZnPg==\"><\/p>\n<p>Il bambino della <strong>Figura 6<\/strong> soffriva da diverse settimane di un esantema papulare molto pruriginoso, in parte petecchiale, nella zona del pannolino e di piccole fessure nelle flessioni, che continuava a diffondersi nonostante le terapie precedenti. La diagnosi differenziale delle dermatosi da pannolino \u00e8 ampia <strong>(Tab. 2)<\/strong>.<br \/>\n&nbsp;<\/p>\n<p><img decoding=\"async\" class=\"size-full wp-image-2485 lazyload\" data-src=\"https:\/\/medizinonline.com\/wp-content\/uploads\/2013\/10\/Tab2_s6.jpg-38c883_1012.jpg\" style=\"--smush-placeholder-width: 1100px; --smush-placeholder-aspect-ratio: 1100\/758;height:413px; width:600px\" width=\"1100\" height=\"758\" data-srcset=\"https:\/\/medizinonline.com\/wp-content\/uploads\/2013\/10\/Tab2_s6.jpg-38c883_1012.jpg 1100w, https:\/\/medizinonline.com\/wp-content\/uploads\/2013\/10\/Tab2_s6.jpg-38c883_1012-800x551.jpg 800w, https:\/\/medizinonline.com\/wp-content\/uploads\/2013\/10\/Tab2_s6.jpg-38c883_1012-120x83.jpg 120w, https:\/\/medizinonline.com\/wp-content\/uploads\/2013\/10\/Tab2_s6.jpg-38c883_1012-90x62.jpg 90w, https:\/\/medizinonline.com\/wp-content\/uploads\/2013\/10\/Tab2_s6.jpg-38c883_1012-320x221.jpg 320w, https:\/\/medizinonline.com\/wp-content\/uploads\/2013\/10\/Tab2_s6.jpg-38c883_1012-560x386.jpg 560w\" data-sizes=\"(max-width: 1100px) 100vw, 1100px\" src=\"data:image\/svg+xml;base64,PHN2ZyB3aWR0aD0iMSIgaGVpZ2h0PSIxIiB4bWxucz0iaHR0cDovL3d3dy53My5vcmcvMjAwMC9zdmciPjwvc3ZnPg==\" \/><\/p>\n<p>Se sono presenti papule persistenti di colore rosso-brunastro e non c&#8217;\u00e8 risposta alla terapia antinfiammatoria topica, \u00e8 necessario eseguire un&#8217;ulteriore valutazione mediante biopsia. Nel nostro bambino, la diagnosi di istiocitosi a cellule di Langerhans (LCH) ha potuto essere confermata istologicamente. Si tratta di un&#8217;importante diagnosi differenziale nella dermatite da pannolino persistente e nell&#8217;eczema seborroico delle intertrigini nei neonati e nei bambini piccoli. Un indizio clinico \u00e8 l&#8217;aspetto emorragico frequentemente osservato delle efflorescenze e delle emorragie a chiazze dopo lo spargimento.<\/p>\n<p>L&#8217;ICL \u00e8 una condizione oncologica (incidenza 0,4:100.000 bambini sotto i 15 anni, con un picco di et\u00e0 nei primi 3 anni) con accumulo clonale e proliferazione delle cellule di Langerhans in vari organi (scheletro 80% [Osteolysen], pelle 25%, fegato, milza, midollo osseo e linfonodi) [9]. Nei casi di sospetto puramente radiologico di ICL (ad esempio, osteolisi), vale la pena effettuare un esame dermatologico meticoloso, in quanto anche reperti cutanei minimi possono essere la chiave per la conferma istologica. Ci\u00f2 significa che si pu\u00f2 rinunciare a una rischiosa biopsia degli organi interni o dello scheletro. La classificazione in ICL monosintomatica (SS-LCH) con prognosi eccellente e ICL multisistemica (MS-LCH) con prognosi molto variabile viene effettuata in base a un programma di esami standardizzato. La terapia viene eseguita nell&#8217;ambito del &#8220;Protocollo di trattamento collaborativo internazionale LCH-IV per l&#8217;istiocitosi a cellule di Langerhans&#8221; (www.histiocytesocie ty.org) [9].<\/p>\n<h2 id=\"papule-pruriginose\">Papule pruriginose<\/h2>\n<p>La ragazza di dodici anni della <strong>figura 7<\/strong> soffriva da sei settimane di papule gravemente pruriginose con enfasi sui lati estensori, nel senso di prurigo simplex subacuta.<\/p>\n<p><img decoding=\"async\" class=\"size-full wp-image-2486 lazyload\" alt=\"\" data-src=\"https:\/\/medizinonline.com\/wp-content\/uploads\/2013\/10\/abb7.png\" style=\"--smush-placeholder-width: 673px; --smush-placeholder-aspect-ratio: 673\/1195;height:710px; width:400px\" width=\"673\" height=\"1195\" data-srcset=\"https:\/\/medizinonline.com\/wp-content\/uploads\/2013\/10\/abb7.png 673w, https:\/\/medizinonline.com\/wp-content\/uploads\/2013\/10\/abb7-120x213.png 120w, https:\/\/medizinonline.com\/wp-content\/uploads\/2013\/10\/abb7-90x160.png 90w, https:\/\/medizinonline.com\/wp-content\/uploads\/2013\/10\/abb7-320x568.png 320w, https:\/\/medizinonline.com\/wp-content\/uploads\/2013\/10\/abb7-560x994.png 560w\" data-sizes=\"(max-width: 673px) 100vw, 673px\" src=\"data:image\/svg+xml;base64,PHN2ZyB3aWR0aD0iMSIgaGVpZ2h0PSIxIiB4bWxucz0iaHR0cDovL3d3dy53My5vcmcvMjAwMC9zdmciPjwvc3ZnPg==\" \/><\/p>\n<p>Non c&#8217;erano indicazioni anamnestiche per l&#8217;eczema atopico. Oltre a una linfoadenopatia cervicale e ascellare, \u00e8 stata notata una LDH elevata, con parametri di laboratorio altrimenti irrilevanti. Istologicamente, \u00e8 stato possibile confermare il sospetto clinico e radiologico di malattia di Hodgkin. La prurigo simplex subacuta, che si manifesta regolarmente negli adulti (soprattutto nelle donne) senza una causa interna identificabile, \u00e8 una rarit\u00e0 nei bambini. di solito \u00e8 prevedibile solo in associazione con la dermatite atopica. Nella situazione qui descritta, \u00e8 indicato un chiarimento interno su una malattia di base epatica, nefrologica o ematooncologica. La malattia di Hodgkin \u00e8 il classico rappresentante, rappresenta il 5% dei tumori maligni nell&#8217;infanzia e nell&#8217;adolescenza e molto spesso (20-30%) presenta sintomi cutanei [11]:<\/p>\n<ul>\n<li>Prurigo simplex subacuta\/eczema<\/li>\n<li>Eritema nodoso<\/li>\n<li>Infiltrazione cutanea specifica della malattia di Hodgkin: micosi fungoide, linfomi a cellule T CD30+.<\/li>\n<\/ul>\n<p>La prurigo simplex acuta (strophulus infantum), una reazione acuta a ripetute punture di insetti nell&#8217;infanzia, deve essere distinta dalla prurigo simplex subacuta. La predominanza di sieropapule \u00e8 tipica in questo caso.<\/p>\n<h2 id=\"macchie-bianche-e-marroni-nel-neonato-e-nel-bambino\">Macchie bianche e marroni nel neonato e nel bambino<\/h2>\n<p>Xantogranulomi giovanili e neurofibromatosi: le macchie multiple color caffelatte (numero \u22656, dimensioni &gt;0,5 cm in et\u00e0 prepuberale) sono un primo segno ben riconosciuto di neurofibromatosi di tipo 1 (NF1) nell&#8217;infanzia e nella prima giovinezza. Tuttavia, solo il 54% dei bambini con NF1 soddisfa i criteri diagnostici clinici gi\u00e0 nel primo anno di vita [12]. I bambini che potrebbero esserne affetti dovrebbero sottoporsi a un attento controllo dello sviluppo pediatrico e a un esame oftalmologico iniziale a circa dodici mesi di et\u00e0. L&#8217;imaging cerebrale \u00e8 indicato nei casi di disturbi visivi (glioma ottico) o altre anomalie neurologiche. L&#8217;analisi genetica non \u00e8 necessaria per la diagnosi, ma pu\u00f2 essere utile nei casi poco chiari. Se si riscontrano contemporaneamente pi\u00f9 macchie caffelatte e uno o pi\u00f9 xantogranulomi giovanili (JXG) <strong>(Fig. 8), <\/strong>ci\u00f2 rappresenta una costellazione di rischio per l&#8217;insorgenza della leucemia mielomonocitica giovanile (JMML). La JMML, che in genere si manifesta nell&#8217;infanzia e nella prima giovinezza, \u00e8 significativamente pi\u00f9 comune nei pazienti con NF1 rispetto ai bambini sani. Se la JXG \u00e8 presente allo stesso tempo, il rischio aumenta di un fattore 20-30 [13]. Con l&#8217;aiuto di un attento monitoraggio e di una diagnosi precoce, la prognosi della JMML pu\u00f2 essere migliorata.<\/p>\n<p>&#8220;Macchie bianche&#8221;: nella valutazione delle macchie bianche, \u00e8 essenziale distinguere le lesioni ipopigmentate da quelle depigmentate e le macchie congenite da quelle acquisite. Singole macule ipopigmentate ben definite, nel senso di un nevo depigmentoso, non sono rare nei neonati, con lo 0,8%, e nei bambini pi\u00f9 grandi, fino al 5%, ma solo lo 0,5% di tutte le persone presenta pi\u00f9 di due macchie di questo tipo [14]. Se si trovano pi\u00f9 di tre di queste ipopigmentazioni a forma di foglia di frassino o di coriandoli <strong>(Fig.&nbsp;9),<\/strong> si tratta di un possibile primo segno cutaneo di sclerosi tuberosa (TS).<\/p>\n<p><img decoding=\"async\" class=\"size-full wp-image-2487 lazyload\" data-src=\"https:\/\/medizinonline.com\/wp-content\/uploads\/2013\/10\/abb8-9_s7.png-0cfc17_1015.png\" width=\"1100\" height=\"862\" data-srcset=\"https:\/\/medizinonline.com\/wp-content\/uploads\/2013\/10\/abb8-9_s7.png-0cfc17_1015.png 1100w, https:\/\/medizinonline.com\/wp-content\/uploads\/2013\/10\/abb8-9_s7.png-0cfc17_1015-800x627.png 800w, https:\/\/medizinonline.com\/wp-content\/uploads\/2013\/10\/abb8-9_s7.png-0cfc17_1015-120x94.png 120w, https:\/\/medizinonline.com\/wp-content\/uploads\/2013\/10\/abb8-9_s7.png-0cfc17_1015-90x71.png 90w, https:\/\/medizinonline.com\/wp-content\/uploads\/2013\/10\/abb8-9_s7.png-0cfc17_1015-320x251.png 320w, https:\/\/medizinonline.com\/wp-content\/uploads\/2013\/10\/abb8-9_s7.png-0cfc17_1015-560x439.png 560w\" data-sizes=\"(max-width: 1100px) 100vw, 1100px\" src=\"data:image\/svg+xml;base64,PHN2ZyB3aWR0aD0iMSIgaGVpZ2h0PSIxIiB4bWxucz0iaHR0cDovL3d3dy53My5vcmcvMjAwMC9zdmciPjwvc3ZnPg==\" style=\"--smush-placeholder-width: 1100px; --smush-placeholder-aspect-ratio: 1100\/862;\" \/><\/p>\n<p>In questa situazione nella giovane infanzia, sono importanti soprattutto gli accurati controlli pediatrici dello sviluppo. Se si verificano anomalie neurologiche, \u00e8 indicata una pronta valutazione neuro-pediatrica. Fino a due terzi dei bambini con TS presentano mutazioni spontanee, quindi un&#8217;anamnesi familiare negativa non \u00e8 contraria a questa diagnosi.<\/p>\n<h2 id=\"segno-del-collare-per-capelli\">&#8220;Segno del collare per capelli&#8221;<\/h2>\n<p>L&#8217;aplasia cutis congenita \u00e8 un&#8217;aplasia congenita della pelle e delle strutture pi\u00f9 profonde. Le cause sono molteplici [15]. Se l&#8217;aplasia cutis \u00e8 presente vicino alla linea mediana del cranio, pu\u00f2 essere espressione di un disrafismo cranico occulto. Spesso, intorno ai capelli compare un&#8217;ipertricosi molto caratteristica di peli pi\u00f9 scuri e pi\u00f9 lunghi, simile alle isobare della mappa meteorologica <strong>(Fig.&nbsp;10)<\/strong>, chiamata &#8220;segno del collare&#8221;. In questa situazione, \u00e8 indicata la diagnostica per immagini mediante ecografia o meglio risonanza magnetica del cranio, soprattutto prima dell&#8217;intervento chirurgico [16].<\/p>\n<p><img decoding=\"async\" class=\"size-full wp-image-2488 lazyload\" alt=\"\" data-src=\"https:\/\/medizinonline.com\/wp-content\/uploads\/2013\/10\/abb10.jpg\" style=\"--smush-placeholder-width: 683px; --smush-placeholder-aspect-ratio: 683\/725;height:425px; width:400px\" width=\"683\" height=\"725\" src=\"data:image\/svg+xml;base64,PHN2ZyB3aWR0aD0iMSIgaGVpZ2h0PSIxIiB4bWxucz0iaHR0cDovL3d3dy53My5vcmcvMjAwMC9zdmciPjwvc3ZnPg==\"><\/p>\n<h2 id=\"porpora-nellinfanzia\">\nPorpora nell&#8217;infanzia<\/h2>\n<p>Dal completo benessere, il neonato della <strong>Figura 11<\/strong> ha sviluppato placche orticarioidi, in parte targetoidi, purpuriche sulle estremit\u00e0 e sul viso, compatibili con l&#8217;edema emorragico acuto dell&#8217;infanzia (AHEI), noto anche come porpora cocard di Seidlmayer. L&#8217;AHEI di solito si manifesta improvvisamente dopo precedenti infezioni virali &#8211; in genere tra i quattro mesi e i due anni di et\u00e0 &#8211; e guarisce nel giro di una o tre settimane senza conseguenze durature. Notevole \u00e8 l&#8217;apparente contraddizione tra manifestazioni cutanee evidenti, condizioni generali del bambino non compromesse e, di norma, assenza di ulteriori manifestazioni organiche. Se la presentazione \u00e8 tipica, la diagnosi pu\u00f2 essere fatta solo clinicamente e la biopsia pu\u00f2 essere omessa.<br \/>\nL&#8217;AHEI rappresenta un sottogruppo della Porpora Sch\u00f6nlein Hennoch (PSH) <strong>(Fig. 12)<\/strong>? Questa domanda continua ad essere controversa.<\/p>\n<p><img decoding=\"async\" class=\"size-full wp-image-2489 lazyload\" data-src=\"https:\/\/medizinonline.com\/wp-content\/uploads\/2013\/10\/abb11_12_s8.png-c48154_1017.png\" width=\"1100\" height=\"586\" data-srcset=\"https:\/\/medizinonline.com\/wp-content\/uploads\/2013\/10\/abb11_12_s8.png-c48154_1017.png 1100w, https:\/\/medizinonline.com\/wp-content\/uploads\/2013\/10\/abb11_12_s8.png-c48154_1017-800x426.png 800w, https:\/\/medizinonline.com\/wp-content\/uploads\/2013\/10\/abb11_12_s8.png-c48154_1017-120x64.png 120w, https:\/\/medizinonline.com\/wp-content\/uploads\/2013\/10\/abb11_12_s8.png-c48154_1017-90x48.png 90w, https:\/\/medizinonline.com\/wp-content\/uploads\/2013\/10\/abb11_12_s8.png-c48154_1017-320x170.png 320w, https:\/\/medizinonline.com\/wp-content\/uploads\/2013\/10\/abb11_12_s8.png-c48154_1017-560x298.png 560w\" data-sizes=\"(max-width: 1100px) 100vw, 1100px\" src=\"data:image\/svg+xml;base64,PHN2ZyB3aWR0aD0iMSIgaGVpZ2h0PSIxIiB4bWxucz0iaHR0cDovL3d3dy53My5vcmcvMjAwMC9zdmciPjwvc3ZnPg==\" style=\"--smush-placeholder-width: 1100px; --smush-placeholder-aspect-ratio: 1100\/586;\" \/><\/p>\n<p>A differenza dell&#8217;AHEI, il decorso della PSH \u00e8 caratterizzato principalmente dal possibile coinvolgimento degli organi (soprattutto reni, intestino e articolazioni). Nella PSH, spesso c&#8217;\u00e8 un dolore addominale colico, per cui si deve considerare ed escludere ecograficamente una possibile intussuscezione o un&#8217;emorragia intestinale. Anche in assenza di segni iniziali di nefrite PSH, il follow-up clinico (misurazione della pressione arteriosa e stato delle urine) \u00e8 indicato per almeno tre-sei mesi (una o due volte alla settimana per il primo mese, poi una volta al mese) [17]. Nei casi di condizioni generali ridotte, febbre elevata, segni di infiammazione marcatamente aumentati e parametri di coagulazione anormali, la diagnosi di PSH o AHEI deve sempre essere messa in dubbio e la diagnosi differenziale di porpora fulminante, pericolosa per la vita (nel contesto della sepsi meningococcica), deve essere esclusa.<\/p>\n<h2 id=\"conclusione\">Conclusione<\/h2>\n<p>In sintesi, speriamo di aver fornito ai lettori di questo articolo alcune informazioni interessanti e pratiche per la valutazione dei bambini con manifestazioni dermatologiche. Naturalmente, un articolo di questo tipo pu\u00f2 coprire solo una piccola selezione dei tanti segni e sintomi cutanei interessanti.<\/p>\n<p>&nbsp;<\/p>\n<h3 id=\"letteratura\">Letteratura:<\/h3>\n<ol>\n<li>Pride HB, et al: Journal of the American Academy of Dermatology 2013; 68(6): 885 e881-812; quiz 897-888.<\/li>\n<li>Weibel L, Spinas R: The New England journal of medicine 2012; 366(21): e32.<\/li>\n<li>Buyon JP, et al: Nature clinical practice Rheumatology 2009; 5(3): 139-148.<\/li>\n<li>Brown SJ, et al: Lupus eritematoso neonatale. In: Harper J, Oranje A, Prose N (eds.): Textbook of Pediatric Dermatology, 3a edizione, Vol. 1. Oxford: Blackwell Publishing 2011; p. 14.1-14.12.<\/li>\n<li>Weibel L: VASA Zeitschrift fur Gef\u00e4sskrankheiten 2011; 40(6): 439-447.<\/li>\n<li>Theiler M, et al: J Dtsch Dermatol Ges 2013; 11(5): 397-405.<\/li>\n<li>Metry D, et al: Pediatrics 2009; 124(5): 1447-1456.<\/li>\n<li>Boon LM: Malformazioni vascolari. In: Harper J, Oranje A, Prose N (eds.): Textbook of Pediatric Dermatology, 3a edizione. Oxford: Blackwell Publishing 2011; 12.11-12.24.<\/li>\n<li>Minkoff M: Monatschr Kinderheilkd 2012; 160: 958-966.<\/li>\n<li>Lewis-Jones S: Eruzione da pannolino. In: Lewis-Jones S (ed.): Dermatologia pediatrica, Oxford: Oxford University Press 2010; 192-199.<\/li>\n<li>Rubenstein M, Duvic M: International journal of dermatology 2006; 45(3): 251-256.<\/li>\n<li>Boyd KP, et al: J Am Acad Dermatol 2009; 61: 1-14.<\/li>\n<li>Raygada M, et al:Pediatr. Blood Cancer 2010; 54: 173-175.<\/li>\n<li>Vanderhooft SL, et al: J Pediatr 1996; 129(3): 355-361.<\/li>\n<li>Frieden F: J Am Acad Dermatol 1986; 14(4): 646-660.<\/li>\n<li>Stevens CA: Am J Med Genet A 2008; 146A(4): 484-487.<\/li>\n<li>Scheer HS, Weibel L: JAMA 2013; 309(20): 2159-2160.<\/li>\n<li>Hospach T, Klaus G: Porpora di Sch\u00f6nlein-Henoch. Linea guida del GKJ e del DGKJ, gennaio 2013, AWMF Online, <a href=\"http:\/\/www.awmf.org\/uploads\/tx_szleitlinien\/027-064l_S1_Purpura_Sch%C3%B6nlein_Henoch_2013-01.pdf\" target=\"_blank\" rel=\"noopener\">www.awmf.org\/uploads\/tx_szleitlinien\/027-064l_S1_Purpura_Sch\u00f6nlein_Henoch_2013-01.pdf<\/a><\/li>\n<\/ol>\n<p>PRATICA DERMATOLOGICA 2013; 23(5): 4-8<\/p>\n","protected":false},"excerpt":{"rendered":"<p>Oltre alle malattie infettive, i problemi della pelle sono uno dei motivi pi\u00f9 frequenti di consultazione negli studi dei pediatri e dei medici di base, e anche i dermatologi si&hellip;<\/p>\n","protected":false},"author":4,"featured_media":38084,"comment_status":"closed","ping_status":"","sticky":false,"template":"","format":"standard","meta":{"_acf_changed":false,"pmpro_default_level":"","cat_1_feature_home_top":false,"cat_2_editor_pick":false,"csco_eyebrow_text":"Manifestazioni cutanee nei bambini come marcatori di malattie sistemiche","footnotes":""},"category":[11343,11351,11519,11443,11550],"tags":[60078,32382,60034,19892,15880,29150,11907,21842,45241,33345,60042,20208,19890,60062,17241,14065,60037,60017,60007,60086,19369,60031,60049,39941,44028,35030,16635,14354,41434,60025,60055,35470,24631,60070],"powerkit_post_featured":[],"class_list":["post-346786","post","type-post","status-publish","format-standard","has-post-thumbnail","category-allergologia-e-immunologia-clinica","category-dermatologia-e-venereologia","category-formazione-continua","category-pediatria-it","category-rx-it","tag-ahei-it","tag-bambino","tag-bambino-it-3","tag-cutaneo","tag-eczema-atopico-it","tag-edema-it","tag-emangioma","tag-eritema-da-pannolino","tag-facce","tag-fessura","tag-fuoco-mermale","tag-infezione-it","tag-la-pelle","tag-lch-it","tag-linfadenopatia","tag-lupus-it","tag-macchie-rosse","tag-malattia-sistemica-it","tag-manifestazione-cutanea","tag-nefrite-psh","tag-neurofibromatosi","tag-occhi-di-procione","tag-oftalmologico","tag-papule","tag-placca","tag-porpora","tag-prevalenza","tag-prurigo-it","tag-segno-del-collare-per-capelli","tag-segno-delle-mani-nel-secchio","tag-sindrome-di-sturge-weber","tag-sudorazione","tag-tumore","tag-xantogranulomi-giovanili","pmpro-has-access"],"acf":[],"publishpress_future_action":{"enabled":false,"date":"2026-05-04 06:58:20","action":"change-status","newStatus":"draft","terms":[],"taxonomy":"category","extraData":[]},"publishpress_future_workflow_manual_trigger":{"enabledWorkflows":[]},"wpml_current_locale":"it_IT","wpml_translations":{"pt_PT":{"locale":"pt_PT","id":346810,"slug":"afiar-a-visao-para-sinais-cutaneos-importantes-de-doencas-sistemicas","post_title":"Afiar a vis\u00e3o para sinais cut\u00e2neos importantes de doen\u00e7as sist\u00e9micas","href":"https:\/\/medizinonline.com\/pt-pt\/afiar-a-visao-para-sinais-cutaneos-importantes-de-doencas-sistemicas\/"},"es_ES":{"locale":"es_ES","id":346826,"slug":"agudizar-la-vista-para-detectar-signos-cutaneos-importantes-de-enfermedades-sistemicas","post_title":"Agudizar la vista para detectar signos cut\u00e1neos importantes de enfermedades sist\u00e9micas","href":"https:\/\/medizinonline.com\/es\/agudizar-la-vista-para-detectar-signos-cutaneos-importantes-de-enfermedades-sistemicas\/"}},"_links":{"self":[{"href":"https:\/\/medizinonline.com\/it\/wp-json\/wp\/v2\/posts\/346786","targetHints":{"allow":["GET"]}}],"collection":[{"href":"https:\/\/medizinonline.com\/it\/wp-json\/wp\/v2\/posts"}],"about":[{"href":"https:\/\/medizinonline.com\/it\/wp-json\/wp\/v2\/types\/post"}],"author":[{"embeddable":true,"href":"https:\/\/medizinonline.com\/it\/wp-json\/wp\/v2\/users\/4"}],"replies":[{"embeddable":true,"href":"https:\/\/medizinonline.com\/it\/wp-json\/wp\/v2\/comments?post=346786"}],"version-history":[{"count":0,"href":"https:\/\/medizinonline.com\/it\/wp-json\/wp\/v2\/posts\/346786\/revisions"}],"wp:featuredmedia":[{"embeddable":true,"href":"https:\/\/medizinonline.com\/it\/wp-json\/wp\/v2\/media\/38084"}],"wp:attachment":[{"href":"https:\/\/medizinonline.com\/it\/wp-json\/wp\/v2\/media?parent=346786"}],"wp:term":[{"taxonomy":"category","embeddable":true,"href":"https:\/\/medizinonline.com\/it\/wp-json\/wp\/v2\/category?post=346786"},{"taxonomy":"post_tag","embeddable":true,"href":"https:\/\/medizinonline.com\/it\/wp-json\/wp\/v2\/tags?post=346786"},{"taxonomy":"powerkit_post_featured","embeddable":true,"href":"https:\/\/medizinonline.com\/it\/wp-json\/wp\/v2\/powerkit_post_featured?post=346786"}],"curies":[{"name":"wp","href":"https:\/\/api.w.org\/{rel}","templated":true}]}}