{"id":347011,"date":"2013-09-20T00:00:00","date_gmt":"2013-09-19T22:00:00","guid":{"rendered":"https:\/\/medizinonline.com\/le-fotodermatosi-in-sintesi\/"},"modified":"2013-09-20T00:00:00","modified_gmt":"2013-09-19T22:00:00","slug":"le-fotodermatosi-in-sintesi","status":"publish","type":"post","link":"https:\/\/medizinonline.com\/it\/le-fotodermatosi-in-sintesi\/","title":{"rendered":"Le fotodermatosi in sintesi"},"content":{"rendered":"<p><strong>I raggi UV sono coinvolti in molte malattie della pelle. Lo spettro va dal danno acuto nel senso di dermatite solare agli effetti cronici tardivi, come l&#8217;invecchiamento precoce della pelle o lo sviluppo del cancro della pelle. Ci\u00f2 che accomuna questi cambiamenti indotti dai raggi UV \u00e8 l&#8217;eccessiva esposizione acuta o cronica ai raggi UV. I principali fattori scatenanti sono le lunghezze d&#8217;onda medie della gamma UV-B tra 290 e 320 nm. Se le reazioni cutanee si verificano a causa dell&#8217;esposizione ai raggi UV in un contesto quotidiano, cio\u00e8 moderato, si parla di fotodermatosi in senso proprio.<\/strong><\/p>\n<p> <!--more--> <\/p>\n<p>La fotodermatosi \u00e8 spesso scatenata dai raggi UV-A nella gamma di lunghezze d&#8217;onda di 320-400 nm. A differenza dell&#8217;esposizione eccessiva ai raggi UV, che porta a cambiamenti in ognuno di noi a seconda del tipo di pelle, le fotodermatosi colpiscono solo le persone opportunamente predisposte. Si distingue tra fotodermatosi primarie dovute a un fotosensibilizzatore (esogeno) e fotodermatosi secondarie nel contesto di una causa endogena.<\/p>\n<h2 id=\"fotodermatosi-primarie-idiopatiche\">Fotodermatosi primarie idiopatiche<\/h2>\n<p>Per definizione, si parla di fotodermatosi primarie idiopatiche quando l&#8217;eziologia \u00e8 sconosciuta.<\/p>\n<p>L&#8217;<strong>orticaria solaris<\/strong> \u00e8 una malattia rara. Questa forma di orticaria pu\u00f2 essere scatenata dall&#8217;intero spettro UV fino alla luce visibile. Dopo l&#8217;esposizione, si formano dei sieri<strong>(Fig. 1<\/strong>) e, nel peggiore dei casi, l&#8217;esposizione di tutto il corpo pu\u00f2 portare a uno shock anafilattico. A causa dell&#8217;effetto solitamente insufficiente degli antistaminici sistemici, viene effettuata una terapia UV o una fotochemioterapia (PUVA).<\/p>\n<p><img fetchpriority=\"high\" decoding=\"async\" class=\" size-full wp-image-2240\" src=\"https:\/\/medizinonline.com\/wp-content\/uploads\/2013\/09\/aaa1.png-dca5bc_828.png\" width=\"1100\" height=\"486\" srcset=\"https:\/\/medizinonline.com\/wp-content\/uploads\/2013\/09\/aaa1.png-dca5bc_828.png 1100w, https:\/\/medizinonline.com\/wp-content\/uploads\/2013\/09\/aaa1.png-dca5bc_828-800x353.png 800w, https:\/\/medizinonline.com\/wp-content\/uploads\/2013\/09\/aaa1.png-dca5bc_828-120x53.png 120w, https:\/\/medizinonline.com\/wp-content\/uploads\/2013\/09\/aaa1.png-dca5bc_828-90x40.png 90w, https:\/\/medizinonline.com\/wp-content\/uploads\/2013\/09\/aaa1.png-dca5bc_828-320x141.png 320w, https:\/\/medizinonline.com\/wp-content\/uploads\/2013\/09\/aaa1.png-dca5bc_828-560x247.png 560w\" sizes=\"(max-width: 1100px) 100vw, 1100px\" \/><\/p>\n<p><em>Fig. 1: Orticaria solaris: Orticaria dopo la determinazione della soglia UV.<\/em><\/p>\n<p>La <strong>dermatosi polimorfa da luce<\/strong> (sin. &#8216;allergia al sole&#8217;, acne di Maiorca, eruzione polimorfa da luce) \u00e8 la fotodermatosi pi\u00f9 comune in Europa centrale. L&#8217;eziologia \u00e8 sconosciuta. Dopo l&#8217;esposizione al sole, si verificano alterazioni cutanee pruriginose, che possono variare in termini di florescenza primaria da macule a papulovescicole<strong>(Fig. 2<\/strong>) fino a urticae e placche o reazioni multiformi. La malattia deve il suo nome a questa circostanza.<\/p>\n<p><img decoding=\"async\" class=\"size-full wp-image-2241 lazyload\" data-src=\"https:\/\/medizinonline.com\/wp-content\/uploads\/2013\/09\/aaa2.png-e947eb_833.png\" width=\"639\" height=\"946\" data-srcset=\"https:\/\/medizinonline.com\/wp-content\/uploads\/2013\/09\/aaa2.png-e947eb_833.png 639w, https:\/\/medizinonline.com\/wp-content\/uploads\/2013\/09\/aaa2.png-e947eb_833-120x178.png 120w, https:\/\/medizinonline.com\/wp-content\/uploads\/2013\/09\/aaa2.png-e947eb_833-90x133.png 90w, https:\/\/medizinonline.com\/wp-content\/uploads\/2013\/09\/aaa2.png-e947eb_833-320x474.png 320w, https:\/\/medizinonline.com\/wp-content\/uploads\/2013\/09\/aaa2.png-e947eb_833-560x829.png 560w\" data-sizes=\"(max-width: 639px) 100vw, 639px\" src=\"data:image\/svg+xml;base64,PHN2ZyB3aWR0aD0iMSIgaGVpZ2h0PSIxIiB4bWxucz0iaHR0cDovL3d3dy53My5vcmcvMjAwMC9zdmciPjwvc3ZnPg==\" style=\"--smush-placeholder-width: 639px; --smush-placeholder-aspect-ratio: 639\/946;\" \/><\/p>\n<p><em>Fig. 2: Dermatosi chiara polimorfa<\/em><\/p>\n<p>&nbsp;<\/p>\n<p>Tuttavia, il singolo paziente di solito mostra un quadro monomorfico con lo sviluppo delle stesse efflorescenze pi\u00f9 volte con una nuova esposizione al sole. Altrimenti vengono colpite le aree protette dalla luce, mentre il viso, ad esempio, viene spesso lasciato fuori. Poche ore dopo l&#8217;esposizione ai raggi UV, compaiono cambiamenti pruriginosi sul petto, sulla parte superiore delle braccia, sul dorso delle mani, sulle cosce e forse sulle guance. Con l&#8217;astensione dai raggi UV, questi scompaiono nel giro di pochi giorni, senza lasciare alcuna alterazione cutanea residua.<br \/>\nOltre alla protezione dai raggi UV con un abbigliamento adeguato &#8211; le creme solari di solito non sono sufficienti &#8211; e all&#8217;abitudine graduale al sole, la terapia UV nel senso di &#8216;indurimento&#8217; in primavera o prima dei viaggi di vacanza pu\u00f2 essere utile per i pazienti fortemente sintomatici. Questo dovrebbe essere fatto con unit\u00e0 di irradiazione medica sotto il controllo dello specialista e non nel solarium. Se la dermatosi polimorfa chiara \u00e8 gi\u00e0 insorta, l&#8217;uso di antistaminici sistemici e di steroidi topici pu\u00f2 alleviare i sintomi e accelerare la remissione spontanea.<\/p>\n<p>Anche l&#8217;<strong>idroa vacciniforme <\/strong>\u00e8 molto rara ed \u00e8 caratterizzata dalla comparsa acuta di vescicole emorragiche sul viso <strong>(Fig. 3)<\/strong> e sulle mani, che guariscono con cicatrici. Nell&#8217;eziologia non chiara, il virus di Epstein-Barr viene discusso come possibile fattore scatenante.<\/p>\n<p><img decoding=\"async\" class=\"size-full wp-image-2242 lazyload\" data-src=\"https:\/\/medizinonline.com\/wp-content\/uploads\/2013\/09\/aaa3.png-d5b9b4_827.png\" width=\"639\" height=\"834\" data-srcset=\"https:\/\/medizinonline.com\/wp-content\/uploads\/2013\/09\/aaa3.png-d5b9b4_827.png 639w, https:\/\/medizinonline.com\/wp-content\/uploads\/2013\/09\/aaa3.png-d5b9b4_827-120x157.png 120w, https:\/\/medizinonline.com\/wp-content\/uploads\/2013\/09\/aaa3.png-d5b9b4_827-90x117.png 90w, https:\/\/medizinonline.com\/wp-content\/uploads\/2013\/09\/aaa3.png-d5b9b4_827-320x418.png 320w, https:\/\/medizinonline.com\/wp-content\/uploads\/2013\/09\/aaa3.png-d5b9b4_827-560x731.png 560w\" data-sizes=\"(max-width: 639px) 100vw, 639px\" src=\"data:image\/svg+xml;base64,PHN2ZyB3aWR0aD0iMSIgaGVpZ2h0PSIxIiB4bWxucz0iaHR0cDovL3d3dy53My5vcmcvMjAwMC9zdmciPjwvc3ZnPg==\" style=\"--smush-placeholder-width: 639px; --smush-placeholder-aspect-ratio: 639\/834;\" \/><\/p>\n<p><em>Fig. 3: Idroa vacciniforme: erosioni cicatrizzanti come condizione residua dopo le vescicole martoriate.<\/em><\/p>\n<p>&nbsp;<\/p>\n<p>Il <strong>prurigo attinico<\/strong> \u00e8 pi\u00f9 frequentemente osservato come variante familiare nei pazienti di origine indigena in America ed \u00e8 una rarit\u00e0 in Europa. Nelle aree cronicamente esposte al sole, si verificano cambiamenti cutanei pruritici che difficilmente rispondono alle terapie topiche o sistemiche, ad eccezione della talidomide.<br \/>\nIl termine<strong> dermatite attinica cronica<\/strong> copre termini pi\u00f9 vecchi come reazione alla luce persistente, reticoloide attinico ed eczema fotosensibile. Il quadro clinico corrisponde a un eczema lichenificato cronico nelle aree esposte alla luce. Sono colpiti soprattutto il viso e il dorso delle mani. Oltre a una rigorosa profilassi dell&#8217;esposizione, si ricorre alla terapia PUVA o agli immunosoppressori (glucocorticoidi sistemici, azatioprina, ciclosporina-A), a seconda della gravit\u00e0.<\/p>\n<h2 id=\"fotosensibilita-con-coinvolgimento-di-un-fattore-scatenante-esogeno\">Fotosensibilit\u00e0 con coinvolgimento di un fattore scatenante esogeno<\/h2>\n<p>L&#8217;eritema acuto orticarioide con vesciche e successiva iperpigmentazione in una distribuzione bizzarra, spesso striata, corrispondente al contatto con parti di piante, dovrebbe suggerire la diagnosi di <strong>fitofotodermatite<\/strong> <strong>(Fig. 4)<\/strong>.<\/p>\n<p><img decoding=\"async\" class=\"size-full wp-image-2243 lazyload\" data-src=\"https:\/\/medizinonline.com\/wp-content\/uploads\/2013\/09\/aaa4.png-e65adc_832.png\" width=\"639\" height=\"834\" data-srcset=\"https:\/\/medizinonline.com\/wp-content\/uploads\/2013\/09\/aaa4.png-e65adc_832.png 639w, https:\/\/medizinonline.com\/wp-content\/uploads\/2013\/09\/aaa4.png-e65adc_832-120x157.png 120w, https:\/\/medizinonline.com\/wp-content\/uploads\/2013\/09\/aaa4.png-e65adc_832-90x117.png 90w, https:\/\/medizinonline.com\/wp-content\/uploads\/2013\/09\/aaa4.png-e65adc_832-320x418.png 320w, https:\/\/medizinonline.com\/wp-content\/uploads\/2013\/09\/aaa4.png-e65adc_832-560x731.png 560w\" data-sizes=\"(max-width: 639px) 100vw, 639px\" src=\"data:image\/svg+xml;base64,PHN2ZyB3aWR0aD0iMSIgaGVpZ2h0PSIxIiB4bWxucz0iaHR0cDovL3d3dy53My5vcmcvMjAwMC9zdmciPjwvc3ZnPg==\" style=\"--smush-placeholder-width: 639px; --smush-placeholder-aspect-ratio: 639\/834;\" \/><\/p>\n<p><em>Fig. 4: Fitofotodermatite<\/em><\/p>\n<p>&nbsp;<\/p>\n<p>La pianta come fattore scatenante non \u00e8 evidente ai pazienti, in quanto si verifica uno sviluppo ritardato dei cambiamenti cutanei, con un massimo dopo 72 ore. Le dosi di UV (soprattutto UV-A) necessarie per innescare una reazione fotossica vengono raggiunte anche in presenza di una fitta copertura nuvolosa. I trigger sono piante contenenti furanocumarine, per cui le furanocumarine agiscono come fotosensibilizzatori. Oltre alle piante ornamentali, anche le parti di piante di alimenti come sedano, pastinaca o agrumi sono possibili fattori scatenanti.<\/p>\n<p>Un quadro clinico simile pu\u00f2 essere presente anche nella cosiddetta <strong>dermatite di Berloque<\/strong>, che per\u00f2 non \u00e8 causata da piante, ma da profumi o cosmetici profumati. I fattori scatenanti sono ancora una volta di origine vegetale, in quanto si tratta di oli essenziali, spesso di bergamotto, che contengono furanocumarine. Il trattamento delle reazioni fototossiche nella fase acuta \u00e8 con glucocorticoidi topici di classe farmacologica 3 o 4 in una base a bassa occlusione, come una crema o una lozione.<\/p>\n<p>Le vesciche grandi richiedono un trattamento come per le ustioni di 2\u00b0 grado. L&#8217;applicazione locale di corticosteroidi, eventualmente in combinazione con antisettici, oltre la fase di guarigione acuta, \u00e8 importante per prevenire il successivo spostamento del pigmento. Se \u00e8 presente un&#8217;iperpigmentazione, \u00e8 indicata una protezione solare costante con creme solari non profumate. Lo schiarimento pu\u00f2 essere assistito con acido azelaico, acido vitaminico A topico o idrochinone al 5% con idrocortisone all&#8217;1%, tenendo conto del rischio di una nuova irritazione infiammatoria con un ulteriore spostamento del pigmento.<\/p>\n<p>Anche le <strong>reazioni ai farmaci<\/strong> fototossici appartengono alle <strong>reazioni fototossiche<\/strong>, ma il quadro clinico in questo caso non \u00e8 caratterizzato da vesciche e segni di abrasione, bens\u00ec da esantema nella distribuzione esposta alla luce <strong>(Fig. 5)<\/strong>.<\/p>\n<p><img decoding=\"async\" class=\"size-full wp-image-2244 lazyload\" data-src=\"https:\/\/medizinonline.com\/wp-content\/uploads\/2013\/09\/aaa5.png-e26ff4_829.png\" width=\"638\" height=\"834\" data-srcset=\"https:\/\/medizinonline.com\/wp-content\/uploads\/2013\/09\/aaa5.png-e26ff4_829.png 638w, https:\/\/medizinonline.com\/wp-content\/uploads\/2013\/09\/aaa5.png-e26ff4_829-120x157.png 120w, https:\/\/medizinonline.com\/wp-content\/uploads\/2013\/09\/aaa5.png-e26ff4_829-90x118.png 90w, https:\/\/medizinonline.com\/wp-content\/uploads\/2013\/09\/aaa5.png-e26ff4_829-320x418.png 320w, https:\/\/medizinonline.com\/wp-content\/uploads\/2013\/09\/aaa5.png-e26ff4_829-560x732.png 560w\" data-sizes=\"(max-width: 638px) 100vw, 638px\" src=\"data:image\/svg+xml;base64,PHN2ZyB3aWR0aD0iMSIgaGVpZ2h0PSIxIiB4bWxucz0iaHR0cDovL3d3dy53My5vcmcvMjAwMC9zdmciPjwvc3ZnPg==\" style=\"--smush-placeholder-width: 638px; --smush-placeholder-aspect-ratio: 638\/834;\" \/><\/p>\n<p><em>Fig. 5: Reazione fototossica alla torasemide<\/em><\/p>\n<p>&nbsp;<\/p>\n<p>Le alterazioni cutanee vanno da quadri orticarioidi a reazioni simili a scottature solari fino a esantemi vescicolari. I fattori scatenanti pi\u00f9 comuni sono riassunti nella <strong>Tabella 2<\/strong>.<\/p>\n<p><img decoding=\"async\" class=\"size-full wp-image-2245 lazyload\" data-src=\"https:\/\/medizinonline.com\/wp-content\/uploads\/2013\/09\/aaa7.jpg-e4abdf_830.jpg\" width=\"638\" height=\"1245\" data-srcset=\"https:\/\/medizinonline.com\/wp-content\/uploads\/2013\/09\/aaa7.jpg-e4abdf_830.jpg 638w, https:\/\/medizinonline.com\/wp-content\/uploads\/2013\/09\/aaa7.jpg-e4abdf_830-120x234.jpg 120w, https:\/\/medizinonline.com\/wp-content\/uploads\/2013\/09\/aaa7.jpg-e4abdf_830-90x176.jpg 90w, https:\/\/medizinonline.com\/wp-content\/uploads\/2013\/09\/aaa7.jpg-e4abdf_830-320x624.jpg 320w, https:\/\/medizinonline.com\/wp-content\/uploads\/2013\/09\/aaa7.jpg-e4abdf_830-560x1093.jpg 560w\" data-sizes=\"(max-width: 638px) 100vw, 638px\" src=\"data:image\/svg+xml;base64,PHN2ZyB3aWR0aD0iMSIgaGVpZ2h0PSIxIiB4bWxucz0iaHR0cDovL3d3dy53My5vcmcvMjAwMC9zdmciPjwvc3ZnPg==\" style=\"--smush-placeholder-width: 638px; --smush-placeholder-aspect-ratio: 638\/1245;\" \/><\/p>\n<p>&nbsp;<\/p>\n<p>Se non si tratta di un fotosensibilizzatore obbligatorio, ma di una sensibilizzazione individuale, si parla di dermatite fotoallergica da contatto o di dermatite fotoallergica sistemica.<\/p>\n<h2 id=\"fotodermatosi-secondarie-con-causa-endogena\">Fotodermatosi secondarie&nbsp;con causa endogena<\/h2>\n<p>Le fotodermatosi secondarie vanno dai difetti di riparazione del DNA geneticamente determinati (xeroderma pigmentosum) alle malattie metaboliche come le porfirie, fino alla fotosensibilit\u00e0 nelle collagenosi come il lupus eritematoso o la dermatomiosite <strong>(Fig. 6)<\/strong>.<\/p>\n<p><img decoding=\"async\" class=\"size-full wp-image-2246 lazyload\" data-src=\"https:\/\/medizinonline.com\/wp-content\/uploads\/2013\/09\/aaa6.png-e5aec0_831.png\" width=\"1100\" height=\"755\" data-srcset=\"https:\/\/medizinonline.com\/wp-content\/uploads\/2013\/09\/aaa6.png-e5aec0_831.png 1100w, https:\/\/medizinonline.com\/wp-content\/uploads\/2013\/09\/aaa6.png-e5aec0_831-800x549.png 800w, https:\/\/medizinonline.com\/wp-content\/uploads\/2013\/09\/aaa6.png-e5aec0_831-120x82.png 120w, https:\/\/medizinonline.com\/wp-content\/uploads\/2013\/09\/aaa6.png-e5aec0_831-90x62.png 90w, https:\/\/medizinonline.com\/wp-content\/uploads\/2013\/09\/aaa6.png-e5aec0_831-320x220.png 320w, https:\/\/medizinonline.com\/wp-content\/uploads\/2013\/09\/aaa6.png-e5aec0_831-560x384.png 560w\" data-sizes=\"(max-width: 1100px) 100vw, 1100px\" src=\"data:image\/svg+xml;base64,PHN2ZyB3aWR0aD0iMSIgaGVpZ2h0PSIxIiB4bWxucz0iaHR0cDovL3d3dy53My5vcmcvMjAwMC9zdmciPjwvc3ZnPg==\" style=\"--smush-placeholder-width: 1100px; --smush-placeholder-aspect-ratio: 1100\/755;\" \/><\/p>\n<p><em>Fig. 6: Eritema eliotropico nella dermatomiosite<\/em><\/p>\n<h2 id=\"\">&nbsp;<\/h2>\n<h2 id=\"diagnostica\">Diagnostica<\/h2>\n<p>Nella diagnosi delle fotodermatosi, l&#8217;anamnesi e, ad esempio nel caso della fitofotodermatite, la clinica tipica sono decisive. Ulteriori test con la determinazione della soglia UV, il foto patch test ed eventualmente la fotoprovocazione, ove indicato, possono essere eseguiti in centri specializzati (di solito istituti dermatologici).<\/p>\n<p>\nUlteriori letture:<\/p>\n<ol>\n<li>Lehmann P: Diagnostica delle fotodermatosi. J Dtsch Dermatol Ges 2006; 4: 965-975.<\/li>\n<li>Bylaite M, Grigaitiene J, Lapinskaite GS: Fotodermatosi: classificazione, valutazione e gestione. Br J Dermatol 2009; 161 Suppl 3: 61-68.<\/li>\n<li>Lehmann P, Schwarz T: Fotodermatosi: diagnosi e trattamento. Dtsch Arztebl Int 2011; 108: 135-141.<\/li>\n<li>Chantorn R, Lim HW, Shwayder TA: Disturbi da fotosensibilit\u00e0 nei bambini: parte&nbsp; I. J Am Acad Dermatol 2012; 67: 1093.e1-18.<\/li>\n<li>Chantorn R, Lim HW, Shwayder TA: Disturbi da fotosensibilit\u00e0 nei bambini: parte II. J Am Acad Dermatol 2012; 67: 1113.e1-15.<\/li>\n<\/ol>\n","protected":false},"excerpt":{"rendered":"<p>I raggi UV sono coinvolti in molte malattie della pelle. Lo spettro va dal danno acuto nel senso di dermatite solare agli effetti cronici tardivi, come l&#8217;invecchiamento precoce della pelle&hellip;<\/p>\n","protected":false},"author":4,"featured_media":36617,"comment_status":"closed","ping_status":"","sticky":false,"template":"","format":"standard","meta":{"_acf_changed":false,"pmpro_default_level":"","cat_1_feature_home_top":false,"cat_2_editor_pick":false,"csco_eyebrow_text":"Dal prurigo attinico all'orticaria solaris","footnotes":""},"category":[11351,11519,11376,11550],"tags":[12378,20267,11620,60883,45917,60891,60888,60885,25159,19890,60881,60879,49867,53885,53883],"powerkit_post_featured":[],"class_list":["post-347011","post","type-post","status-publish","format-standard","has-post-thumbnail","category-dermatologia-e-venereologia","category-formazione-continua","category-oncologia-it","category-rx-it","tag-cancro-della-pelle","tag-cronico","tag-dermatite","tag-dermatosi-polimorfa-chiara","tag-esposizione-ai-raggi-uv-it","tag-fotoallergico","tag-fotodermatosi","tag-idroa-vacciniforme","tag-invecchiamento-della-pelle","tag-la-pelle","tag-orticaria-solaris","tag-prurigo-attinico","tag-radiazione-uv","tag-uv-a-it","tag-uv-b-it","pmpro-has-access"],"acf":[],"publishpress_future_action":{"enabled":false,"date":"2026-05-08 04:35:57","action":"change-status","newStatus":"draft","terms":[],"taxonomy":"category","extraData":[]},"publishpress_future_workflow_manual_trigger":{"enabledWorkflows":[]},"wpml_current_locale":"it_IT","wpml_translations":{"pt_PT":{"locale":"pt_PT","id":347014,"slug":"fotodermatoses-num-relance","post_title":"Fotodermatoses num relance","href":"https:\/\/medizinonline.com\/pt-pt\/fotodermatoses-num-relance\/"},"es_ES":{"locale":"es_ES","id":347016,"slug":"las-fotodermatosis-de-un-vistazo","post_title":"Las fotodermatosis de un vistazo","href":"https:\/\/medizinonline.com\/es\/las-fotodermatosis-de-un-vistazo\/"}},"_links":{"self":[{"href":"https:\/\/medizinonline.com\/it\/wp-json\/wp\/v2\/posts\/347011","targetHints":{"allow":["GET"]}}],"collection":[{"href":"https:\/\/medizinonline.com\/it\/wp-json\/wp\/v2\/posts"}],"about":[{"href":"https:\/\/medizinonline.com\/it\/wp-json\/wp\/v2\/types\/post"}],"author":[{"embeddable":true,"href":"https:\/\/medizinonline.com\/it\/wp-json\/wp\/v2\/users\/4"}],"replies":[{"embeddable":true,"href":"https:\/\/medizinonline.com\/it\/wp-json\/wp\/v2\/comments?post=347011"}],"version-history":[{"count":0,"href":"https:\/\/medizinonline.com\/it\/wp-json\/wp\/v2\/posts\/347011\/revisions"}],"wp:featuredmedia":[{"embeddable":true,"href":"https:\/\/medizinonline.com\/it\/wp-json\/wp\/v2\/media\/36617"}],"wp:attachment":[{"href":"https:\/\/medizinonline.com\/it\/wp-json\/wp\/v2\/media?parent=347011"}],"wp:term":[{"taxonomy":"category","embeddable":true,"href":"https:\/\/medizinonline.com\/it\/wp-json\/wp\/v2\/category?post=347011"},{"taxonomy":"post_tag","embeddable":true,"href":"https:\/\/medizinonline.com\/it\/wp-json\/wp\/v2\/tags?post=347011"},{"taxonomy":"powerkit_post_featured","embeddable":true,"href":"https:\/\/medizinonline.com\/it\/wp-json\/wp\/v2\/powerkit_post_featured?post=347011"}],"curies":[{"name":"wp","href":"https:\/\/api.w.org\/{rel}","templated":true}]}}