{"id":347355,"date":"2013-09-19T00:00:00","date_gmt":"2013-09-18T22:00:00","guid":{"rendered":"https:\/\/medizinonline.com\/formazione-per-i-pazienti-con-malattie-croniche-della-pelle\/"},"modified":"2013-09-19T00:00:00","modified_gmt":"2013-09-18T22:00:00","slug":"formazione-per-i-pazienti-con-malattie-croniche-della-pelle","status":"publish","type":"post","link":"https:\/\/medizinonline.com\/it\/formazione-per-i-pazienti-con-malattie-croniche-della-pelle\/","title":{"rendered":"Formazione per i pazienti con malattie croniche della pelle"},"content":{"rendered":"<p><strong>Il reparto universitario di Dermatologia dell&#8217;Inselspital funge da centro terziario nell&#8217;assistenza ai pazienti e offre una serie di consulenze specialistiche, interventi chirurgici, dermatologia estetica e cosmetica ed esami di dermatopatologia. L&#8217;attenzione \u00e8 rivolta all&#8217;assistenza completa e qualificata del paziente. Nel seguente articolo, vengono presentati i corsi di formazione per i pazienti, che vengono offerti a Berna come servizio speciale e sono unici in questa forma a livello nazionale.<\/strong><\/p>\n<p> <!--more--> <\/p>\n<p>I nostri corsi di educazione al paziente hanno gi\u00e0 una certa tradizione e vengono costantemente ampliati. La formazione per i pazienti con malattie croniche della pelle \u00e8 parte integrante della nostra assistenza ai pazienti e viene offerta regolarmente ai pazienti con eczema atopico dal 2001 e ai pazienti con psoriasi dal 2005. Utilizziamo le sinergie dell&#8217;Inselspital per la progettazione e la realizzazione di questi corsi interdisciplinari. Oltre ai dermatologi e agli allergologi, partecipano al programma anche uno psicologo del Dipartimento di Psicosomatica, un fisioterapista responsabile della formazione al rilassamento, un nutrizionista qualificato e un&#8217;infermiera qualificata. Inoltre, abbiamo introdotto una formazione per i pazienti con eczema delle mani (2010) e per i pazienti affetti da neurodermite per una guida pratica al trattamento (2013).<\/p>\n<h2 id=\"motivazioni-per-leducazione-del-paziente-su\">Motivazioni per l&#8217;educazione del paziente su&nbsp;<\/h2>\n<p>Le malattie infiammatorie croniche della pelle non sono certamente pericolose per la vita, ma comportano un grave onere a lungo termine per le persone colpite a causa dei sintomi cutanei, delle disfunzioni cutanee, delle prestazioni compromesse e delle malattie associate, a causa delle costose misure terapeutiche, dell&#8217;incertezza sulla risposta ai trattamenti e sull&#8217;ulteriore decorso, nonch\u00e9 a causa degli effetti della malattia sull&#8217;ambiente sociale e professionale. Durante le visite ambulatoriali, anche nei nostri consulti specializzati per i pazienti con eczema atopico, eczema delle mani o psoriasi, non sempre c&#8217;\u00e8 il tempo e l&#8217;opportunit\u00e0 di affrontare e discutere tutti questi problemi. Siamo consapevoli che molti pazienti affetti da patologie croniche non si rivolgono solo agli specialisti, ma chiedono anche consigli ai media, ai parenti, agli amici e ai vicini di casa e ricorrono a metodi di cura alternativi. Gli studi degli ultimi anni hanno dimostrato che la qualit\u00e0 di vita dei pazienti con eczema atopico, eczema delle mani e psoriasi \u00e8 significativamente ridotta.<\/p>\n<h2 id=\"fornisce-approfondimenti-sulla-patogenesi-e-sulle-opzioni-di-trattamento\">Fornisce approfondimenti sulla patogenesi e sulle opzioni di trattamento.<\/h2>\n<p>Con l&#8217;obiettivo di sviluppare una migliore comprensione del decorso della malattia e del suo trattamento, vengono preparate conoscenze mediche sulla pelle e sulla sua funzione di barriera, nonch\u00e9 sui quadri clinici dell&#8217;eczema atopico, dell&#8217;eczema delle mani e della psoriasi, adattate al livello del rispettivo gruppo di pazienti e insegnate in corsi o individualmente. L&#8217;interesse per questo \u00e8 straordinariamente alto tra i pazienti.<\/p>\n<p>L&#8217;<strong> eczema atopico<\/strong> (AE) si manifesta spesso nell&#8217;infanzia o nella fanciullezza. L&#8217;incidenza \u00e8 aumentata costantemente negli ultimi decenni; l&#8217;incidenza cumulativa \u00e8 di circa il 20% nei bambini in et\u00e0 scolare, di cui si prevede che il 40-60% persista in et\u00e0 adulta. L&#8217;AE si basa su una disposizione genetica. L&#8217;AE \u00e8 la manifestazione cutanea dell&#8217;atopia; l&#8217;80% dei pazienti con AE presenta anticorpi IgE contro gli allergeni ambientali. Gli episodi acuti della malattia sono caratterizzati da una riacutizzazione di lesioni eritematose, edematose, infiltrate, lacrimose e crostose e da un prurito estremo. I focolai cronici mostrano, oltre all&#8217;eritema, lichenificazione della pelle, desquamazione e ragadi, nonch\u00e9 escoriazioni da grattamento. Negli ultimi anni, sono stati scoperti meccanismi patogenetici essenziali che spiegano la connessione tra la funzione barriera disturbata della pelle, l&#8217;influenza dei fattori ambientali e la risposta infiammatoria:<\/p>\n<ol>\n<li>Le cellule dendritiche epidermiche esprimono il recettore IgE ad alta affinit\u00e0 e possono quindi assorbire gli allergeni invasori.<\/li>\n<li>La funzione della filaggrina e di altre proteine cruciali per la struttura pu\u00f2 essere ridotta da mutazioni genetiche e dall&#8217;influenza delle citochine T-helper-2 proinfiammatorie, con il risultato di una barriera cutanea disturbata.<\/li>\n<li>Un deficit di peptidi antimicrobici favorisce la colonizzazione della pelle con batteri, funghi e virus.<\/li>\n<li>Le tossine stafilococciche possono scatenare o aumentare l&#8217;infiammazione attraverso la loro azione come superantigeni e l&#8217;induzione delle IgE.<\/li>\n<\/ol>\n<p>La terapia dell&#8217;eczema atopico \u00e8 finalizzata all&#8217;inibizione dell&#8217;infiammazione (corticosteroidi, inibitori della calcineurina), al reflusso, alla riduzione della colonizzazione microbica, alla riduzione del prurito e all&#8217;evitamento dei fattori scatenanti, che possono variare notevolmente da individuo a individuo e si basano sulla condizione attuale della pelle. Ci\u00f2 la rende molto complessa e pone al paziente esigenze elevate in termini di uso corretto, tempo e prevenzione di nuovi episodi della malattia.<\/p>\n<p>L&#8217;<strong>eczema delle mani<\/strong> provoca una notevole compromissione della funzione delle mani, che porta a limitazioni sul lavoro e nell&#8217;ambiente personale ed \u00e8 associato a stress psicologico. Sono causalmente innescate da influenze ambientali basate su tratti genetici, motivo per cui identificare ed evitare i fattori scatenanti \u00e8 una parte cruciale della terapia. Dal punto di vista patogenetico, si possono distinguere l&#8217;eczema da contatto irritante e allergico e l&#8217;eczema atopico delle mani. Nella pratica clinica, tuttavia, di solito si osservano tipi combinati. L&#8217;eczema delle mani \u00e8 comune, con una prevalenza di un anno del 6-10%. Causano elevati costi diretti e indiretti per il paziente, il suo datore di lavoro e l&#8217;assicurazione, tra gli altri, a causa dell&#8217;assenza dal lavoro dovuta alla malattia. Spesso sono legati al lavoro. L&#8217;eczema delle mani tende a diventare cronico, soprattutto con una diagnosi ritardata e un uso ritardato di misure terapeutiche efficaci. Il loro trattamento deve comprendere la cura e la protezione della pelle, oltre a una terapia locale o sistemica specifica.<\/p>\n<p>La <strong>psoriasi<\/strong> colpisce l&#8217;1-3% della popolazione, con un picco nella seconda e terza decade di vita. La psoriasi cronica a placche con la comparsa di focolai eritemato-squamosi nettamente demarcati nei siti di predilezione, come i lati estensori delle estremit\u00e0, il capillizio e il tronco, \u00e8 la forma pi\u00f9 frequente di manifestazione. L&#8217;artrite psoriasica \u00e8 una forma particolare della malattia. Recentemente, \u00e8 stata dimostrata l&#8217;associazione tra psoriasi e sindrome metabolica. Si ritiene che la psoriasi abbia un&#8217;eredit\u00e0 multifattoriale, con il fenotipo determinato dalle interazioni della base genetica e dei fattori ambientali. La psoriasi \u00e8 associata a un&#8217;estrema proliferazione dei cheratinociti e alla desquamazione; istologicamente, si pu\u00f2 osservare anche una proliferazione vascolare e un denso infiltrato infiammatorio. La psoriasi \u00e8 considerata una malattia dei T helper 1, caratterizzata dall&#8217;espressione di IFN-\u03b3 e TNF-\u03b1, sotto l&#8217;influenza di IL-12 e IL-23. Il modo in cui avviene l&#8217;attivazione delle cellule T non \u00e8 ancora chiaro; ci sono prove di una stimolazione del sistema immunitario sia innato che adattativo. L&#8217;infiammazione cronica di tipo T helper 1 \u00e8 considerata la causa dell&#8217;aumento del rischio di aterosclerosi nei pazienti con psoriasi, indipendentemente da altri fattori di rischio. La terapia dipende dalla gravit\u00e0 della malattia, dalle comorbidit\u00e0 e dal livello di sofferenza del paziente. In molti casi, il trattamento topico (corticosteroidi, analoghi della vitamina D) e\/o l&#8217;irradiazione UV sono sufficienti. Per la terapia sistemica sono disponibili metotrexato, retinoidi e ciclosporina. Negli ultimi anni, si \u00e8 affermato l&#8217;uso di biologici che inibiscono l&#8217;attivazione delle cellule T (alefacept, efalizumab) o sono antagonisti del TNF-\u03b1 (infliximab, adalimumab, etanercept).<\/p>\n<p><img fetchpriority=\"high\" decoding=\"async\" class=\" size-full wp-image-1826\" src=\"https:\/\/medizinonline.com\/wp-content\/uploads\/2013\/09\/u2.png-820ab6_647.png\" width=\"1004\" height=\"662\" srcset=\"https:\/\/medizinonline.com\/wp-content\/uploads\/2013\/09\/u2.png-820ab6_647.png 1004w, https:\/\/medizinonline.com\/wp-content\/uploads\/2013\/09\/u2.png-820ab6_647-800x527.png 800w, https:\/\/medizinonline.com\/wp-content\/uploads\/2013\/09\/u2.png-820ab6_647-120x79.png 120w, https:\/\/medizinonline.com\/wp-content\/uploads\/2013\/09\/u2.png-820ab6_647-90x59.png 90w, https:\/\/medizinonline.com\/wp-content\/uploads\/2013\/09\/u2.png-820ab6_647-320x211.png 320w, https:\/\/medizinonline.com\/wp-content\/uploads\/2013\/09\/u2.png-820ab6_647-560x369.png 560w\" sizes=\"(max-width: 1004px) 100vw, 1004px\" \/><\/p>\n<p><em>Fig.1: Istruzione sulla cura della pelle ber der Formazione sull&#8217;eczema della mano<\/em><\/p>\n<p><img decoding=\"async\" class=\"size-full wp-image-1827 lazyload\" data-src=\"https:\/\/medizinonline.com\/wp-content\/uploads\/2013\/09\/u3.png-af0ffb_648.png\" width=\"992\" height=\"662\" data-srcset=\"https:\/\/medizinonline.com\/wp-content\/uploads\/2013\/09\/u3.png-af0ffb_648.png 992w, https:\/\/medizinonline.com\/wp-content\/uploads\/2013\/09\/u3.png-af0ffb_648-800x534.png 800w, https:\/\/medizinonline.com\/wp-content\/uploads\/2013\/09\/u3.png-af0ffb_648-120x80.png 120w, https:\/\/medizinonline.com\/wp-content\/uploads\/2013\/09\/u3.png-af0ffb_648-90x60.png 90w, https:\/\/medizinonline.com\/wp-content\/uploads\/2013\/09\/u3.png-af0ffb_648-320x214.png 320w, https:\/\/medizinonline.com\/wp-content\/uploads\/2013\/09\/u3.png-af0ffb_648-560x374.png 560w\" data-sizes=\"(max-width: 992px) 100vw, 992px\" src=\"data:image\/svg+xml;base64,PHN2ZyB3aWR0aD0iMSIgaGVpZ2h0PSIxIiB4bWxucz0iaHR0cDovL3d3dy53My5vcmcvMjAwMC9zdmciPjwvc3ZnPg==\" style=\"--smush-placeholder-width: 992px; --smush-placeholder-aspect-ratio: 992\/662;\" \/><\/p>\n<p><em>Fig. 2: Suggerimenti sulle misure di protezione della pelle durante la formazione sull&#8217;eczema delle mani<\/em><\/p>\n<h2 id=\"autogestione-nella-vita-quotidiana\">Autogestione nella vita quotidiana<\/h2>\n<p>La formazione dovrebbe consentire ai pazienti di affrontare meglio la malattia della pelle e i problemi che ne derivano <strong>(tab.&nbsp;1).<\/strong> Una migliore conoscenza teorica della malattia, delle comorbidit\u00e0 e delle opzioni terapeutiche dovrebbe aumentare l&#8217;autoefficacia dei pazienti e promuovere la motivazione alla terapia. I pazienti devono essere messi in grado di gestire autonomamente la loro malattia in una certa misura, ad esempio adattando la terapia alla condizione attuale della pelle o riconoscendo e prevenendo i fattori scatenanti e assumendo una responsabilit\u00e0 personale. L&#8217;applicazione corretta delle misure terapeutiche dermatologiche e della protezione della pelle viene dimostrata in modo pratico. Si deve tenere conto delle esigenze e degli stress individuali, ad esempio dovuti alle attivit\u00e0 professionali. Una gestione adeguata della malattia significa anche prevenire gli effetti tardivi psicosociali negativi.<br \/>\nIn termini di politica sanitaria, l&#8217;educazione del paziente serve a ottimizzare l&#8217;uso del sistema sanitario e ha un potenziale beneficio economico attraverso la riduzione dei costi o l&#8217;evitamento dell&#8217;assenteismo.<\/p>\n<p><img decoding=\"async\" class=\"size-full wp-image-1828 lazyload\" data-src=\"https:\/\/medizinonline.com\/wp-content\/uploads\/2013\/09\/u2.jpg-75540e_646.jpg\" width=\"1100\" height=\"985\" data-srcset=\"https:\/\/medizinonline.com\/wp-content\/uploads\/2013\/09\/u2.jpg-75540e_646.jpg 1100w, https:\/\/medizinonline.com\/wp-content\/uploads\/2013\/09\/u2.jpg-75540e_646-800x716.jpg 800w, https:\/\/medizinonline.com\/wp-content\/uploads\/2013\/09\/u2.jpg-75540e_646-120x107.jpg 120w, https:\/\/medizinonline.com\/wp-content\/uploads\/2013\/09\/u2.jpg-75540e_646-90x81.jpg 90w, https:\/\/medizinonline.com\/wp-content\/uploads\/2013\/09\/u2.jpg-75540e_646-320x287.jpg 320w, https:\/\/medizinonline.com\/wp-content\/uploads\/2013\/09\/u2.jpg-75540e_646-560x501.jpg 560w\" data-sizes=\"(max-width: 1100px) 100vw, 1100px\" src=\"data:image\/svg+xml;base64,PHN2ZyB3aWR0aD0iMSIgaGVpZ2h0PSIxIiB4bWxucz0iaHR0cDovL3d3dy53My5vcmcvMjAwMC9zdmciPjwvc3ZnPg==\" style=\"--smush-placeholder-width: 1100px; --smush-placeholder-aspect-ratio: 1100\/985;\" \/><\/p>\n<h2 id=\"aspetti-psicologici\">Aspetti psicologici<\/h2>\n<p>Gli stress legati alla malattia, insieme ai fattori di stress acuti e cronici dell&#8217;ambiente individuale, hanno un&#8217;influenza sul decorso della malattia. Il modello completo vulnerabilit\u00e0-stress presuppone che lo stress emotivo influenzi lo sviluppo o il decorso delle malattie se \u00e8 presente una disposizione geneticamente ancorata. Pertanto, lo stress \u00e8 un argomento importante nella formazione sulla gestione della malattia. Viene insegnato che lo stress pu\u00f2 sorgere anche nella mente e quindi dipende dall&#8217;atteggiamento e pu\u00f2 essere modificato, e che la conoscenza delle proprie risorse, delle abilit\u00e0 comunicative e delle strategie individuali \u00e8 fondamentale per ridurre lo stress e la tensione. In linea con il nostro motto &#8220;Vivere nonostante la malattia della pelle&#8221;, vengono presentati approcci di formazione alla fiducia in se stessi per contrastare la paura della stigmatizzazione, la paura dell&#8217;evitamento e il ritiro sociale. Inoltre, vengono mostrate le possibilit\u00e0 di affrontare l&#8217;immagine negativa di s\u00e9 causata dalle conseguenze della malattia. L&#8217;obiettivo \u00e8 quello di incoraggiare le persone colpite ad affrontare attivamente le situazioni potenzialmente sensibili, migliorando cos\u00ec la comprensione delle persone non colpite sulle malattie della pelle e abbattendo le barriere sociali, come la paura delle infezioni.<\/p>\n<p>Per i pazienti con eczema atopico, \u00e8 fondamentale interrompere il circolo vizioso del prurito e del grattamento. Le opzioni comportamentali vengono raccolte, discusse e in parte provate dai partecipanti. Con il rilassamento muscolare progressivo, i pazienti imparano una tecnica di rilassamento che possono utilizzare nel contesto della gestione del prurito.<\/p>\n<p>Lo scambio di esperienze dei partecipanti sui diversi aspetti della gestione della malattia \u00e8 una parte importante della formazione. Questo potenziale di gruppo ha un grande vantaggio rispetto alla consulenza individuale.<\/p>\n<h2 id=\"dieta-sana\">Dieta sana<\/h2>\n<p>L&#8217;influenza delle allergie alimentari nell&#8217;eczema atopico \u00e8 spesso sopravvalutata dai pazienti. Le diete di eliminazione sono necessarie solo in caso di intolleranze rilevanti. La conoscenza del chiarimento delle allergie, dell&#8217;astinenza dagli allergeni e delle misure sostitutive necessarie dovrebbe evitare che i pazienti seguano diete non necessarie con conseguenze negative per la salute e la qualit\u00e0 della vita.<\/p>\n<p>Non esistono diete speciali per evitare la psoriasi. Le recenti scoperte sul legame tra psoriasi e sindrome metabolica rendono necessario informare i pazienti sull&#8217;alimentazione ottimale e, in particolare, sull&#8217;evitare l&#8217;obesit\u00e0.<\/p>\n<h2 id=\"organizzativo\">Organizzativo<\/h2>\n<p>I corsi di formazione sono disponibili per i pazienti di Berna e dintorni. I corsi per i pazienti con eczema atopico (5\u00d72 ore) si svolgono due volte all&#8217;anno, per i pazienti con psoriasi (2\u00d7 2-3 ore) quattro volte all&#8217;anno, la sera. Siamo in grado di condurre i corsi di formazione grazie alla sponsorizzazione di varie aziende farmaceutiche. Le date sono disponibili sul sito www.dermatologie.insel.ch. La formazione dei pazienti sulla terapia dell&#8217;eczema delle mani e della neurodermite viene effettuata individualmente e si svolge nell&#8217;ambito delle corrispondenti ore di consultazione speciale. L&#8217;iscrizione a tutti i corsi di formazione \u00e8 possibile tramite il policlinico (derma.poli@insel.ch).<\/p>\n<h2 id=\"conclusione\">Conclusione<\/h2>\n<p>L&#8217;interesse per la formazione \u00e8 molto alto tra i pazienti con malattie infiammatorie croniche della pelle. Nonostante la grande quantit\u00e0 di informazioni disponibili sui media e molti consigli ben intenzionati da parte di chi li circonda, molte delle domande dei pazienti rimangono senza risposta. Non possiamo certo fornire rimedi brevettati, ma possiamo trasmettere conoscenze fondate, dare istruzioni pratiche per il trattamento e spunti di riflessione. La risposta ai nostri corsi di educazione del paziente \u00e8 stata finora sempre positiva. Va anche detto che noi docenti impariamo di pi\u00f9 sulla complessit\u00e0 e l&#8217;individualit\u00e0 delle malattie con ogni formazione dei pazienti.<\/p>\n<p><em><strong>Prof. Dr. med. Dagmar Simon<br \/>\nProf. Nikhil Yawalkar, MD<br \/>\nProf. Dr. med. Luca Borradori<\/strong><\/em><\/p>\n","protected":false},"excerpt":{"rendered":"<p>Il reparto universitario di Dermatologia dell&#8217;Inselspital funge da centro terziario nell&#8217;assistenza ai pazienti e offre una serie di consulenze specialistiche, interventi chirurgici, dermatologia estetica e cosmetica ed esami di dermatopatologia.&hellip;<\/p>\n","protected":false},"author":4,"featured_media":34124,"comment_status":"closed","ping_status":"","sticky":false,"template":"","format":"standard","meta":{"_acf_changed":false,"pmpro_default_level":"","cat_1_feature_home_top":false,"cat_2_editor_pick":false,"csco_eyebrow_text":"Berna si presenta","footnotes":""},"category":[11351,11511,11550],"tags":[24674,62179,12177,44824,62173,18335,14176,13589,62158,20625,26089,18094,19890,62162,12983,31570,62168,62153],"powerkit_post_featured":[],"class_list":["post-347355","post","type-post","status-publish","format-standard","has-post-thumbnail","category-dermatologia-e-venereologia","category-notizie","category-rx-it","tag-allergia-alimentare","tag-antagonisti-del-tnf-alfa","tag-assistenza-al-paziente","tag-berna-it","tag-cellula-dendritica-epidermica","tag-corticosteroidi","tag-dermatologia-it","tag-eczema-it","tag-eczema-atopico-it-2","tag-eczema-delle-mani-it","tag-gestione","tag-ige-it","tag-la-pelle","tag-malattia-cronica-della-pelle","tag-nutrizione","tag-patogenesi","tag-specializzato","tag-stafilococchi","pmpro-has-access"],"acf":[],"publishpress_future_action":{"enabled":false,"date":"2026-05-05 13:09:44","action":"change-status","newStatus":"draft","terms":[],"taxonomy":"category","extraData":[]},"publishpress_future_workflow_manual_trigger":{"enabledWorkflows":[]},"wpml_current_locale":"it_IT","wpml_translations":{"pt_PT":{"locale":"pt_PT","id":347326,"slug":"formacao-para-doentes-com-doencas-cronicas-da-pele","post_title":"Forma\u00e7\u00e3o para doentes com doen\u00e7as cr\u00f3nicas da pele","href":"https:\/\/medizinonline.com\/pt-pt\/formacao-para-doentes-com-doencas-cronicas-da-pele\/"},"es_ES":{"locale":"es_ES","id":347337,"slug":"formacion-para-pacientes-con-enfermedades-cronicas-de-la-piel","post_title":"Formaci\u00f3n para pacientes con enfermedades cr\u00f3nicas de la piel","href":"https:\/\/medizinonline.com\/es\/formacion-para-pacientes-con-enfermedades-cronicas-de-la-piel\/"}},"_links":{"self":[{"href":"https:\/\/medizinonline.com\/it\/wp-json\/wp\/v2\/posts\/347355","targetHints":{"allow":["GET"]}}],"collection":[{"href":"https:\/\/medizinonline.com\/it\/wp-json\/wp\/v2\/posts"}],"about":[{"href":"https:\/\/medizinonline.com\/it\/wp-json\/wp\/v2\/types\/post"}],"author":[{"embeddable":true,"href":"https:\/\/medizinonline.com\/it\/wp-json\/wp\/v2\/users\/4"}],"replies":[{"embeddable":true,"href":"https:\/\/medizinonline.com\/it\/wp-json\/wp\/v2\/comments?post=347355"}],"version-history":[{"count":0,"href":"https:\/\/medizinonline.com\/it\/wp-json\/wp\/v2\/posts\/347355\/revisions"}],"wp:featuredmedia":[{"embeddable":true,"href":"https:\/\/medizinonline.com\/it\/wp-json\/wp\/v2\/media\/34124"}],"wp:attachment":[{"href":"https:\/\/medizinonline.com\/it\/wp-json\/wp\/v2\/media?parent=347355"}],"wp:term":[{"taxonomy":"category","embeddable":true,"href":"https:\/\/medizinonline.com\/it\/wp-json\/wp\/v2\/category?post=347355"},{"taxonomy":"post_tag","embeddable":true,"href":"https:\/\/medizinonline.com\/it\/wp-json\/wp\/v2\/tags?post=347355"},{"taxonomy":"powerkit_post_featured","embeddable":true,"href":"https:\/\/medizinonline.com\/it\/wp-json\/wp\/v2\/powerkit_post_featured?post=347355"}],"curies":[{"name":"wp","href":"https:\/\/api.w.org\/{rel}","templated":true}]}}