{"id":347882,"date":"2013-03-12T00:00:00","date_gmt":"2013-03-11T23:00:00","guid":{"rendered":"https:\/\/medizinonline.com\/embolizzazione-preoperatoria-dellonice-seguita-da-microneurochirurgia-endoscopicamente-assistita\/"},"modified":"2013-03-12T00:00:00","modified_gmt":"2013-03-11T23:00:00","slug":"embolizzazione-preoperatoria-dellonice-seguita-da-microneurochirurgia-endoscopicamente-assistita","status":"publish","type":"post","link":"https:\/\/medizinonline.com\/it\/embolizzazione-preoperatoria-dellonice-seguita-da-microneurochirurgia-endoscopicamente-assistita\/","title":{"rendered":"Embolizzazione preoperatoria dell&#8217;onice seguita da microneurochirurgia endoscopicamente assistita"},"content":{"rendered":"<p><strong>I meningiomi della base cranica possono provocare sintomi diversi a seconda della loro posizione e delle loro dimensioni. La procedura chirurgica \u00e8 molto impegnativa a causa della vicinanza ai nervi cranici caudali. Di seguito viene presentato il trattamento interdisciplinare di un meningioma del forame magno in corrispondenza del clivus inferiore.&nbsp;<\/strong><\/p>\n<p> <!--more--> <\/p>\n<p>Caso clinico: La paziente di 39 anni ha osservato un&#8217;instabilit\u00e0 dell&#8217;andatura in lento aumento e una tensione dolorosa dei muscoli del collo. Se si sospettava un&#8217;ernia discale cervicale, \u00e8 stata eseguita prima una risonanza magnetica del rachide cervicale. Tuttavia, queste immagini non mostravano una stenosi del canale spinale, come ci si aspettava, ma un meningioma nel forame magnum ventrale<strong> (Fig. 1)<\/strong>. Dal punto di vista neurologico, sono stati rilevati i sintomi di un&#8217;atassia spinale discreta e di una paresi ipoglossale sul lato destro con atrofia unilaterale della lingua.<\/p>\n<p><img fetchpriority=\"high\" decoding=\"async\" class=\" size-full wp-image-1334\" src=\"https:\/\/medizinonline.com\/wp-content\/uploads\/2013\/03\/InFo1.png-3e10b7_1402.png\" width=\"1100\" height=\"564\" srcset=\"https:\/\/medizinonline.com\/wp-content\/uploads\/2013\/03\/InFo1.png-3e10b7_1402.png 1100w, https:\/\/medizinonline.com\/wp-content\/uploads\/2013\/03\/InFo1.png-3e10b7_1402-800x410.png 800w, https:\/\/medizinonline.com\/wp-content\/uploads\/2013\/03\/InFo1.png-3e10b7_1402-120x62.png 120w, https:\/\/medizinonline.com\/wp-content\/uploads\/2013\/03\/InFo1.png-3e10b7_1402-90x46.png 90w, https:\/\/medizinonline.com\/wp-content\/uploads\/2013\/03\/InFo1.png-3e10b7_1402-320x164.png 320w, https:\/\/medizinonline.com\/wp-content\/uploads\/2013\/03\/InFo1.png-3e10b7_1402-560x287.png 560w\" sizes=\"(max-width: 1100px) 100vw, 1100px\" \/><\/p>\n<p>L&#8217;angiografia con catetere ha confermato la marcata ipervascolarizzazione del tumore gi\u00e0 sospettata dalla risonanza magnetica. In anestesia locale, l&#8217;embolizzazione del tumore \u00e8 stata eseguita attraverso l&#8217;arteria faringea ascendente su entrambi i lati (densarcade) e un ramo meningeo dell&#8217;arteria vertebrale destra. A tale scopo, \u00e8 stato utilizzato un emboliato liquido (onice = copolimero precipitante dissolto in DMSO). Ci\u00f2 ha comportato una devascolarizzazione angiografica quasi completa del tumore, visibile anche nella risonanza magnetica eseguita immediatamente prima dell&#8217;intervento<strong> (Figg. 2, 3B, 4)<\/strong>.<\/p>\n<p><img decoding=\"async\" class=\"size-full wp-image-1335 lazyload\" data-src=\"https:\/\/medizinonline.com\/wp-content\/uploads\/2013\/03\/InFo2.png-3c4362_1401.png\" width=\"1100\" height=\"704\" data-srcset=\"https:\/\/medizinonline.com\/wp-content\/uploads\/2013\/03\/InFo2.png-3c4362_1401.png 1100w, https:\/\/medizinonline.com\/wp-content\/uploads\/2013\/03\/InFo2.png-3c4362_1401-800x512.png 800w, https:\/\/medizinonline.com\/wp-content\/uploads\/2013\/03\/InFo2.png-3c4362_1401-120x77.png 120w, https:\/\/medizinonline.com\/wp-content\/uploads\/2013\/03\/InFo2.png-3c4362_1401-90x58.png 90w, https:\/\/medizinonline.com\/wp-content\/uploads\/2013\/03\/InFo2.png-3c4362_1401-320x205.png 320w, https:\/\/medizinonline.com\/wp-content\/uploads\/2013\/03\/InFo2.png-3c4362_1401-560x358.png 560w\" data-sizes=\"(max-width: 1100px) 100vw, 1100px\" src=\"data:image\/svg+xml;base64,PHN2ZyB3aWR0aD0iMSIgaGVpZ2h0PSIxIiB4bWxucz0iaHR0cDovL3d3dy53My5vcmcvMjAwMC9zdmciPjwvc3ZnPg==\" style=\"--smush-placeholder-width: 1100px; --smush-placeholder-aspect-ratio: 1100\/704;\" \/><\/p>\n<p>Cinque giorni dopo l&#8217;embolizzazione, \u00e8 stata eseguita una resezione chirurgica <strong>(Fig. 3)<\/strong>.<\/p>\n<p><img decoding=\"async\" class=\"size-full wp-image-1336 lazyload\" data-src=\"https:\/\/medizinonline.com\/wp-content\/uploads\/2013\/03\/InFo3.png-4df891_1404.png\" width=\"1100\" height=\"1205\" data-srcset=\"https:\/\/medizinonline.com\/wp-content\/uploads\/2013\/03\/InFo3.png-4df891_1404.png 1100w, https:\/\/medizinonline.com\/wp-content\/uploads\/2013\/03\/InFo3.png-4df891_1404-800x876.png 800w, https:\/\/medizinonline.com\/wp-content\/uploads\/2013\/03\/InFo3.png-4df891_1404-120x131.png 120w, https:\/\/medizinonline.com\/wp-content\/uploads\/2013\/03\/InFo3.png-4df891_1404-90x99.png 90w, https:\/\/medizinonline.com\/wp-content\/uploads\/2013\/03\/InFo3.png-4df891_1404-320x351.png 320w, https:\/\/medizinonline.com\/wp-content\/uploads\/2013\/03\/InFo3.png-4df891_1404-560x613.png 560w\" data-sizes=\"(max-width: 1100px) 100vw, 1100px\" src=\"data:image\/svg+xml;base64,PHN2ZyB3aWR0aD0iMSIgaGVpZ2h0PSIxIiB4bWxucz0iaHR0cDovL3d3dy53My5vcmcvMjAwMC9zdmciPjwvc3ZnPg==\" style=\"--smush-placeholder-width: 1100px; --smush-placeholder-aspect-ratio: 1100\/1205;\" \/><\/p>\n<p><img decoding=\"async\" class=\"size-full wp-image-1337 lazyload\" data-src=\"https:\/\/medizinonline.com\/wp-content\/uploads\/2013\/03\/InFo4.png-4ad414_1403.png\" width=\"1100\" height=\"437\" data-srcset=\"https:\/\/medizinonline.com\/wp-content\/uploads\/2013\/03\/InFo4.png-4ad414_1403.png 1100w, https:\/\/medizinonline.com\/wp-content\/uploads\/2013\/03\/InFo4.png-4ad414_1403-800x318.png 800w, https:\/\/medizinonline.com\/wp-content\/uploads\/2013\/03\/InFo4.png-4ad414_1403-120x48.png 120w, https:\/\/medizinonline.com\/wp-content\/uploads\/2013\/03\/InFo4.png-4ad414_1403-90x36.png 90w, https:\/\/medizinonline.com\/wp-content\/uploads\/2013\/03\/InFo4.png-4ad414_1403-320x127.png 320w, https:\/\/medizinonline.com\/wp-content\/uploads\/2013\/03\/InFo4.png-4ad414_1403-560x222.png 560w\" data-sizes=\"(max-width: 1100px) 100vw, 1100px\" src=\"data:image\/svg+xml;base64,PHN2ZyB3aWR0aD0iMSIgaGVpZ2h0PSIxIiB4bWxucz0iaHR0cDovL3d3dy53My5vcmcvMjAwMC9zdmciPjwvc3ZnPg==\" style=\"--smush-placeholder-width: 1100px; --smush-placeholder-aspect-ratio: 1100\/437;\" \/><\/p>\n<p>\u00c8 stata eseguita una TAC intraoperatoria in posizione laterale ed \u00e8 stato registrato il sistema di navigazione integrato. Il clivus caudale e il forame magnum ventrale sono stati visualizzati attraverso una mini-craniotomia retrosigmoidale. Grazie all&#8217;accesso keyhole posizionato in modo ottimale, non \u00e8 stato necessario applicare alcuna retrazione cerebrale durante l&#8217;intera operazione. Le fasi della resezione microchirurgica del tumore sono state controllate endoscopicamente. Grazie all&#8217;embolizzazione preoperatoria, \u00e8 stato possibile esporre gradualmente il tumore devascolarizzato e gi\u00e0 parzialmente necrotico, senza sanguinare e senza danneggiare le strutture circostanti eloquenti. L&#8217;elettrofisiologia intraoperatoria con misurazione SSEP\/MEP e monitoraggio dei nervi cranici caudali non ha mostrato cambiamenti patologici. Per il controllo della resezione, la TAC intraoperatoria \u00e8 stata eseguita subito dopo l&#8217;intervento.<\/p>\n<p>Il decorso postoperatorio primario \u00e8 stato regolare, la raucedine e la disfagia hanno mostrato una regressione rapida e completa; solo un piccolo residuo tumorale era rilevabile alla risonanza magnetica. L&#8217;atrofia della lingua non era pi\u00f9 rilevabile dopo sei mesi.<\/p>\n<p><strong>Discussione: <\/strong>Questo caso illustra il valore della collaborazione interdisciplinare nei tumori complessi della base cranica, utilizzando tecniche moderne.<\/p>\n<p>La devascolarizzazione quasi completa del tumore ha facilitato la successiva resezione. L&#8217;embolizzazione con emboliato liquido (Onyx) consente l&#8217;eliminazione graduale del vaso ombelicale del tumore e viene eseguita per ottenere contemporaneamente l&#8217;occlusione dei vasi principali del tumore e del loro apporto collaterale e per indurre la successiva necrosi del tumore. La scelta della via di accesso endovascolare \u00e8 fondamentale per evitare una possibile compromissione dell&#8217;apporto arterioso del nervo cranico. La resezione controllata per via endoscopica e tomografica computerizzata ha permesso una visione ottimale, il neuromonitoraggio intraoperatorio un controllo funzionale sicuro della resezione in termini di terapia chirurgica minimamente invasiva e massimamente efficace.<\/p>\n<p>Letteratura:<\/p>\n<ol>\n<li>Teo C. Procedure tumorali e neurovascolari assistite per via endoscopica. Clin Neurosurg 2000;46:515-25.<\/li>\n<li>Shie et al. Embolizzazione terapeutica di meningiomi con Onyx per la resezione chirurgica ritardata. Chirurgia Neurol 2008; 70:478-81<\/li>\n<\/ol>\n<p><em>InFo NEUROLOGIA &amp; PSICHIATRIA 2013; 11(1): 24-25<\/em><\/p>\n","protected":false},"excerpt":{"rendered":"<p>I meningiomi della base cranica possono provocare sintomi diversi a seconda della loro posizione e delle loro dimensioni. La procedura chirurgica \u00e8 molto impegnativa a causa della vicinanza ai nervi&hellip;<\/p>\n","protected":false},"author":4,"featured_media":32149,"comment_status":"closed","ping_status":"","sticky":false,"template":"","format":"standard","meta":{"_acf_changed":false,"pmpro_default_level":"","cat_1_feature_home_top":false,"cat_2_editor_pick":false,"csco_eyebrow_text":"Meningioma del forame magnum clivico","footnotes":""},"category":[11528,11371,11550],"tags":[64199,64213,64206,35578,64185,64192,64218,26633,24631],"powerkit_post_featured":[],"class_list":["post-347882","post","type-post","status-publish","format-standard","has-post-thumbnail","category-casi","category-neurologia-it","category-rx-it","tag-clivus-inferiore","tag-embolizzato-liquido","tag-embolizzazione","tag-meningioma-it","tag-meningioma-del-forame-magno","tag-nervi-cranici-caudali","tag-onice-it","tag-resezione","tag-tumore","pmpro-has-access"],"acf":[],"publishpress_future_action":{"enabled":false,"date":"2026-05-04 23:46:06","action":"change-status","newStatus":"draft","terms":[],"taxonomy":"category","extraData":[]},"publishpress_future_workflow_manual_trigger":{"enabledWorkflows":[]},"wpml_current_locale":"it_IT","wpml_translations":{"pt_PT":{"locale":"pt_PT","id":347842,"slug":"embolizacao-pre-operatoria-de-onix-seguida-de-microneurocirurgia-endoscopicamente-assistida","post_title":"Emboliza\u00e7\u00e3o pr\u00e9-operat\u00f3ria de \u00f3nix seguida de microneurocirurgia endoscopicamente assistida","href":"https:\/\/medizinonline.com\/pt-pt\/embolizacao-pre-operatoria-de-onix-seguida-de-microneurocirurgia-endoscopicamente-assistida\/"},"es_ES":{"locale":"es_ES","id":347858,"slug":"embolizacion-preoperatoria-con-onix-seguida-de-microcirugia-asistida-por-endoscopia","post_title":"Embolizaci\u00f3n preoperatoria con \u00f3nix seguida de microcirug\u00eda asistida por endoscopia","href":"https:\/\/medizinonline.com\/es\/embolizacion-preoperatoria-con-onix-seguida-de-microcirugia-asistida-por-endoscopia\/"}},"_links":{"self":[{"href":"https:\/\/medizinonline.com\/it\/wp-json\/wp\/v2\/posts\/347882","targetHints":{"allow":["GET"]}}],"collection":[{"href":"https:\/\/medizinonline.com\/it\/wp-json\/wp\/v2\/posts"}],"about":[{"href":"https:\/\/medizinonline.com\/it\/wp-json\/wp\/v2\/types\/post"}],"author":[{"embeddable":true,"href":"https:\/\/medizinonline.com\/it\/wp-json\/wp\/v2\/users\/4"}],"replies":[{"embeddable":true,"href":"https:\/\/medizinonline.com\/it\/wp-json\/wp\/v2\/comments?post=347882"}],"version-history":[{"count":0,"href":"https:\/\/medizinonline.com\/it\/wp-json\/wp\/v2\/posts\/347882\/revisions"}],"wp:featuredmedia":[{"embeddable":true,"href":"https:\/\/medizinonline.com\/it\/wp-json\/wp\/v2\/media\/32149"}],"wp:attachment":[{"href":"https:\/\/medizinonline.com\/it\/wp-json\/wp\/v2\/media?parent=347882"}],"wp:term":[{"taxonomy":"category","embeddable":true,"href":"https:\/\/medizinonline.com\/it\/wp-json\/wp\/v2\/category?post=347882"},{"taxonomy":"post_tag","embeddable":true,"href":"https:\/\/medizinonline.com\/it\/wp-json\/wp\/v2\/tags?post=347882"},{"taxonomy":"powerkit_post_featured","embeddable":true,"href":"https:\/\/medizinonline.com\/it\/wp-json\/wp\/v2\/powerkit_post_featured?post=347882"}],"curies":[{"name":"wp","href":"https:\/\/api.w.org\/{rel}","templated":true}]}}