{"id":348048,"date":"2013-03-07T00:00:00","date_gmt":"2013-03-06T23:00:00","guid":{"rendered":"https:\/\/medizinonline.com\/marchio-della-macchina-della-verita-medico-di-famiglia\/"},"modified":"2013-03-07T00:00:00","modified_gmt":"2013-03-06T23:00:00","slug":"marchio-della-macchina-della-verita-medico-di-famiglia","status":"publish","type":"post","link":"https:\/\/medizinonline.com\/it\/marchio-della-macchina-della-verita-medico-di-famiglia\/","title":{"rendered":"Marchio della macchina della verit\u00e0 Medico di famiglia"},"content":{"rendered":"<p><strong>Da qualche settimana, i nostri pazienti hanno ripreso a tossire e a soffiarsi il naso nella sala d&#8217;attesa. Le infezioni virali sono &#8220;in voga&#8221;. I pazienti tipici dell&#8217;influenza sono tutti in giro per il mondo. &#8220;Da tre o quattro giorni ho dolori agli arti e mal di testa e soffro di una tosse insopportabile. Oggi mi sento gi\u00e0 un po&#8217; meglio&#8221;, riferisce il paziente. Posso facilmente confermare la diagnosi di un&#8217;infezione simil-influenzale. Quindi deve continuare a prendere i suoi rimedi casalinghi e lo dimetto dal mio trattamento con il consiglio di contattarmi nuovamente se i disturbi persistono o se la condizione peggiora.&nbsp;Da qualche settimana, i nostri pazienti hanno ripreso a tossire e a soffiarsi il naso nella sala d&#8217;attesa. Le infezioni virali sono &#8220;in voga&#8221;. I pazienti tipici dell&#8217;influenza sono tutti in giro per il mondo. &#8220;Da tre o quattro giorni ho dolori agli arti e mal di testa e soffro di una tosse insopportabile. Oggi mi sento gi\u00e0 un po&#8217; meglio&#8221;, riferisce il paziente. Posso facilmente confermare la diagnosi di un&#8217;infezione simil-influenzale. Quindi deve continuare a prendere i suoi rimedi casalinghi e lo dimetto dal mio trattamento con il consiglio di ricontattarmi se i disturbi persistono o se la condizione peggiora.&nbsp;<\/strong><\/p>\n<p> <!--more--> <\/p>\n<p>Al termine della consultazione, il paziente chiede un certificato di incapacit\u00e0 lavorativa, poich\u00e9 \u00e8 assente dal lavoro da venerd\u00ec a causa di una malattia. Dice che sicuramente non potr\u00e0 lavorare nemmeno questa settimana. Quindi oggi, luned\u00ec, vuole una pagella da me entro la fine della settimana. Tuttavia, se mercoled\u00ec \u00e8 di nuovo idoneo al lavoro, non ha bisogno di un certificato, perch\u00e9 di norma il datore di lavoro ne richiede uno solo dopo tre giorni lavorativi. Dovrei quindi rilasciare al paziente un certificato fino alla fine della settimana, sapendo che probabilmente sar\u00e0 di nuovo in grado di lavorare dopo due giorni e star\u00e0 lontano dal lavoro per due o tre giorni senza ammalarsi? Se non gli fornisco il certificato che desidera, mi chiamer\u00e0 il venerd\u00ec o verr\u00e0 in orario d&#8217;ufficio per chiedermi di nuovo un certificato. Mi spiegher\u00e0 che era ancora molto malato e che per questo non poteva lavorare.<\/p>\n<p>Ho due opzioni: O gli credo e glielo rilascio, o non gli credo e mi rifiuto di dargli il certificato. Probabilmente lo spegner\u00f2.<\/p>\n<p>E se fosse apparso solo dopo cinque giorni e non fossi stata in grado di rilevare i sintomi virali? Rilascerei il certificato con la nota &#8220;secondo le specifiche del paziente&#8221;. Molti pazienti vengono da noi solo per avere la conferma della loro incapacit\u00e0 lavorativa. Di norma, non richiedono n\u00e9 diagnosi n\u00e9 terapia. Vogliono solo che confermiamo che non stanno mentendo al loro datore di lavoro. Spesso diamo un certificato che non ha valore, perch\u00e9 non abbiamo mai visto il paziente malato. Per dieci franchi dobbiamo certificare la malattia &#8220;secondo le informazioni del paziente&#8221;, come se noi medici di base fossimo delle macchine della verit\u00e0.<\/p>\n<p>Ha sempre buone sensazioni al riguardo? Non io!<\/p>\n<p><em>Cordialmente, Vostro<\/em><\/p>\n","protected":false},"excerpt":{"rendered":"<p>Da qualche settimana, i nostri pazienti hanno ripreso a tossire e a soffiarsi il naso nella sala d&#8217;attesa. Le infezioni virali sono &#8220;in voga&#8221;. I pazienti tipici dell&#8217;influenza sono tutti&hellip;<\/p>\n","protected":false},"author":4,"featured_media":31344,"comment_status":"closed","ping_status":"","sticky":false,"template":"","format":"standard","meta":{"_acf_changed":false,"pmpro_default_level":"","cat_1_feature_home_top":false,"cat_2_editor_pick":false,"csco_eyebrow_text":"Al punto","footnotes":""},"category":[11306,11511,11473,11550],"tags":[64751,64741,25407,64747],"powerkit_post_featured":[],"class_list":["post-348048","post","type-post","status-publish","format-standard","has-post-thumbnail","category-medicina-interna-generale","category-notizie","category-prevenzione-e-assistenza-sanitaria","category-rx-it","tag-bugia","tag-certificato-di-inabilita-al-lavoro","tag-medico-di-famiglia","tag-pazienti-affetti-da-influenza","pmpro-has-access"],"acf":[],"publishpress_future_action":{"enabled":false,"date":"2026-05-10 16:18:19","action":"change-status","newStatus":"draft","terms":[],"taxonomy":"category","extraData":[]},"publishpress_future_workflow_manual_trigger":{"enabledWorkflows":[]},"wpml_current_locale":"it_IT","wpml_translations":{"pt_PT":{"locale":"pt_PT","id":348058,"slug":"detector-de-mentiras-medico-de-familia-de-marca","post_title":"Detector de mentiras M\u00e9dico de Fam\u00edlia de Marca","href":"https:\/\/medizinonline.com\/pt-pt\/detector-de-mentiras-medico-de-familia-de-marca\/"},"es_ES":{"locale":"es_ES","id":348065,"slug":"detector-de-mentiras-marca-medico-de-familia","post_title":"Detector de mentiras Marca M\u00e9dico de familia","href":"https:\/\/medizinonline.com\/es\/detector-de-mentiras-marca-medico-de-familia\/"}},"_links":{"self":[{"href":"https:\/\/medizinonline.com\/it\/wp-json\/wp\/v2\/posts\/348048","targetHints":{"allow":["GET"]}}],"collection":[{"href":"https:\/\/medizinonline.com\/it\/wp-json\/wp\/v2\/posts"}],"about":[{"href":"https:\/\/medizinonline.com\/it\/wp-json\/wp\/v2\/types\/post"}],"author":[{"embeddable":true,"href":"https:\/\/medizinonline.com\/it\/wp-json\/wp\/v2\/users\/4"}],"replies":[{"embeddable":true,"href":"https:\/\/medizinonline.com\/it\/wp-json\/wp\/v2\/comments?post=348048"}],"version-history":[{"count":0,"href":"https:\/\/medizinonline.com\/it\/wp-json\/wp\/v2\/posts\/348048\/revisions"}],"wp:featuredmedia":[{"embeddable":true,"href":"https:\/\/medizinonline.com\/it\/wp-json\/wp\/v2\/media\/31344"}],"wp:attachment":[{"href":"https:\/\/medizinonline.com\/it\/wp-json\/wp\/v2\/media?parent=348048"}],"wp:term":[{"taxonomy":"category","embeddable":true,"href":"https:\/\/medizinonline.com\/it\/wp-json\/wp\/v2\/category?post=348048"},{"taxonomy":"post_tag","embeddable":true,"href":"https:\/\/medizinonline.com\/it\/wp-json\/wp\/v2\/tags?post=348048"},{"taxonomy":"powerkit_post_featured","embeddable":true,"href":"https:\/\/medizinonline.com\/it\/wp-json\/wp\/v2\/powerkit_post_featured?post=348048"}],"curies":[{"name":"wp","href":"https:\/\/api.w.org\/{rel}","templated":true}]}}