{"id":352352,"date":"2023-04-01T01:00:00","date_gmt":"2023-03-31T23:00:00","guid":{"rendered":"https:\/\/medizinonline.com\/terapia-sistemica-con-retinoidi-informare-sulle-opportunita-e-i-rischi\/"},"modified":"2023-05-04T23:02:58","modified_gmt":"2023-05-04T21:02:58","slug":"terapia-sistemica-con-retinoidi-informare-sulle-opportunita-e-i-rischi","status":"publish","type":"post","link":"https:\/\/medizinonline.com\/it\/terapia-sistemica-con-retinoidi-informare-sulle-opportunita-e-i-rischi\/","title":{"rendered":"Terapia sistemica con retinoidi &#8211; informare sulle opportunit\u00e0 e i rischi"},"content":{"rendered":"\n<p><strong>L&#8217;isotretinoina orale \u00e8 un trattamento molto efficace per le forme gravi di acne che non rispondono sufficientemente alla terapia antibiotica topica e sistemica. In anticipo, i pazienti devono essere informati sui rischi di effetti collaterali e sulle possibili contromisure. La maggior parte degli effetti collaterali \u00e8 reversibile e dipendente dalla dose, con un regolare controllo medico.<\/strong><\/p>\n\n<!--more-->\n\n<p>Mentre i pazienti con acne vulgaris lieve vengono trattati principalmente per via topica, i casi da moderati a gravi spesso richiedono l&#8217;uso di preparati ad azione sistemica (antibiotici orali, trattamenti ormonali, isotretinoina orale). Le attuali linee guida europee raccomandano l&#8217;uso di isotretinoina orale soprattutto per l&#8217;acne papulopustolare\/nodulare moderata o grave<strong> (Fig. 1)<\/strong> e per l&#8217;acne conglobata [1]. In Europa, l&#8217;isotretinoina \u00e8 una sostanza di provata efficacia nella terapia dell&#8217;acne da oltre due decenni, che, con un dosaggio e una durata di trattamento sufficienti, spesso porta a una liberazione permanente dai sintomi dopo la fine della terapia [2]. In Svizzera, l&#8217;isotretinoina orale \u00e8 stata utilizzata con successo per le forme gravi di acne sin dagli anni &#8217;80 [4].  <\/p>\n\n<p><\/p>\n\n<figure class=\"wp-block-image size-full is-resized\"><a href=\"https:\/\/medizinonline.com\/wp-content\/uploads\/2023\/02\/abb1_DP1_s38.jpg\"><img fetchpriority=\"high\" decoding=\"async\" src=\"https:\/\/medizinonline.com\/wp-content\/uploads\/2023\/02\/abb1_DP1_s38.jpg\" alt=\"\" class=\"wp-image-351463\" width=\"465\" height=\"382\" srcset=\"https:\/\/medizinonline.com\/wp-content\/uploads\/2023\/02\/abb1_DP1_s38.jpg 929w, https:\/\/medizinonline.com\/wp-content\/uploads\/2023\/02\/abb1_DP1_s38-800x657.jpg 800w, https:\/\/medizinonline.com\/wp-content\/uploads\/2023\/02\/abb1_DP1_s38-120x99.jpg 120w, https:\/\/medizinonline.com\/wp-content\/uploads\/2023\/02\/abb1_DP1_s38-90x74.jpg 90w, https:\/\/medizinonline.com\/wp-content\/uploads\/2023\/02\/abb1_DP1_s38-320x263.jpg 320w, https:\/\/medizinonline.com\/wp-content\/uploads\/2023\/02\/abb1_DP1_s38-560x460.jpg 560w, https:\/\/medizinonline.com\/wp-content\/uploads\/2023\/02\/abb1_DP1_s38-240x197.jpg 240w, https:\/\/medizinonline.com\/wp-content\/uploads\/2023\/02\/abb1_DP1_s38-180x148.jpg 180w, https:\/\/medizinonline.com\/wp-content\/uploads\/2023\/02\/abb1_DP1_s38-640x526.jpg 640w\" sizes=\"(max-width: 465px) 100vw, 465px\" \/><\/a><\/figure>\n\n<h3 id=\"unarma-altamente-efficace-nella-lotta-contro-lacne-severa\" class=\"wp-block-heading\">Un&#8217;arma altamente efficace nella lotta contro l&#8217;acne severa<\/h3>\n\n<p>Una componente essenziale nel supporto dei pazienti affetti da acne \u00e8 informarli sulle possibilit\u00e0 e sui rischi del trattamento con isotretinoina [3]. Il Prof. Dr. med. Vincenzo Bettoli, dell&#8217;Universit\u00e0 di Ferrara (I), ha consigliato una valutazione differenziata dei rischi e dei benefici e ha sottolineato che un trattamento tempestivo ed efficace dell&#8217;acne \u00e8 sensato e importante sotto molti aspetti, non da ultimo per ridurre al minimo il rischio di cicatrici fisiche permanenti e per migliorare la qualit\u00e0 di vita delle persone colpite [5,7]. L&#8217;isotretinoina \u00e8 un derivato della vitamina A con un ampio spettro di attivit\u00e0. Inibisce in modo permanente l&#8217;attivit\u00e0 delle ghiandole sebacee e regola la cheratinizzazione dello strato superiore della pelle, che \u00e8 causalmente coinvolta nello sviluppo dell&#8217;acne. Sono influenzati diversi fattori patogenetici chiave dell&#8217;acne: ipercheratosi intrafollicolare, seborrea dipendente dagli androgeni, ipercolonizzazione microbica con Propionibacterium acnes <strong>(Fig. 2)<\/strong>, infiammazione e risposta immunitaria. I risultati degli studi confermano che si tratta di un&#8217;opzione terapeutica molto efficace. La maggior parte degli effetti collaterali dell&#8217;isotretinoina pu\u00f2 essere facilmente prevenuta e\/o trattata, ma \u00e8 importante considerare le caratteristiche individuali del paziente. Una revisione del profilo beneficio-rischio dell&#8217;isotretinoina orale, basata su studi randomizzati con un totale di 760 pazienti, ha mostrato che solo 12 partecipanti allo studio hanno interrotto il trattamento a causa degli effetti collaterali [6].  <\/p>\n\n<p><\/p>\n\n<figure class=\"wp-block-image size-full is-resized\"><a href=\"https:\/\/medizinonline.com\/wp-content\/uploads\/2023\/02\/abb2_DP1_s38.jpg\"><img decoding=\"async\" data-src=\"https:\/\/medizinonline.com\/wp-content\/uploads\/2023\/02\/abb2_DP1_s38.jpg\" alt=\"\" class=\"wp-image-351464 lazyload\" width=\"464\" height=\"355\" data-srcset=\"https:\/\/medizinonline.com\/wp-content\/uploads\/2023\/02\/abb2_DP1_s38.jpg 928w, https:\/\/medizinonline.com\/wp-content\/uploads\/2023\/02\/abb2_DP1_s38-800x612.jpg 800w, https:\/\/medizinonline.com\/wp-content\/uploads\/2023\/02\/abb2_DP1_s38-120x92.jpg 120w, https:\/\/medizinonline.com\/wp-content\/uploads\/2023\/02\/abb2_DP1_s38-90x68.jpg 90w, https:\/\/medizinonline.com\/wp-content\/uploads\/2023\/02\/abb2_DP1_s38-320x245.jpg 320w, https:\/\/medizinonline.com\/wp-content\/uploads\/2023\/02\/abb2_DP1_s38-560x428.jpg 560w, https:\/\/medizinonline.com\/wp-content\/uploads\/2023\/02\/abb2_DP1_s38-240x184.jpg 240w, https:\/\/medizinonline.com\/wp-content\/uploads\/2023\/02\/abb2_DP1_s38-180x138.jpg 180w, https:\/\/medizinonline.com\/wp-content\/uploads\/2023\/02\/abb2_DP1_s38-640x490.jpg 640w\" data-sizes=\"(max-width: 464px) 100vw, 464px\" src=\"data:image\/svg+xml;base64,PHN2ZyB3aWR0aD0iMSIgaGVpZ2h0PSIxIiB4bWxucz0iaHR0cDovL3d3dy53My5vcmcvMjAwMC9zdmciPjwvc3ZnPg==\" style=\"--smush-placeholder-width: 464px; --smush-placeholder-aspect-ratio: 464\/355;\" \/><\/a><\/figure>\n\n<h3 id=\"regime-di-dosaggio-individuale-per-risultati-terapeutici-sostenibili\" class=\"wp-block-heading\">Regime di dosaggio individuale per risultati terapeutici sostenibili<\/h3>\n\n<p>Le linee guida europee suggeriscono una dose di 0,3-0,5 mg\/kg\/die per l&#8217;isotretinoina orale nell&#8217;acne papulopustolare\/nodulare moderata o grave e \u22650,5 mg\/kg\/die per l&#8217;acne conglobata [1]. Il Prof. Bettoli, facendo riferimento alle scoperte scientifiche, riferisce che una bassa dose iniziale di 0,1-0,2 mg\/kg\/die o circa 10 mg al giorno e un aumento graduale fino alla dose pi\u00f9 alta tollerata dal paziente \u00e8 un modo efficace per ottenere buoni risultati clinici riducendo al minimo gli effetti collaterali rispetto alla dose standard di 0,5 mg\/kg\/die.  [5,7,8]. Con questo approccio, ci vuole un po&#8217; pi\u00f9 di tempo prima che gli effetti del trattamento diventino visibili, ma gli effetti collaterali sono minori.<\/p>\n\n<p>Il trattamento con isotretinoina orale deve essere continuato per un mese dopo l&#8217;assenza di manifestazioni, al fine di ottenere una &#8220;clearance&#8221; a lungo termine. In generale, si raccomanda una durata di assunzione di almeno sei mesi e una dose target (dose cumulativa totale, TCD) di 120-150 mg\/kg di peso corporeo [3]. In uno studio di Borghi et al. non faceva alcuna differenza significativa se la dose target era di 120 o 150 mg\/kg di peso corporeo [10].  <\/p>\n\n<p><\/p>\n\n<figure class=\"wp-block-image size-large is-resized\"><a href=\"https:\/\/medizinonline.com\/wp-content\/uploads\/2023\/02\/Kasten_DP1_s38.png\"><img decoding=\"async\" data-src=\"https:\/\/medizinonline.com\/wp-content\/uploads\/2023\/02\/Kasten_DP1_s38-1160x423.png\" alt=\"\" class=\"wp-image-351466 lazyload\" width=\"580\" height=\"212\" data-srcset=\"https:\/\/medizinonline.com\/wp-content\/uploads\/2023\/02\/Kasten_DP1_s38-1160x423.png 1160w, https:\/\/medizinonline.com\/wp-content\/uploads\/2023\/02\/Kasten_DP1_s38-800x292.png 800w, https:\/\/medizinonline.com\/wp-content\/uploads\/2023\/02\/Kasten_DP1_s38-120x44.png 120w, https:\/\/medizinonline.com\/wp-content\/uploads\/2023\/02\/Kasten_DP1_s38-90x33.png 90w, https:\/\/medizinonline.com\/wp-content\/uploads\/2023\/02\/Kasten_DP1_s38-320x117.png 320w, https:\/\/medizinonline.com\/wp-content\/uploads\/2023\/02\/Kasten_DP1_s38-560x204.png 560w, https:\/\/medizinonline.com\/wp-content\/uploads\/2023\/02\/Kasten_DP1_s38-240x88.png 240w, https:\/\/medizinonline.com\/wp-content\/uploads\/2023\/02\/Kasten_DP1_s38-180x66.png 180w, https:\/\/medizinonline.com\/wp-content\/uploads\/2023\/02\/Kasten_DP1_s38-640x233.png 640w, https:\/\/medizinonline.com\/wp-content\/uploads\/2023\/02\/Kasten_DP1_s38-1120x408.png 1120w, https:\/\/medizinonline.com\/wp-content\/uploads\/2023\/02\/Kasten_DP1_s38.png 1437w\" data-sizes=\"(max-width: 580px) 100vw, 580px\" src=\"data:image\/svg+xml;base64,PHN2ZyB3aWR0aD0iMSIgaGVpZ2h0PSIxIiB4bWxucz0iaHR0cDovL3d3dy53My5vcmcvMjAwMC9zdmciPjwvc3ZnPg==\" style=\"--smush-placeholder-width: 580px; --smush-placeholder-aspect-ratio: 580\/212;\" \/><\/a><\/figure>\n\n<h3 id=\"la-gestione-adeguata-degli-effetti-collaterali-favorisce-la-compliance\" class=\"wp-block-heading\">La gestione adeguata degli effetti collaterali favorisce la compliance.  <\/h3>\n\n<p>Una possibile complicazione che pu\u00f2 verificarsi con l&#8217;assunzione orale di isotretinoina \u00e8 un peggioramento della condizione della pelle all&#8217;inizio del trattamento. Nella maggior parte dei casi, questa &#8220;fiammata&#8221; si attenua nel giro di due o tre settimane. Poich\u00e9 l&#8217;isotretinoina inibisce la produzione di sebo, possono verificarsi anche secchezza della pelle e alterazioni della membrana mucosa (cheilite sicca, dermatite facciale). La terapia topica di reintegro dei lipidi pu\u00f2 compensare la secchezza della pelle, e ai pazienti devono essere fornite raccomandazioni per la cura delle labbra e misure contro la secchezza oculare. La cheilite \u00e8 un effetto collaterale tipico dell&#8217;isotretinoina e un&#8217;indicazione dell&#8217;efficacia del trattamento. Si tratta di un effetto collaterale dipendente dalla dose. I risultati degli studi dimostrano che la cheilite non influisce sulla qualit\u00e0 della vita della maggior parte dei pazienti affetti da acne [11]. I pazienti devono anche essere informati che la pelle tende ad essere sensibile alla luce durante il trattamento con isotretinoina, motivo per cui \u00e8 importante fornire una protezione solare sufficiente (ad esempio, preparati con fattore di protezione solare 50+). Un riassunto delle misure di accompagnamento raccomandate per la cura della pelle e del corpo \u00e8 riportato nella <strong>Tabella 1<\/strong> [5].<\/p>\n\n<p><\/p>\n\n<figure class=\"wp-block-image size-large is-resized\"><a href=\"https:\/\/medizinonline.com\/wp-content\/uploads\/2023\/02\/tab1_DP1_s39.png\"><img decoding=\"async\" data-src=\"https:\/\/medizinonline.com\/wp-content\/uploads\/2023\/02\/tab1_DP1_s39-1160x457.png\" alt=\"\" class=\"wp-image-351467 lazyload\" width=\"580\" height=\"229\" data-srcset=\"https:\/\/medizinonline.com\/wp-content\/uploads\/2023\/02\/tab1_DP1_s39-1160x457.png 1160w, https:\/\/medizinonline.com\/wp-content\/uploads\/2023\/02\/tab1_DP1_s39-800x315.png 800w, https:\/\/medizinonline.com\/wp-content\/uploads\/2023\/02\/tab1_DP1_s39-2048x806.png 2048w, https:\/\/medizinonline.com\/wp-content\/uploads\/2023\/02\/tab1_DP1_s39-120x47.png 120w, https:\/\/medizinonline.com\/wp-content\/uploads\/2023\/02\/tab1_DP1_s39-90x35.png 90w, https:\/\/medizinonline.com\/wp-content\/uploads\/2023\/02\/tab1_DP1_s39-320x126.png 320w, https:\/\/medizinonline.com\/wp-content\/uploads\/2023\/02\/tab1_DP1_s39-560x220.png 560w, https:\/\/medizinonline.com\/wp-content\/uploads\/2023\/02\/tab1_DP1_s39-1920x756.png 1920w, https:\/\/medizinonline.com\/wp-content\/uploads\/2023\/02\/tab1_DP1_s39-240x94.png 240w, https:\/\/medizinonline.com\/wp-content\/uploads\/2023\/02\/tab1_DP1_s39-180x71.png 180w, https:\/\/medizinonline.com\/wp-content\/uploads\/2023\/02\/tab1_DP1_s39-640x252.png 640w, https:\/\/medizinonline.com\/wp-content\/uploads\/2023\/02\/tab1_DP1_s39-1120x441.png 1120w, https:\/\/medizinonline.com\/wp-content\/uploads\/2023\/02\/tab1_DP1_s39-1600x630.png 1600w, https:\/\/medizinonline.com\/wp-content\/uploads\/2023\/02\/tab1_DP1_s39.png 2195w\" data-sizes=\"(max-width: 580px) 100vw, 580px\" src=\"data:image\/svg+xml;base64,PHN2ZyB3aWR0aD0iMSIgaGVpZ2h0PSIxIiB4bWxucz0iaHR0cDovL3d3dy53My5vcmcvMjAwMC9zdmciPjwvc3ZnPg==\" style=\"--smush-placeholder-width: 580px; --smush-placeholder-aspect-ratio: 580\/229;\" \/><\/a><\/figure>\n\n<p>Per quanto riguarda i controlli di laboratorio, gli enzimi epatici e i lipidi (colesterolo, trigliceridi) nel siero devono essere controllati all&#8217;inizio del trattamento, un mese dopo e a intervalli di tre mesi durante la terapia, poich\u00e9 \u00e8 possibile un aumento delle transaminasi e dei lipidi sierici durante il trattamento con isotretinoina [3]. A causa del potenziale teratogeno, i retinoidi sono controindicati nelle donne in gravidanza e la contraccezione \u00e8 importante in et\u00e0 fertile.<\/p>\n\n<p><\/p>\n\n<figure class=\"wp-block-image size-large is-resized\"><a href=\"https:\/\/medizinonline.com\/wp-content\/uploads\/2023\/02\/Kasten2_DP1_s39.png\"><img decoding=\"async\" data-src=\"https:\/\/medizinonline.com\/wp-content\/uploads\/2023\/02\/Kasten2_DP1_s39-1160x388.png\" alt=\"\" class=\"wp-image-351465 lazyload\" width=\"580\" height=\"194\" data-srcset=\"https:\/\/medizinonline.com\/wp-content\/uploads\/2023\/02\/Kasten2_DP1_s39-1160x388.png 1160w, https:\/\/medizinonline.com\/wp-content\/uploads\/2023\/02\/Kasten2_DP1_s39-800x268.png 800w, https:\/\/medizinonline.com\/wp-content\/uploads\/2023\/02\/Kasten2_DP1_s39-120x40.png 120w, https:\/\/medizinonline.com\/wp-content\/uploads\/2023\/02\/Kasten2_DP1_s39-90x30.png 90w, https:\/\/medizinonline.com\/wp-content\/uploads\/2023\/02\/Kasten2_DP1_s39-320x107.png 320w, https:\/\/medizinonline.com\/wp-content\/uploads\/2023\/02\/Kasten2_DP1_s39-560x187.png 560w, https:\/\/medizinonline.com\/wp-content\/uploads\/2023\/02\/Kasten2_DP1_s39-240x80.png 240w, https:\/\/medizinonline.com\/wp-content\/uploads\/2023\/02\/Kasten2_DP1_s39-180x60.png 180w, https:\/\/medizinonline.com\/wp-content\/uploads\/2023\/02\/Kasten2_DP1_s39-640x214.png 640w, https:\/\/medizinonline.com\/wp-content\/uploads\/2023\/02\/Kasten2_DP1_s39-1120x375.png 1120w, https:\/\/medizinonline.com\/wp-content\/uploads\/2023\/02\/Kasten2_DP1_s39.png 1462w\" data-sizes=\"(max-width: 580px) 100vw, 580px\" src=\"data:image\/svg+xml;base64,PHN2ZyB3aWR0aD0iMSIgaGVpZ2h0PSIxIiB4bWxucz0iaHR0cDovL3d3dy53My5vcmcvMjAwMC9zdmciPjwvc3ZnPg==\" style=\"--smush-placeholder-width: 580px; --smush-placeholder-aspect-ratio: 580\/194;\" \/><\/a><\/figure>\n\n<h3 id=\"nessuna-relazione-causale-con-i-disturbi-depressivi\" class=\"wp-block-heading\">Nessuna relazione causale con i disturbi depressivi<\/h3>\n\n<p>Finora non \u00e8 stato possibile dimostrare empiricamente una relazione causale tra isotretinoina e depressione o suicidalit\u00e0 [3,9,12] <strong>(box) <\/strong>. Tra l&#8217;altro, gli studi prospettici di coorte dimostrano che i pensieri suicidi e la depressione nei pazienti affetti da acne sono pi\u00f9 probabilmente dovuti ad altri fattori (ad esempio, la stigmatizzazione) che agli effetti indotti dalla terapia [3]. Finora il Prof. Bettoli non ha osservato un accumulo sproporzionato di disturbi psicologici nei pazienti trattati con isotretinoina. Per esaminare i pazienti affetti da acne per i sintomi psicologici, il relatore ha raccomandato di porre domande sulla salute generale prima e durante il trattamento con isotretinoina orale, nonch\u00e9 dopo la fine della terapia. Ci\u00f2 significa che possono essere registrati anche i sintomi psicologici.  <\/p>\n\n<p><em>Congresso: Societ\u00e0 Svizzera di Dermatologia e Venereologia (SGDV)<\/em><\/p>\n\n<p><\/p>\n\n<p><br\/>Letteratura: <\/p>\n\n<ol class=\"wp-block-list\">\n<li>European evidence-based (S3) guideline for the treatment of acne \u2013 update 2016 \u2013 short version. J Eur Acad Dermatol Venereol 2016; 30(8): 1261\u20131268.<\/li>\n\n\n\n<li>Plewig G, et al.: Systemische Behandlung der Akne mit Isotretinoin: Aktueller Stand. Hautarzt 1997; 48: 881\u2013885. <\/li>\n\n\n\n<li>N\u00e4geli MC, L\u00e4uchli S: Acne vulgaris: Aktuelle Erkenntnisse zur Pathogenese und Therapieempfehlungen. Schweiz Med Forum 2017;17(39): 833\u2013837.<\/li>\n\n\n\n<li>Swissmedic: Health Professional Communication (HPC): Sichere Anwendung von Retinoiden, Januar 2017. <\/li>\n\n\n\n<li>Bettoli V, et al.: Challenges and Solutions in Oral Isotretinoin in Acne: Reflections on 35 Years of Experience. Clin Cosmet Investig Dermatol 2019; 12: 943\u2013951.<\/li>\n\n\n\n<li>Vallerand IA, et al.: Effficacy and adverse events of oral isotretinoin for acne: a systematic review. Br J Dermatol 2018; 178: 76.<\/li>\n\n\n\n<li>\u00abThe difficult acne patient: How to use Spironolactone and Isotretinoin\u00bb, Prof. Dr. med. Vincenzo Bettoli, SGDV Jahresversammlung 09.11.2022. <\/li>\n\n\n\n<li>Borghi A, et al.: Acute acne flare following isotretinoin administration: potential protective role of low starting dose. Dermatology 2009; 218(2): 178\u2013180.<\/li>\n\n\n\n<li>Erme AM, et al.: Association between isotretinoin and mood changes: myth or reality? An updated overview. Int J Dermatol 2013; 52: 499\u2013500.<\/li>\n\n\n\n<li>Borghi A, et al.: Low-cumulative dose isotretinoin treatment in mild-to-moderate acne: efficacy in achieving stable remission. J Eur Acad Dermatol Venereol 2011; 25(9): 1094\u20131098.<\/li>\n\n\n\n<li>Omelas J, et al.: Objective assessment of isotretinoin-associated cheilitis: isotretinoin cheilitis grading score. J Dermatolog Treat 2016;27(2): 153\u2013155.<\/li>\n\n\n\n<li>12. Kridin K, Ludwig RJ: Isotretinoin and the risk of psychiatric disturbances: A global study shedding new light on a debatable story. J Am Acad Dermatol 2023; 88(2): 388\u2013394. <\/li>\n\n\n\n<li>Spring LK, et al.: Isotretinoin and timing of procedural interventions: a systematic review with consensus recommendations. JAMA Dermatol 2017; 153(8): 802\u2013809.<\/li>\n\n\n\n<li>Waldman A, et al.: ASDS guidelines task force: consensus recommendations regarding the safety of lasers, dermabrasion, chemical peels, energy devices, and skin surgery during and after isotretinoin use. Dermatol Surg 2017; 43(10): 1249\u20131262.<\/li>\n<\/ol>\n\n<p><\/p>\n\n<p><em>DERMATOLOGIE PRAXIS 2023; 33(1): 38\u201339<\/em><\/p>\n","protected":false},"excerpt":{"rendered":"<p>L&#8217;isotretinoina orale \u00e8 un trattamento molto efficace per le forme gravi di acne che non rispondono sufficientemente alla terapia antibiotica topica e sistemica. In anticipo, i pazienti devono essere informati&hellip;<\/p>\n","protected":false},"author":7,"featured_media":351471,"comment_status":"closed","ping_status":"closed","sticky":false,"template":"","format":"standard","meta":{"_acf_changed":false,"pmpro_default_level":"","cat_1_feature_home_top":false,"cat_2_editor_pick":false,"csco_eyebrow_text":"Il paziente con acne difficile  ","footnotes":""},"category":[11351,11452,11479,11522,11550,11515],"tags":[65895,14677,65904,65885,65908,26094,37339,14440,65890,35856,48040,16839,65880,65900,36731,14355],"powerkit_post_featured":[],"class_list":["post-352352","post","type-post","status-publish","format-standard","has-post-thumbnail","category-dermatologia-e-venereologia","category-farmacologia-e-tossicologia","category-psichiatria-e-psicoterapia","category-rapporti-del-congresso","category-rx-it","category-studi","tag-controlli-di-avanzamento","tag-depressione","tag-disturbi-della-sensibilita-psicologica","tag-disturbi-depressivi","tag-dose-dipendente","tag-gravita","tag-isotretinoina","tag-lacne","tag-opportunita","tag-orale-it","tag-retinoidi","tag-rischi","tag-rischi-di-effetti-collaterali","tag-sistemico-it","tag-terapia-antibiotica","tag-topico","pmpro-has-access"],"acf":[],"publishpress_future_action":{"enabled":false,"date":"2026-05-07 02:14:12","action":"change-status","newStatus":"draft","terms":[],"taxonomy":"category","extraData":[]},"publishpress_future_workflow_manual_trigger":{"enabledWorkflows":[]},"wpml_current_locale":"it_IT","wpml_translations":{"pt_PT":{"locale":"pt_PT","id":352373,"slug":"terapia-sistemica-com-retinoides-informando-sobre-oportunidades-e-riscos","post_title":"Terapia sist\u00e9mica com retin\u00f3ides - informando sobre oportunidades e riscos","href":"https:\/\/medizinonline.com\/pt-pt\/terapia-sistemica-com-retinoides-informando-sobre-oportunidades-e-riscos\/"},"es_ES":{"locale":"es_ES","id":352385,"slug":"terapia-sistemica-con-retinoides-informar-sobre-las-posibilidades-y-los-riesgos","post_title":"Terapia sist\u00e9mica con retinoides: informar sobre las posibilidades y los riesgos","href":"https:\/\/medizinonline.com\/es\/terapia-sistemica-con-retinoides-informar-sobre-las-posibilidades-y-los-riesgos\/"}},"_links":{"self":[{"href":"https:\/\/medizinonline.com\/it\/wp-json\/wp\/v2\/posts\/352352","targetHints":{"allow":["GET"]}}],"collection":[{"href":"https:\/\/medizinonline.com\/it\/wp-json\/wp\/v2\/posts"}],"about":[{"href":"https:\/\/medizinonline.com\/it\/wp-json\/wp\/v2\/types\/post"}],"author":[{"embeddable":true,"href":"https:\/\/medizinonline.com\/it\/wp-json\/wp\/v2\/users\/7"}],"replies":[{"embeddable":true,"href":"https:\/\/medizinonline.com\/it\/wp-json\/wp\/v2\/comments?post=352352"}],"version-history":[{"count":3,"href":"https:\/\/medizinonline.com\/it\/wp-json\/wp\/v2\/posts\/352352\/revisions"}],"predecessor-version":[{"id":357550,"href":"https:\/\/medizinonline.com\/it\/wp-json\/wp\/v2\/posts\/352352\/revisions\/357550"}],"wp:featuredmedia":[{"embeddable":true,"href":"https:\/\/medizinonline.com\/it\/wp-json\/wp\/v2\/media\/351471"}],"wp:attachment":[{"href":"https:\/\/medizinonline.com\/it\/wp-json\/wp\/v2\/media?parent=352352"}],"wp:term":[{"taxonomy":"category","embeddable":true,"href":"https:\/\/medizinonline.com\/it\/wp-json\/wp\/v2\/category?post=352352"},{"taxonomy":"post_tag","embeddable":true,"href":"https:\/\/medizinonline.com\/it\/wp-json\/wp\/v2\/tags?post=352352"},{"taxonomy":"powerkit_post_featured","embeddable":true,"href":"https:\/\/medizinonline.com\/it\/wp-json\/wp\/v2\/powerkit_post_featured?post=352352"}],"curies":[{"name":"wp","href":"https:\/\/api.w.org\/{rel}","templated":true}]}}