{"id":353098,"date":"2023-03-19T01:00:00","date_gmt":"2023-03-19T00:00:00","guid":{"rendered":"https:\/\/medizinonline.com\/estate-sole-puntura-dinsetto\/"},"modified":"2023-02-27T16:49:33","modified_gmt":"2023-02-27T15:49:33","slug":"estate-sole-puntura-dinsetto","status":"publish","type":"post","link":"https:\/\/medizinonline.com\/it\/estate-sole-puntura-dinsetto\/","title":{"rendered":"Estate, sole, puntura d&#8217;insetto"},"content":{"rendered":"\n<p><strong>L&#8217;allergia al veleno di imenotteri &#8211; comunemente chiamata allergia al veleno di insetti &#8211; \u00e8 una delle cosiddette &#8220;Big 3&#8221; delle reazioni allergiche gravi, insieme alle allergie alimentari e ai farmaci. Nessuno ne \u00e8 immune: il rischio di reazione anafilattica dopo una puntura di ape o di vespa \u00e8 stimato intorno al 5%, e il tasso di ricorrenza non \u00e8 insignificante. Chiunque abbia avuto una reazione sistemica dovrebbe quindi avere sempre a portata di mano un kit di emergenza.<\/strong><\/p>\n\n<!--more-->\n\n<p>La prossima estate arriver\u00e0 sicuramente &#8211; e con essa gli imenotteri. Alle nostre latitudini, le punture di api e vespe sono relativamente comuni. In Svizzera, sono note nove diverse specie di vespe (su un totale di circa 60) che pungono e possono scatenare reazioni allergiche. Ma anche i bombi e le formiche possono causare allergie, anche se questo accade piuttosto raramente<strong> (Tab. 1) <\/strong>. Le formiche sono annoverate tra gli imenotteri perch\u00e9 hanno le ali prima di costruire il nido. Questi vengono rilasciati solo durante la costruzione del nido.<\/p>\n\n<p><\/p>\n\n<figure class=\"wp-block-image size-full is-resized\"><a href=\"https:\/\/medizinonline.com\/wp-content\/uploads\/2023\/02\/tab1_PA1_s23.png\"><img fetchpriority=\"high\" decoding=\"async\" src=\"https:\/\/medizinonline.com\/wp-content\/uploads\/2023\/02\/tab1_PA1_s23.png\" alt=\"\" class=\"wp-image-352758\" width=\"372\" height=\"290\" srcset=\"https:\/\/medizinonline.com\/wp-content\/uploads\/2023\/02\/tab1_PA1_s23.png 743w, https:\/\/medizinonline.com\/wp-content\/uploads\/2023\/02\/tab1_PA1_s23-120x94.png 120w, https:\/\/medizinonline.com\/wp-content\/uploads\/2023\/02\/tab1_PA1_s23-90x70.png 90w, https:\/\/medizinonline.com\/wp-content\/uploads\/2023\/02\/tab1_PA1_s23-320x249.png 320w, https:\/\/medizinonline.com\/wp-content\/uploads\/2023\/02\/tab1_PA1_s23-560x436.png 560w, https:\/\/medizinonline.com\/wp-content\/uploads\/2023\/02\/tab1_PA1_s23-240x187.png 240w, https:\/\/medizinonline.com\/wp-content\/uploads\/2023\/02\/tab1_PA1_s23-180x140.png 180w, https:\/\/medizinonline.com\/wp-content\/uploads\/2023\/02\/tab1_PA1_s23-640x499.png 640w\" sizes=\"(max-width: 372px) 100vw, 372px\" \/><\/a><\/figure>\n\n<p>Le allergie al veleno di imenotteri sono classificate come incidenti. Secondo la Cassa svizzera di assicurazione contro gli infortuni (Suva), ci sono pi\u00f9 di 10.000 incidenti di questo tipo causati da punture di imenotteri all&#8217;anno, con costi annuali di circa 20 milioni di franchi svizzeri (il costo medio per incidente \u00e8 stimato a circa 750 franchi svizzeri). Indipendentemente dal fatto che si tratti di una puntura di ape o di vespa, circa una puntura su dieci scatena un&#8217;allergia. Circa 40 punture all&#8217;anno provocano reazioni cos\u00ec gravi da far perdere il lavoro per &gt;3 mesi. &#8220;Questi casi gravi possono essere accompagnati da paralisi, ictus cerebrale o infarto, il che non solo ha gravi conseguenze per la persona colpita, ma \u00e8 anche statisticamente significativo con costi elevati&#8221;, ha spiegato il Prof. Dr. Arthur Helbling, Dipartimento universitario di Pneumologia e Allergologia dell&#8217;Inselspital di Berna [1]. In questi casi, il chiarimento viene effettuato raramente tramite l&#8217;assicurazione contro gli infortuni, ma di norma tramite l&#8217;assicurazione sanitaria.<\/p>\n\n<h3 id=\"valutare-le-reazioni-gravi-dal-punto-di-vista-allergologico\" class=\"wp-block-heading\">Valutare le reazioni gravi dal punto di vista allergologico<\/h3>\n\n<p>Qualsiasi reazione grave, come ostruzione delle vie aeree, dispnea o coinvolgimento circolatorio, deve essere valutata da un allergologo per l&#8217;immunoterapia allergene-specifica (VIT). Se, invece, un paziente reagisce solo localmente, ad esempio con un gonfiore dopo una puntura sulla lingua, questo \u00e8 spiacevole per la persona interessata, ma non deve essere chiarito, poich\u00e9 non comporta alcuna conseguenza terapeutica. In questi casi, si deve prendere in considerazione la profilassi piuttosto che la diagnosi o il trattamento.  <\/p>\n\n<p>Per le persone che hanno manifestato reazioni allergiche sistemiche (SAR) &#8211; sia che si tratti di coinvolgimento cutaneo, del tratto gastrointestinale, respiratorio o circolatorio &#8211; il Prof. Helbling consiglia vivamente di portare con s\u00e9 dei kit con farmaci di emergenza. Questo include anche un autoiniettore di adrenalina. &#8220;Anche le reazioni sistemiche lievi, come l&#8217;orticaria, sono associate a un rischio quattro volte maggiore di recidiva. Se \u00e8 stata subita una reazione di shock, il rischio di recidiva con la prossima puntura \u00e8 del 50-70%. Gi\u00e0 solo da queste cifre si capisce l&#8217;utilit\u00e0 della VIT&#8221;. Il trattamento con veleno di ape o vespa dura almeno 5 anni. Una VIT di successo riduce il rischio di ricaduta, ma l&#8217;effetto non dura per tutta la vita. Si presume che il rischio dopo l&#8217;aborto di una VIT sia di circa il 10% per punto.<\/p>\n\n<h4 id=\"messaggi-da-portare-a-casa\" class=\"wp-block-heading\">Messaggi da portare a casa<\/h4>\n\n<ul class=\"wp-block-list\">\n<li>L&#8217;allergia al veleno degli insetti \u00e8 un motivo comune di anafilassi &#8211; e<br\/>pu\u00f2 colpire chiunque.<\/li>\n\n\n\n<li>Qualsiasi reazione pi\u00f9 grave deve essere valutata allergologicamente in relazione alla VIT.<br\/>Valutare.<\/li>\n\n\n\n<li>Dopo l&#8217;anafilassi, dotare ogni paziente di un farmaco di emergenza\/un autoiniettore di epinefrina.<\/li>\n\n\n\n<li>Anche dopo aver completato con successo una VIT per 5 anni, \u00e8 possibile una ricaduta della SAR.<\/li>\n<\/ul>\n\n<p><\/p>\n\n<p><em>Fonte: 1\u00b0 FomF &#8211; WebUp 6 Highlights in 60 minuti &#8220;Update Allergologie&#8221;, conferenza &#8220;Allergie da veleno di imenotteri&#8221;, 12.12.2022.<\/em><\/p>\n\n<p><\/p>\n\n<p><em>InFo PNEUMOLOGIA &amp; ALLERGOLOGIA 2023; 5(1): 23<\/em> <em>(pubblicato il 23.2.22, prima della stampa)<\/em><\/p>\n","protected":false},"excerpt":{"rendered":"<p>L&#8217;allergia al veleno di imenotteri &#8211; comunemente chiamata allergia al veleno di insetti &#8211; \u00e8 una delle cosiddette &#8220;Big 3&#8221; delle reazioni allergiche gravi, insieme alle allergie alimentari e ai&hellip;<\/p>\n","protected":false},"author":7,"featured_media":317299,"comment_status":"closed","ping_status":"closed","sticky":false,"template":"","format":"standard","meta":{"_acf_changed":false,"pmpro_default_level":"","cat_1_feature_home_top":false,"cat_2_editor_pick":false,"csco_eyebrow_text":"Allergia al veleno di imenotteri","footnotes":""},"category":[11343,11308,11306,11522,11550],"tags":[66472,27849,23217,32234,53575,27845],"powerkit_post_featured":[],"class_list":["post-353098","post","type-post","status-publish","format-standard","has-post-thumbnail","category-allergologia-e-immunologia-clinica","category-medicina-durgenza-e-terapia-intensiva","category-medicina-interna-generale","category-rapporti-del-congresso","category-rx-it","tag-allergia-al-veleno-di-imenotteri","tag-allergia-al-veleno-di-insetti","tag-immunoterapia-allergene-specifica","tag-kit-di-emergenza","tag-reazione-allergica","tag-vit-it","pmpro-has-access"],"acf":[],"publishpress_future_action":{"enabled":false,"date":"2026-05-03 22:13:41","action":"change-status","newStatus":"draft","terms":[],"taxonomy":"category","extraData":[]},"publishpress_future_workflow_manual_trigger":{"enabledWorkflows":[]},"wpml_current_locale":"it_IT","wpml_translations":{"pt_PT":{"locale":"pt_PT","id":353102,"slug":"verao-sol-picada-de-insecto","post_title":"Ver\u00e3o, sol, picada de insecto","href":"https:\/\/medizinonline.com\/pt-pt\/verao-sol-picada-de-insecto\/"},"es_ES":{"locale":"es_ES","id":353107,"slug":"verano-sol-picaduras-de-insectos","post_title":"Verano, sol, picaduras de insectos","href":"https:\/\/medizinonline.com\/es\/verano-sol-picaduras-de-insectos\/"}},"_links":{"self":[{"href":"https:\/\/medizinonline.com\/it\/wp-json\/wp\/v2\/posts\/353098","targetHints":{"allow":["GET"]}}],"collection":[{"href":"https:\/\/medizinonline.com\/it\/wp-json\/wp\/v2\/posts"}],"about":[{"href":"https:\/\/medizinonline.com\/it\/wp-json\/wp\/v2\/types\/post"}],"author":[{"embeddable":true,"href":"https:\/\/medizinonline.com\/it\/wp-json\/wp\/v2\/users\/7"}],"replies":[{"embeddable":true,"href":"https:\/\/medizinonline.com\/it\/wp-json\/wp\/v2\/comments?post=353098"}],"version-history":[{"count":1,"href":"https:\/\/medizinonline.com\/it\/wp-json\/wp\/v2\/posts\/353098\/revisions"}],"predecessor-version":[{"id":353101,"href":"https:\/\/medizinonline.com\/it\/wp-json\/wp\/v2\/posts\/353098\/revisions\/353101"}],"wp:featuredmedia":[{"embeddable":true,"href":"https:\/\/medizinonline.com\/it\/wp-json\/wp\/v2\/media\/317299"}],"wp:attachment":[{"href":"https:\/\/medizinonline.com\/it\/wp-json\/wp\/v2\/media?parent=353098"}],"wp:term":[{"taxonomy":"category","embeddable":true,"href":"https:\/\/medizinonline.com\/it\/wp-json\/wp\/v2\/category?post=353098"},{"taxonomy":"post_tag","embeddable":true,"href":"https:\/\/medizinonline.com\/it\/wp-json\/wp\/v2\/tags?post=353098"},{"taxonomy":"powerkit_post_featured","embeddable":true,"href":"https:\/\/medizinonline.com\/it\/wp-json\/wp\/v2\/powerkit_post_featured?post=353098"}],"curies":[{"name":"wp","href":"https:\/\/api.w.org\/{rel}","templated":true}]}}