{"id":355148,"date":"2023-04-17T00:00:00","date_gmt":"2023-04-16T22:00:00","guid":{"rendered":"https:\/\/medizinonline.com\/?p=355148"},"modified":"2023-04-03T09:49:20","modified_gmt":"2023-04-03T07:49:20","slug":"attivita-fisica-e-lesioni-vascolari-cerebrali-nei-pazienti-anziani-con-vhf","status":"publish","type":"post","link":"https:\/\/medizinonline.com\/it\/attivita-fisica-e-lesioni-vascolari-cerebrali-nei-pazienti-anziani-con-vhf\/","title":{"rendered":"Attivit\u00e0 fisica e lesioni vascolari cerebrali nei pazienti anziani con VHF"},"content":{"rendered":"\n<p><strong>Swiss-AF \u00e8 uno studio osservazionale prospettico condotto in tutta la Svizzera in un totale di 14 centri per indagare la relazione tra la fibrillazione atriale e le prestazioni cerebrali compromesse. Un sotto-studio ha analizzato se esiste un&#8217;associazione tra fibrillazione atriale, attivit\u00e0 fisica regolare e lesioni vascolari cerebrali. Il<br\/>I risultati sono stati pubblicati sull&#8217;<em>European Journal of Neurology <\/em>.  <\/strong><\/p>\n\n<!--more-->\n\n<p>La fibrillazione atriale (FA) \u00e8 l&#8217;aritmia cardiaca pi\u00f9 comune in tutto il mondo ed \u00e8 associata a un aumento del rischio di morbilit\u00e0 e mortalit\u00e0 [1]. Inoltre, la VHF \u00e8 associata a una diminuzione delle prestazioni cerebrali e della qualit\u00e0 della vita. Ci sono sempre pi\u00f9 prove che la VHF \u00e8 associata al declino cognitivo e alla demenza [2\u20134]. L&#8217;aumento del rischio di ictus nella fibrillazione atriale spiega in parte questa associazione, ma gli infarti cerebrali occulti e le <em> iperintensit\u00e0 della materia bianca ( <\/em>WMH), che si pensa siano di origine vascolare, possono anche portare a un deterioramento cognitivo nei pazienti con fibrillazione atriale senza una storia di ictus clinicamente manifesto [3\u20135]. Gli studi hanno dimostrato che l&#8217;aumento dell&#8217;incidenza e della gravit\u00e0 dei WMH negli anziani \u00e8 associato al deterioramento cognitivo, ai problemi di deambulazione e di equilibrio, all&#8217;incontinenza e alla depressione [6]. Il trattamento della WMH \u00e8 attualmente limitato a modifiche preventive dello stile di vita e alla gestione dei fattori di rischio [7].  <\/p>\n\n<p><\/p>\n\n<figure class=\"wp-block-image size-full is-resized\"><a href=\"https:\/\/medizinonline.com\/wp-content\/uploads\/2023\/03\/Kasten_HP3_s38.png\"><img fetchpriority=\"high\" decoding=\"async\" src=\"https:\/\/medizinonline.com\/wp-content\/uploads\/2023\/03\/Kasten_HP3_s38.png\" alt=\"\" class=\"wp-image-354009\" width=\"373\" height=\"323\" srcset=\"https:\/\/medizinonline.com\/wp-content\/uploads\/2023\/03\/Kasten_HP3_s38.png 746w, https:\/\/medizinonline.com\/wp-content\/uploads\/2023\/03\/Kasten_HP3_s38-120x104.png 120w, https:\/\/medizinonline.com\/wp-content\/uploads\/2023\/03\/Kasten_HP3_s38-90x78.png 90w, https:\/\/medizinonline.com\/wp-content\/uploads\/2023\/03\/Kasten_HP3_s38-320x277.png 320w, https:\/\/medizinonline.com\/wp-content\/uploads\/2023\/03\/Kasten_HP3_s38-560x485.png 560w, https:\/\/medizinonline.com\/wp-content\/uploads\/2023\/03\/Kasten_HP3_s38-240x208.png 240w, https:\/\/medizinonline.com\/wp-content\/uploads\/2023\/03\/Kasten_HP3_s38-180x156.png 180w, https:\/\/medizinonline.com\/wp-content\/uploads\/2023\/03\/Kasten_HP3_s38-640x554.png 640w\" sizes=\"(max-width: 373px) 100vw, 373px\" \/><\/a><\/figure>\n\n<h3 id=\"ampio-campione-di-pazienti-vhf-di-72-anni-in-media\" class=\"wp-block-heading\">Ampio campione di pazienti VHF di 72 anni in media  <\/h3>\n\n<p>Tra il 2014 e il 2017, un totale di 2415 pazienti con FA documentata sono stati reclutati nello studio Swiss-AF [1]. La maggior parte di loro aveva pi\u00f9 di 65 anni. Tuttavia, per valutare gli aspetti socio-demografici, \u00e8 stato incluso anche circa il 10% dei partecipanti di et\u00e0 inferiore ai 65 anni. Il sotto-studio della coorte Swiss-AF, che ha esaminato le possibili relazioni tra attivit\u00e0 fisica e lesioni vascolari cerebrali, nonch\u00e9 il volume cerebrale e le funzioni cognitive nei pazienti anziani con VCF, ha incluso 1490 pazienti con esame di risonanza magnetica del cervello (bMRI) e dati disponibili sull&#8217;attivit\u00e0 fisica <em>(<\/em> PA) e sulle funzioni neurocognitive. L&#8217;et\u00e0 media era di 72 \u00b1 9 anni. Il 26% dei pazienti era di sesso femminile. Tra tutti i partecipanti allo studio, il 46% aveva una FA parossistica, il 31% una FA persistente e il 23% una FA permanente.  <\/p>\n\n<p><\/p>\n\n<figure class=\"wp-block-table is-style-stripes\"><table><tbody><tr><td><strong>Effetti dell&#8217;esercizio fisico sulla salute  <\/strong><br\/>L&#8217;<em>attivit\u00e0 fisica (<\/em> PA) negli adulti anziani \u00e8 associata a un minor rischio di coronaropatia, ictus ischemico e malattie cardiovascolari in generale, secondo i risultati di molti studi [12]. Di conseguenza, si ritiene che l&#8217;attivit\u00e0 fisica in et\u00e0 avanzata promuova l&#8217;integrit\u00e0 dei piccoli vasi del cervello [13]. L&#8217;attivit\u00e0 fisica regolare \u00e8 stata associata a un minor rischio di demenza o di malattia di Alzheimer negli studi longitudinali [14,15]. Al contrario, l&#8217;inattivit\u00e0 fisica negli anziani \u00e8 associata a un aumento del rischio di demenza e a scarse prestazioni nei test neurocognitivi [16,17].Inoltre, ci sono studi che collegano la PA a un maggiore volume cerebrale negli anziani [18].  <\/td><\/tr><\/tbody><\/table><\/figure>\n\n<h3 id=\"scansioni-cerebrali-con-risonanza-magnetica-e-registrazione-standardizzata-dellattivita-fisica\" class=\"wp-block-heading\"><br\/>Scansioni cerebrali con risonanza magnetica e registrazione standardizzata dell&#8217;attivit\u00e0 fisica<\/h3>\n\n<p>Le seguenti lesioni sono state rilevate con la bMRI [4]: grandi infarti non corticali e corticali (LNCCI), compresa la FLAIR &#8211; una sequenza di risonanza magnetica in grado di distinguere il fluido libero da quello legato al tessuto. FLAIR consente di identificare le lesioni che altrimenti non sarebbero chiaramente delineate a causa dei segnali RM omogeneamente luminosi. I piccoli infarti non corticali (SNCI) sono lesioni iperintense sulla FLAIR coerenti con un infarto ischemico nell&#8217;area di un&#8217;arteriola perforante (nella materia bianca, nella capsula interna o esterna, nei nuclei cerebrali profondi, nel talamo o nel tronco encefalico) [4]. Per la presente analisi, la prevalenza e il volume di LNCCI e SNCI sono stati combinati e classificati come infarto ischemico. Le microemorragie cerebrali sono state definite come aree rotonde e di piccole dimensioni (di solito 2-5 mm di diametro; ma in alcuni casi fino a 10 mm) con perdita di segnale nel vaso (il cosiddetto vuoto di segnale), che possono essere viste sulle immagini di risonanza magnetica pesate in T2, tra le altre [6]. Le microemorragie cerebrali e i WMH sono considerati marcatori di danno microangiopatico.  <\/p>\n\n<p><\/p>\n\n<figure class=\"wp-block-image size-large is-resized\"><a href=\"https:\/\/medizinonline.com\/wp-content\/uploads\/2023\/03\/kasten2_HP3_s39.png\"><img decoding=\"async\" data-src=\"https:\/\/medizinonline.com\/wp-content\/uploads\/2023\/03\/kasten2_HP3_s39-1160x535.png\" alt=\"\" class=\"wp-image-354010 lazyload\" width=\"580\" height=\"268\" data-srcset=\"https:\/\/medizinonline.com\/wp-content\/uploads\/2023\/03\/kasten2_HP3_s39-1160x535.png 1160w, https:\/\/medizinonline.com\/wp-content\/uploads\/2023\/03\/kasten2_HP3_s39-800x369.png 800w, https:\/\/medizinonline.com\/wp-content\/uploads\/2023\/03\/kasten2_HP3_s39-120x55.png 120w, https:\/\/medizinonline.com\/wp-content\/uploads\/2023\/03\/kasten2_HP3_s39-90x42.png 90w, https:\/\/medizinonline.com\/wp-content\/uploads\/2023\/03\/kasten2_HP3_s39-320x148.png 320w, https:\/\/medizinonline.com\/wp-content\/uploads\/2023\/03\/kasten2_HP3_s39-560x258.png 560w, https:\/\/medizinonline.com\/wp-content\/uploads\/2023\/03\/kasten2_HP3_s39-240x111.png 240w, https:\/\/medizinonline.com\/wp-content\/uploads\/2023\/03\/kasten2_HP3_s39-180x83.png 180w, https:\/\/medizinonline.com\/wp-content\/uploads\/2023\/03\/kasten2_HP3_s39-640x295.png 640w, https:\/\/medizinonline.com\/wp-content\/uploads\/2023\/03\/kasten2_HP3_s39-1120x517.png 1120w, https:\/\/medizinonline.com\/wp-content\/uploads\/2023\/03\/kasten2_HP3_s39.png 1470w\" data-sizes=\"(max-width: 580px) 100vw, 580px\" src=\"data:image\/svg+xml;base64,PHN2ZyB3aWR0aD0iMSIgaGVpZ2h0PSIxIiB4bWxucz0iaHR0cDovL3d3dy53My5vcmcvMjAwMC9zdmciPjwvc3ZnPg==\" style=\"--smush-placeholder-width: 580px; --smush-placeholder-aspect-ratio: 580\/268;\" \/><\/a><\/figure>\n\n<p>L&#8217;attivit\u00e0 fisica regolare (esercizio fisico regolare, RE) \u00e8 stata considerata come una sessione di esercizio moderatamente faticosa una volta alla settimana (ad esempio, esempi di jogging, nordic walking, ciclismo, aerobica o sport con la palla). Per rilevare la quantit\u00e0 e l&#8217;intensit\u00e0 dell&#8217;attivit\u00e0 fisica settimanale \u00e8 stato utilizzato il questionario internazionale sull&#8217;attivit\u00e0 fisica <em>(<\/em> IPAQ) validato, pi\u00f9 specificamente [8,9]. Come misura quantitativa della PA settimanale, \u00e8 stato calcolato l&#8217;equivalente metabolico dell&#8217;attivit\u00e0 (MET) (box) a settimana, come indice di dispendio energetico basato sulle informazioni raccolte con l&#8217;IPAQ (MET-min\/settimana). Inoltre, l&#8217;intensit\u00e0 MET \u00e8 stata aggiustata per l&#8217;et\u00e0 secondo l&#8217;<em>American College of Sports Medicine<\/em> (MET-min\/settimana aggiustato per l&#8217;et\u00e0) [10].  <\/p>\n\n<p><\/p>\n\n<figure class=\"wp-block-image size-large is-resized\"><a href=\"https:\/\/medizinonline.com\/wp-content\/uploads\/2023\/03\/abb1_HP3_s38.png\"><img decoding=\"async\" data-src=\"https:\/\/medizinonline.com\/wp-content\/uploads\/2023\/03\/abb1_HP3_s38-1160x1051.png\" alt=\"\" class=\"wp-image-354008 lazyload\" width=\"580\" height=\"526\" data-srcset=\"https:\/\/medizinonline.com\/wp-content\/uploads\/2023\/03\/abb1_HP3_s38-1160x1051.png 1160w, https:\/\/medizinonline.com\/wp-content\/uploads\/2023\/03\/abb1_HP3_s38-800x725.png 800w, https:\/\/medizinonline.com\/wp-content\/uploads\/2023\/03\/abb1_HP3_s38-120x109.png 120w, https:\/\/medizinonline.com\/wp-content\/uploads\/2023\/03\/abb1_HP3_s38-90x82.png 90w, https:\/\/medizinonline.com\/wp-content\/uploads\/2023\/03\/abb1_HP3_s38-320x290.png 320w, https:\/\/medizinonline.com\/wp-content\/uploads\/2023\/03\/abb1_HP3_s38-560x507.png 560w, https:\/\/medizinonline.com\/wp-content\/uploads\/2023\/03\/abb1_HP3_s38-240x217.png 240w, https:\/\/medizinonline.com\/wp-content\/uploads\/2023\/03\/abb1_HP3_s38-180x163.png 180w, https:\/\/medizinonline.com\/wp-content\/uploads\/2023\/03\/abb1_HP3_s38-640x580.png 640w, https:\/\/medizinonline.com\/wp-content\/uploads\/2023\/03\/abb1_HP3_s38-1120x1015.png 1120w, https:\/\/medizinonline.com\/wp-content\/uploads\/2023\/03\/abb1_HP3_s38.png 1476w\" data-sizes=\"(max-width: 580px) 100vw, 580px\" src=\"data:image\/svg+xml;base64,PHN2ZyB3aWR0aD0iMSIgaGVpZ2h0PSIxIiB4bWxucz0iaHR0cDovL3d3dy53My5vcmcvMjAwMC9zdmciPjwvc3ZnPg==\" style=\"--smush-placeholder-width: 580px; --smush-placeholder-aspect-ratio: 580\/526;\" \/><\/a><\/figure>\n\n<h3 id=\"meno-lesioni-vascolari-con-unattivita-fisica-regolare\" class=\"wp-block-heading\">Meno lesioni vascolari con un&#8217;attivit\u00e0 fisica regolare<\/h3>\n\n<p>I pazienti con attivit\u00e0 fisica regolare (RE) hanno raggiunto una mediana di 4343 MET-min\/settimana aggiustati per l&#8217;et\u00e0 (IQR**=2195-7862), mentre i pazienti senza attivit\u00e0 RE hanno raggiunto una mediana di 2540 MET-min\/settimana aggiustati per l&#8217;et\u00e0 (IQR=987-6389) [1]. I pazienti che hanno svolto attivit\u00e0 di RE erano pi\u00f9 giovani e tendevano ad avere meno fattori di rischio cardiovascolare, come il diabete o l&#8217;ipertensione, assumevano meno farmaci cardiovascolari e avevano un livello di istruzione pi\u00f9 elevato rispetto ai pazienti che non hanno riferito alcuna attivit\u00e0 di RE. Il punteggio medio <sub>CHA2DS2-VASc<\/sub> dell&#8217;intera popolazione analizzata era di 3,2 \u00b1 1,7. (Il punteggio <sub>CHA2DS2-VASc<\/sub> viene utilizzato per valutare il rischio di ictus nella fibrillazione atriale). Complessivamente, i pazienti con attivit\u00e0 fisica quotidiana regolare avevano meno probabilit\u00e0 di avere infarti ischemici (33% vs. 42%) e meno probabilit\u00e0 di avere microemorragie cerebrali (19% vs. 24%) o WMH da moderati a gravi (48% vs. 58%) rispetto ai pazienti con poca o nessuna attivit\u00e0 fisica <strong>(Fig. 1) <\/strong>.  <\/p>\n\n<p class=\"has-small-font-size\"><em>** IQR = intervallo interquartile<\/em><\/p>\n\n<p><\/p>\n\n<p><\/p>\n\n<p>Letteratura:<\/p>\n\n<ol class=\"wp-block-list\">\n<li>Herber E, et al; SWISS-AF Investigators. Attivit\u00e0 fisica e salute del cervello nei pazienti con fibrillazione atriale. Eur J Neurol 2023; 30(3): 567-577.<\/li>\n\n\n\n<li>Berman JP, et al: Fibrillazione atriale e anomalie della risonanza magnetica cerebrale. Stroke 2019; 50: 783-788.<\/li>\n\n\n\n<li>Kalantarian S, et al: Deterioramento cognitivo associato alla fibrillazione atriale: una meta-analisi. Ann Intern Med 2013; 158: 338-346.  <\/li>\n\n\n\n<li>Conen D, et al: Relazioni tra lesioni cerebrali evidenti e silenti con la funzione cognitiva nei pazienti con fibrillazione atriale. J Am Coll Cardiol 2019; 73: 989-999.<\/li>\n\n\n\n<li>Chen LY, et al: Fibrillazione atriale e declino cognitivo &#8211; il ruolo degli infarti cerebrali subclinici: lo studio sul rischio di aterosclerosi nelle comunit\u00e0. Stroke 2014; 45: 2568-2574.<\/li>\n\n\n\n<li>Schanz EM: Influenza delle iperintensit\u00e0 della materia bianca sulla cognizione e sulla funzione motoria in individui anziani sani con marcatori prodromici della sindrome di Parkinson idiopatica, 2021, <a href=\"https:\/\/macau.uni-kiel.de\" target=\"_blank\" rel=\"noreferrer noopener\">https:\/\/macau.uni-kiel.de,<\/a>(ultimo accesso 09.03.2023).  <\/li>\n\n\n\n<li>Alber J, et al: Iperintensit\u00e0 della materia bianca nei contributi vascolari al deterioramento cognitivo e alla demenza (VCID): lacune nella conoscenza e opportunit\u00e0. Alzheimers Dement (N Y) 2019; 5: 107-117.<\/li>\n\n\n\n<li>8 Craig CL, et al: Questionario internazionale sull&#8217;attivit\u00e0 fisica: affidabilit\u00e0 e validit\u00e0 in 12 Paesi. Med Sci Sports Exerc 2003; 35: 1381-1395.<\/li>\n\n\n\n<li>Wanner M, et al.: Convalida del questionario internazionale sull&#8217;attivit\u00e0 fisica lunga: influenza dell&#8217;et\u00e0 e della regione linguistica. Prev Med Rep 2016; 3: 250-256.  <\/li>\n\n\n\n<li>Garber CE, et al: Posizione dell&#8217;American College of Sports Medicine. Quantit\u00e0 e qualit\u00e0 dell&#8217;esercizio fisico per lo sviluppo e il mantenimento della forma fisica cardiorespiratoria, muscolo-scheletrica e neuromotoria negli adulti apparentemente sani: guida alla prescrizione dell&#8217;esercizio fisico. Med Sci Sports Exerc 2011; 43: 1334-1359.<\/li>\n\n\n\n<li>Coorte svizzera di fibrillazione atriale, <a href=\"http:\/\/www.swissaf.ch\/index_de_.htm\" target=\"_blank\" rel=\"noreferrer noopener\">www.swissaf.ch\/index_de_.htm,<\/a>(ultimo accesso 09.03.2023)  <\/li>\n\n\n\n<li>Soares-Miranda L, et al: Attivit\u00e0 fisica e rischio di malattia coronarica e ictus negli adulti anziani: lo studio sulla salute cardiovascolare. Circulation 2016; 133: 147-155.<\/li>\n\n\n\n<li>Shaaban CE, et al: Attivit\u00e0 fisica e integrit\u00e0 delle piccole vene cerebrali negli anziani. Med Sci Sports Exerc 2019; 51: 1684-1691.<\/li>\n\n\n\n<li>Scarmeas N, et al: Attivit\u00e0 fisica, dieta e rischio di malattia di Alzheimer. JAMA 2009; 302: 627-637.<\/li>\n\n\n\n<li>de Bruijn RF, et al: L&#8217;associazione tra attivit\u00e0 fisica e demenza in una popolazione anziana: lo studio di Rotterdam. Eur J Epidemiol 2013; 28: 277-283.<\/li>\n\n\n\n<li>Tan ZS, et al: Attivit\u00e0 fisica, volume cerebrale e rischio di demenza: lo studio Framingham. J Gerontol A Biol Sci Med Sci 2017; 72: 789-795.<\/li>\n\n\n\n<li>Moroni F, et al: Malattie cardiovascolari e salute del cervello: focus sulle iperintensit\u00e0 della materia bianca. Int J Cardiol Heart Vasc 2018; 19: 63-69.<\/li>\n\n\n\n<li>Gu Y, et al: Valutazione dell&#8217;attivit\u00e0 fisica nel tempo libero e della salute del cervello in una coorte multietnica di adulti anziani. JAMA Netw Open 2020; 3:e2026506.<\/li>\n\n\n\n<li>Miko HC, et al: Effetti dell&#8217;attivit\u00e0 fisica sulla salute [Effects of Physical Activity on Health]. Salute pubblica 2020; 82(S 03): S184-S195.<\/li>\n<\/ol>\n\n<p class=\"has-small-font-size\"><em>PRATICA GP 2023; 18(3): 38-39<\/em><\/p>\n","protected":false},"excerpt":{"rendered":"<p>Swiss-AF \u00e8 uno studio osservazionale prospettico condotto in tutta la Svizzera in un totale di 14 centri per indagare la relazione tra la fibrillazione atriale e le prestazioni cerebrali compromesse.&hellip;<\/p>\n","protected":false},"author":7,"featured_media":255647,"comment_status":"closed","ping_status":"closed","sticky":false,"template":"","format":"standard","meta":{"_acf_changed":false,"pmpro_default_level":"","cat_1_feature_home_top":false,"cat_2_editor_pick":false,"csco_eyebrow_text":"Fibrillazione atriale (VHF) - Studio Swiss-AF  ","footnotes":""},"category":[11366,11519,11306,11371,11473,11550,11515],"tags":[32246,14792,67071,67083,67078,67086,67073,40078],"powerkit_post_featured":[],"class_list":["post-355148","post","type-post","status-publish","format-standard","has-post-thumbnail","category-cardiologia-it","category-formazione-continua","category-medicina-interna-generale","category-neurologia-it","category-prevenzione-e-assistenza-sanitaria","category-rx-it","category-studi","tag-attivita-fisica","tag-fibrillazione-atriale","tag-lesione-cerebrale-it-2","tag-lesioni-vascolari-del-cervello","tag-pazienti-con-vhf","tag-studio-osservazionale-prospettico","tag-studio-svizzero-sulla-fibrillazione-atriale","tag-vhf-it","pmpro-has-access"],"acf":[],"publishpress_future_action":{"enabled":false,"date":"2026-05-04 10:26:30","action":"change-status","newStatus":"draft","terms":[],"taxonomy":"category","extraData":[]},"publishpress_future_workflow_manual_trigger":{"enabledWorkflows":[]},"wpml_current_locale":"it_IT","wpml_translations":{"pt_PT":{"locale":"pt_PT","id":355163,"slug":"actividade-fisica-e-lesoes-cerebrais-vasculares-em-doentes-idosos-com-vhf","post_title":"Actividade f\u00edsica e les\u00f5es cerebrais vasculares em doentes idosos com VHF","href":"https:\/\/medizinonline.com\/pt-pt\/actividade-fisica-e-lesoes-cerebrais-vasculares-em-doentes-idosos-com-vhf\/"},"es_ES":{"locale":"es_ES","id":355109,"slug":"actividad-fisica-y-lesiones-cerebrales-vasculares-en-pacientes-ancianos-con-fhv","post_title":"Actividad f\u00edsica y lesiones cerebrales vasculares en pacientes ancianos con FHV","href":"https:\/\/medizinonline.com\/es\/actividad-fisica-y-lesiones-cerebrales-vasculares-en-pacientes-ancianos-con-fhv\/"}},"_links":{"self":[{"href":"https:\/\/medizinonline.com\/it\/wp-json\/wp\/v2\/posts\/355148","targetHints":{"allow":["GET"]}}],"collection":[{"href":"https:\/\/medizinonline.com\/it\/wp-json\/wp\/v2\/posts"}],"about":[{"href":"https:\/\/medizinonline.com\/it\/wp-json\/wp\/v2\/types\/post"}],"author":[{"embeddable":true,"href":"https:\/\/medizinonline.com\/it\/wp-json\/wp\/v2\/users\/7"}],"replies":[{"embeddable":true,"href":"https:\/\/medizinonline.com\/it\/wp-json\/wp\/v2\/comments?post=355148"}],"version-history":[{"count":1,"href":"https:\/\/medizinonline.com\/it\/wp-json\/wp\/v2\/posts\/355148\/revisions"}],"predecessor-version":[{"id":355160,"href":"https:\/\/medizinonline.com\/it\/wp-json\/wp\/v2\/posts\/355148\/revisions\/355160"}],"wp:featuredmedia":[{"embeddable":true,"href":"https:\/\/medizinonline.com\/it\/wp-json\/wp\/v2\/media\/255647"}],"wp:attachment":[{"href":"https:\/\/medizinonline.com\/it\/wp-json\/wp\/v2\/media?parent=355148"}],"wp:term":[{"taxonomy":"category","embeddable":true,"href":"https:\/\/medizinonline.com\/it\/wp-json\/wp\/v2\/category?post=355148"},{"taxonomy":"post_tag","embeddable":true,"href":"https:\/\/medizinonline.com\/it\/wp-json\/wp\/v2\/tags?post=355148"},{"taxonomy":"powerkit_post_featured","embeddable":true,"href":"https:\/\/medizinonline.com\/it\/wp-json\/wp\/v2\/powerkit_post_featured?post=355148"}],"curies":[{"name":"wp","href":"https:\/\/api.w.org\/{rel}","templated":true}]}}