{"id":355958,"date":"2023-04-27T01:00:00","date_gmt":"2023-04-26T23:00:00","guid":{"rendered":"https:\/\/medizinonline.com\/gli-spinaliomi-possono-anche-svilupparsi-da-cheratosi-attiniche-precoci\/"},"modified":"2023-05-04T16:04:47","modified_gmt":"2023-05-04T14:04:47","slug":"gli-spinaliomi-possono-anche-svilupparsi-da-cheratosi-attiniche-precoci","status":"publish","type":"post","link":"https:\/\/medizinonline.com\/it\/gli-spinaliomi-possono-anche-svilupparsi-da-cheratosi-attiniche-precoci\/","title":{"rendered":"Gli spinaliomi possono anche svilupparsi da cheratosi attiniche precoci"},"content":{"rendered":"\n<p><strong>Attualmente non \u00e8 possibile prevedere quali cheratosi attiniche (AK) si svilupperanno in un carcinoma a cellule squamose (PEK). I risultati dello studio mostrano che la PEK invasiva pu\u00f2 formarsi anche da AK di grado I. Pertanto, l&#8217;AK dovrebbe essere trattata come una questione di principio. Il trattamento precoce non solo previene lo sviluppo di tumori cutanei potenzialmente gravi, ma pu\u00f2 anche migliorare la qualit\u00e0 della vita.  <\/strong><\/p>\n\n<!--more-->\n\n<p>I dati sull&#8217;incidenza e la prevalenza della cheratosi attinica (AK) variano, il che ha a che fare con differenze metodologiche e geografiche. Il Prof. Dr. med. Robert Hunger, Centro Tumori della Pelle, Primario di Dermatologia, Inselspital di Berna, ha fatto riferimento a uno studio in cui \u00e8 stato chiesto a 48 studi dermatologici in Austria di esaminare a caso 100 pazienti di et\u00e0 superiore ai 30 anni per la presenza di AK [1]. In un totale di 4449 pazienti, Eder et al. ha riscontrato una prevalenza complessiva di AK del 31,0%, con un tasso di prevalenza pi\u00f9 alto negli uomini (39,2%) rispetto alle donne (24,3%) e un aumento correlato all&#8217;et\u00e0 in entrambi i sessi. Le AK si manifestano in aree visibili ed esposte alla luce, come il viso, il cuoio capelluto e il dorso delle mani, e possono potenzialmente progredire in un carcinoma invasivo a cellule squamose (PEC) [2].  <\/p>\n\n<h3 id=\"dose-cumulativa-di-radiazioni-uvb-a-rischio\" class=\"wp-block-heading\">Dose cumulativa di radiazioni UVB a rischio<\/h3>\n\n<p>I fattori di rischio pi\u00f9 importanti per la AK sono i danni da raggi UV, il tipo di pelle chiara e l&#8217;immunosoppressione, ha spiegato il relatore. Oltre a quelle gi\u00e0 citate, si parla anche delle infezioni da HPV come fattore di rischio per l&#8217;AK. La relazione tra l&#8217;esposizione cumulativa ai raggi UV e la comparsa di AK e PEK \u00e8 considerata empiricamente provata [3]. In particolare, la dose cumulativa di radiazioni UVB provoca danni al DNA, mutazioni nel gene soppressore del tumore &#8220;p53&#8221; e disregolazione di varie vie di segnalazione. I professionisti che lavorano all&#8217;aperto, come i giardinieri, gli agricoltori e le guide alpine, hanno una maggiore prevalenza di AK. La misura preventiva pi\u00f9 importante \u00e8 proteggersi dai raggi UV indossando indumenti e creme solari.<\/p>\n\n<h3 id=\"la-ak-di-grado-i-puo-anche-svilupparsi-in-una-pek-invasiva\" class=\"wp-block-heading\">La AK di grado I pu\u00f2 anche svilupparsi in una PEK invasiva.<\/h3>\n\n<p>Circa il 70% degli spinaliomi si sviluppa da AK. La classificazione secondo Olsen divide la AK in tre gradi basati su criteri clinico-morfologici, anche se questo non ha alcun significato prognostico, come dimostrano studi recenti <strong>(panoramica 1)<\/strong>. &#8220;Gli spinaliomi possono gi\u00e0 svilupparsi da cheratosi attiniche precoci&#8221;, ha spiegato il Prof. Hunger [1]. Fern\u00e1ndez-Figueras \u00e8 stato il primo a dimostrare che le AK di grado I possono anche trasformarsi in PEK invasiva [4]. Mentre in media il 6-16% dei pazienti con AK sviluppa carcinomi invasivi (0,5% all&#8217;anno per AK), questo tasso \u00e8 del 40% nei pazienti immunosoppressi. I pazienti sottoposti a trapianto di organi muoiono pi\u00f9 spesso a causa di tumori della pelle che di insufficienza dell&#8217;organo, ha detto il relatore.<\/p>\n<div class=\"wp-block-image\">\n<figure class=\"aligncenter size-large is-resized\"><a href=\"https:\/\/medizinonline.com\/wp-content\/uploads\/2023\/04\/Ubersicht1_DP2_s18.png\"><img fetchpriority=\"high\" decoding=\"async\" src=\"https:\/\/medizinonline.com\/wp-content\/uploads\/2023\/04\/Ubersicht1_DP2_s18-1160x194.png\" alt=\"\" class=\"wp-image-355525\" width=\"580\" height=\"97\" srcset=\"https:\/\/medizinonline.com\/wp-content\/uploads\/2023\/04\/Ubersicht1_DP2_s18-1160x194.png 1160w, https:\/\/medizinonline.com\/wp-content\/uploads\/2023\/04\/Ubersicht1_DP2_s18-800x134.png 800w, https:\/\/medizinonline.com\/wp-content\/uploads\/2023\/04\/Ubersicht1_DP2_s18-2048x343.png 2048w, https:\/\/medizinonline.com\/wp-content\/uploads\/2023\/04\/Ubersicht1_DP2_s18-120x20.png 120w, https:\/\/medizinonline.com\/wp-content\/uploads\/2023\/04\/Ubersicht1_DP2_s18-90x15.png 90w, https:\/\/medizinonline.com\/wp-content\/uploads\/2023\/04\/Ubersicht1_DP2_s18-320x54.png 320w, https:\/\/medizinonline.com\/wp-content\/uploads\/2023\/04\/Ubersicht1_DP2_s18-560x94.png 560w, https:\/\/medizinonline.com\/wp-content\/uploads\/2023\/04\/Ubersicht1_DP2_s18-1920x321.png 1920w, https:\/\/medizinonline.com\/wp-content\/uploads\/2023\/04\/Ubersicht1_DP2_s18-240x40.png 240w, https:\/\/medizinonline.com\/wp-content\/uploads\/2023\/04\/Ubersicht1_DP2_s18-180x30.png 180w, https:\/\/medizinonline.com\/wp-content\/uploads\/2023\/04\/Ubersicht1_DP2_s18-640x107.png 640w, https:\/\/medizinonline.com\/wp-content\/uploads\/2023\/04\/Ubersicht1_DP2_s18-1120x188.png 1120w, https:\/\/medizinonline.com\/wp-content\/uploads\/2023\/04\/Ubersicht1_DP2_s18-1600x268.png 1600w, https:\/\/medizinonline.com\/wp-content\/uploads\/2023\/04\/Ubersicht1_DP2_s18.png 2198w\" sizes=\"(max-width: 580px) 100vw, 580px\" \/><\/a><\/figure>\n<\/div>\n<h3 id=\"ak-o-pek-invasiva-la-dermatoscopia-fa-chiarezza\" class=\"wp-block-heading\">AK o PEK invasiva? La dermatoscopia fa chiarezza<\/h3>\n\n<p>La diagnosi di cheratosi attinica si effettua principalmente con l&#8217;esame clinico e l&#8217;ispezione. In genere, le AK sono focolai squamosi e ruvidi di colore da rossastro a brunastro, per lo pi\u00f9 maculari su aree cutanee cronicamente esposte al sole. Nella maggior parte dei casi, non c&#8217;\u00e8 prurito. In caso di risultati clinicamente poco chiari, la dermoscopia pu\u00f2 essere molto utile, ha detto il relatore, soprattutto per assicurarsi che non ci sia un&#8217;infiltrazione <strong>(Fig. 1)<\/strong> [1]. Inoltre, \u00e8 possibile utilizzare la microscopia laser confocale, anch&#8217;essa spesso utilizzata per scopi di ricerca. &#8220;Le cheratosi attiniche si vedono bene in dermoscopia&#8221;, ha riferito il relatore, aggiungendo che si tratta di punti bianchi sulla pelle arrossata, caratterizzati da un &#8216;motivo a fragola&#8217; [1]. Nel carcinoma invasivo, invece, si vede la massa tumorale circondata da vasi atipici. &#8220;La dermatoscopia \u00e8 uno strumento molto importante per individuare l&#8217;AK e distinguere se qualcosa \u00e8 gi\u00e0 invasivo o meno&#8221;, ha riassunto il Prof. Hunger [1].  <\/p>\n\n<p><\/p>\n<div class=\"wp-block-image\">\n<figure class=\"aligncenter size-large is-resized\"><a href=\"https:\/\/medizinonline.com\/wp-content\/uploads\/2023\/04\/abb1_DP2_s19.jpg\"><img decoding=\"async\" data-src=\"https:\/\/medizinonline.com\/wp-content\/uploads\/2023\/04\/abb1_DP2_s19-1160x522.jpg\" alt=\"\" class=\"wp-image-355528 lazyload\" width=\"580\" height=\"261\" data-srcset=\"https:\/\/medizinonline.com\/wp-content\/uploads\/2023\/04\/abb1_DP2_s19-1160x522.jpg 1160w, https:\/\/medizinonline.com\/wp-content\/uploads\/2023\/04\/abb1_DP2_s19-800x360.jpg 800w, https:\/\/medizinonline.com\/wp-content\/uploads\/2023\/04\/abb1_DP2_s19-2048x922.jpg 2048w, https:\/\/medizinonline.com\/wp-content\/uploads\/2023\/04\/abb1_DP2_s19-120x54.jpg 120w, https:\/\/medizinonline.com\/wp-content\/uploads\/2023\/04\/abb1_DP2_s19-90x41.jpg 90w, https:\/\/medizinonline.com\/wp-content\/uploads\/2023\/04\/abb1_DP2_s19-320x144.jpg 320w, https:\/\/medizinonline.com\/wp-content\/uploads\/2023\/04\/abb1_DP2_s19-560x252.jpg 560w, https:\/\/medizinonline.com\/wp-content\/uploads\/2023\/04\/abb1_DP2_s19-1920x864.jpg 1920w, https:\/\/medizinonline.com\/wp-content\/uploads\/2023\/04\/abb1_DP2_s19-240x108.jpg 240w, https:\/\/medizinonline.com\/wp-content\/uploads\/2023\/04\/abb1_DP2_s19-180x81.jpg 180w, https:\/\/medizinonline.com\/wp-content\/uploads\/2023\/04\/abb1_DP2_s19-640x288.jpg 640w, https:\/\/medizinonline.com\/wp-content\/uploads\/2023\/04\/abb1_DP2_s19-1120x504.jpg 1120w, https:\/\/medizinonline.com\/wp-content\/uploads\/2023\/04\/abb1_DP2_s19-1600x720.jpg 1600w, https:\/\/medizinonline.com\/wp-content\/uploads\/2023\/04\/abb1_DP2_s19.jpg 2213w\" data-sizes=\"(max-width: 580px) 100vw, 580px\" src=\"data:image\/svg+xml;base64,PHN2ZyB3aWR0aD0iMSIgaGVpZ2h0PSIxIiB4bWxucz0iaHR0cDovL3d3dy53My5vcmcvMjAwMC9zdmciPjwvc3ZnPg==\" style=\"--smush-placeholder-width: 580px; --smush-placeholder-aspect-ratio: 580\/261;\" \/><\/a><\/figure>\n<\/div>\n<h3 id=\"quali-sono-i-vantaggi-e-gli-svantaggi-di-ciascuna-opzione-di-trattamento\" class=\"wp-block-heading\">Quali sono i vantaggi e gli svantaggi di ciascuna opzione di trattamento?<\/h3>\n\n<p>&#8220;Non esiste il trattamento migliore o il trattamento giusto&#8221;, ha detto il relatore [1]. Ha detto che \u00e8 importante scegliere il trattamento giusto per il singolo paziente e che si tratta di un&#8217;opzione terapeutica in cui le persone hanno fiducia. Tutte le opzioni terapeutiche di cui sopra si sono dimostrate efficaci in alcuni pazienti e i risultati degli studi comparativi non sono stati chiaramente a favore di una o dell&#8217;altra forma di trattamento. Un criterio importante \u00e8 rappresentato dalle preferenze del paziente e da quanto sia possibile la compliance e quali effetti collaterali siano accettati.  <\/p>\n\n<p>La <strong>crioterapia<\/strong> \u00e8 una procedura molto utilizzata. L&#8217;applicazione del freddo provoca la formazione di cristalli di ghiaccio extra- e intracellulari e le cellule vengono distrutte con conseguente formazione di vesciche e croste [5]. Un vantaggio della crioterapia \u00e8 che pu\u00f2 essere eseguita rapidamente; uno svantaggio \u00e8 che possono svilupparsi cicatrici ipopigmentate a chiazze [7]. Nei pazienti con AK multipli e cancerogenesi di campo, \u00e8 stato dimostrato che la combinazione di crioterapia e trattamento topico \u00e8 pi\u00f9 efficace della monoterapia [6].  <\/p>\n\n<p>Anche la <strong>terapia fotodinamica <\/strong>(PDT) \u00e8 ampiamente utilizzata. Per la PDT, l&#8217;acido 5-aminolevulinico (5-ALA), il suo estere metil 5-aminolevulinato (MAL) o il metilamino-osso-pentanoato (MAOP) vengono applicati sull&#8217;area da trattare. Queste sostanze si accumulano selettivamente nei cheratinociti atipici e vengono convertite in protoporfirina IX (PPIX), un fotosensibilizzante proprio dell&#8217;organismo. La fotoattivazione con la luce di una lunghezza d&#8217;onda adeguata genera specie reattive dell&#8217;ossigeno e porta al danno cellulare e alla distruzione selettiva delle cellule tumorali [8]. Uno svantaggio di questa opzione di trattamento \u00e8 che si tratta di una procedura relativamente complessa e spesso molto dolorosa.  <\/p>\n\n<p>La <strong>PDT diurna<\/strong> \u00e8 una versione pi\u00f9 recente e meno dolorosa della PDT convenzionale. Dopo l&#8217;applicazione preliminare di un filtro chimico di protezione dalla luce, il fotosensibilizzatore (ad esempio <sup>Metvix\u00ae<\/sup> o <sup>Ameluz\u00ae<\/sup> [12] ) viene applicato in modo sottile sul viso e sul capillizio e il paziente viene poi esposto alla luce del giorno per due ore entro 30 minuti [8]. Come dimostrano gli studi, la PDT alla luce del giorno ha dimostrato di essere equivalente al metodo convenzionale [9]. La temperatura esterna deve essere superiore a 10 gradi e la luce solare deve essere minima. Tuttavia, con gli attuali dispositivi di illuminazione (luce artificiale, LED), questa procedura pu\u00f2 essere eseguita anche in ambienti chiusi, ha detto il relatore [1].  <\/p>\n\n<p><strong>Imiquimod <\/strong>(ad esempio <sup>Aldara\u00ae<\/sup> crema 5% o <sup>Zyclara\u00ae<\/sup> crema 37,5 mg\/g [12] \u00e8 un immunomodulatore topico che si lega al recettore Toll-like 7 e induce effetti antivirali e antitumorali. Imiquimod deve essere autosomministrato dal paziente per un periodo di trattamento di diversi mesi.  <\/p>\n\n<p><\/p>\n<div class=\"wp-block-image\">\n<figure class=\"aligncenter size-full is-resized\"><a href=\"https:\/\/medizinonline.com\/wp-content\/uploads\/2023\/04\/abb2_DP2_s19.jpg\"><img decoding=\"async\" data-src=\"https:\/\/medizinonline.com\/wp-content\/uploads\/2023\/04\/abb2_DP2_s19.jpg\" alt=\"\" class=\"wp-image-355531 lazyload\" width=\"387\" height=\"610\" data-srcset=\"https:\/\/medizinonline.com\/wp-content\/uploads\/2023\/04\/abb2_DP2_s19.jpg 774w, https:\/\/medizinonline.com\/wp-content\/uploads\/2023\/04\/abb2_DP2_s19-120x189.jpg 120w, https:\/\/medizinonline.com\/wp-content\/uploads\/2023\/04\/abb2_DP2_s19-90x142.jpg 90w, https:\/\/medizinonline.com\/wp-content\/uploads\/2023\/04\/abb2_DP2_s19-320x504.jpg 320w, https:\/\/medizinonline.com\/wp-content\/uploads\/2023\/04\/abb2_DP2_s19-560x882.jpg 560w, https:\/\/medizinonline.com\/wp-content\/uploads\/2023\/04\/abb2_DP2_s19-240x378.jpg 240w, https:\/\/medizinonline.com\/wp-content\/uploads\/2023\/04\/abb2_DP2_s19-180x283.jpg 180w, https:\/\/medizinonline.com\/wp-content\/uploads\/2023\/04\/abb2_DP2_s19-640x1008.jpg 640w\" data-sizes=\"(max-width: 387px) 100vw, 387px\" src=\"data:image\/svg+xml;base64,PHN2ZyB3aWR0aD0iMSIgaGVpZ2h0PSIxIiB4bWxucz0iaHR0cDovL3d3dy53My5vcmcvMjAwMC9zdmciPjwvc3ZnPg==\" style=\"--smush-placeholder-width: 387px; --smush-placeholder-aspect-ratio: 387\/610;\" \/><\/a><\/figure>\n<\/div>\n<p>Il <strong>Diclofenac<\/strong> \u00e8 un principio attivo del gruppo dei farmaci antinfiammatori non steroidei, che viene utilizzato sotto forma di gel al 3% per il trattamento locale dell&#8217;AK. Inibendo l&#8217;enzima ciclossigenasi-2 (COX-2), si inibisce la proliferazione cellulare, la vascolarizzazione e l&#8217;infiammazione e si promuove l&#8217;apoptosi delle cellule malate. Il gel viene applicato al mattino e alla sera per due o tre mesi.  <\/p>\n\n<p><strong>Tirbanibulin<\/strong> <sup>(Klisyri\u00ae<\/sup>) [12] \u00e8 una nuova opzione di trattamento. Questo preparato, disponibile come unguento, \u00e8 stato approvato in Svizzera dal giugno 2022. La tirbanibulina \u00e8 un agente citotossico e proapoptotico del gruppo degli inibitori della tubulina. Gli effetti si basano sul legame diretto con la tubulina e sull&#8217;inibizione della chinasi Src. Il fatto che i pazienti debbano applicare questa preparazione topica solo una volta per cinque giorni consecutivi \u00e8 un vantaggio in termini di compliance. C&#8217;\u00e8 una guarigione lenta con una riduzione significativa dell&#8217;AK. La tirbanibulina \u00e8 approvata per l&#8217;AK I e II.<\/p>\n\n<p><em>Congresso: Swiss Derma Day  <\/em><\/p>\n\n<p><br\/>Letteratura:<\/p>\n\n<ol class=\"wp-block-list\">\n<li>\u00abAktinische Keratosen: Wann und wie behandeln\u00bb, Prof. Dr. med. Robert Hunger, Swiss Derma Day 12.01.2023. <\/li>\n\n\n\n<li>Fernandez Figueras MT: From actinic keratosis to squamous cell carcinoma: pathophysiology revisited. Journal of the European Academy of Dermatology and Venereology 2017; 31(S2): 5\u20137. <\/li>\n\n\n\n<li>Schmitt J, et al.: Occupational ultraviolet light exposure increases the risk for the development of cutaneous squamous cell carcinoma: a systematic review and meta-analysis. British Journal of Dermatology 2011; 164(2): 291\u2013307.<\/li>\n\n\n\n<li>Fern\u00e1ndez-Figueras MT, et al.: Actinic keratosis with atypical basal cells (AK I) is the most common lesion associated with invasive squamous cell carcinoma of the skin. J Eur Acad Dermatol Venereol 2015; 29(5): 991\u2013997.<\/li>\n\n\n\n<li>Vegter S, Tolley K: A network meta-analysis of the relative efficacy of treatments for actinic keratosis of the face or scalp in Europe. PLoS One 2014; 9(6): e96829. <\/li>\n\n\n\n<li>Heppt MV, et al.: Cryosurgery combined with topical interventions for actinic keratosis: a systematic review and meta-analysis. Br J Dermatol 2019; 180(4): 740\u2013748. <\/li>\n\n\n\n<li>Borik-Heil L, Geusau A: Aktinische Keratosen. hautnah 2021; 20: 45\u201355. <\/li>\n\n\n\n<li>Leitlinienprogramm Onkologie, AWMF, S3-Leitlinie Aktinische Keratose und Plattenepithelkarzinom der Haut, Langversion 1.0, M\u00e4rz 2020. <\/li>\n\n\n\n<li>Tampa M, Sarbu MI, Matei C: Photodynamic therapy: a hot topic in dermato-oncology. Oncol Lett 2019; 17(5): 4085\u20134093. <\/li>\n\n\n\n<li>Olsen EA, et al.: A double-blind, vehicle-controlled study evaluating masoprocol cream in the treatment of actinic keratoses on the head and neck. Journal of the American Academy of Dermatology 1991; 24(5): 738\u2013743.<\/li>\n\n\n\n<li>Zielbauer S: Wenn der Patient die Wahl hat \u2013 Zufriedenheit bei der Behandlung aktinischer Keratosen und Ermittlung allgemeiner Therapiepr\u00e4ferenzen, 2021, <a href=\"https:\/\/openscience.ub.uni-mainz.de\" target=\"_blank\" rel=\"noreferrer noopener\">https:\/\/openscience.ub.uni-mainz.de<\/a>, (ultimo accesso 01.03.2023) <\/li>\n\n\n\n<li>Informazioni sui farmaci, <a href=\"http:\/\/www.swissmedicinfo.ch\" target=\"_blank\" rel=\"noreferrer noopener\">www.swissmedicinfo.ch,<\/a>(ultimo accesso 01.03.2023)<\/li>\n\n\n\n<li>Casari A, Chester J, Pellacani G: Actinic Keratosis and Non-Invasive Diagnostic Techniques: An Update. Biomedicines 2018, 6\u20138. <a href=\"http:\/\/www.mdpi.com\/2227-9059\/6\/1\/8\" target=\"_blank\" rel=\"noreferrer noopener\">www.mdpi.com\/2227-9059\/6\/1\/8<\/a>.<\/li>\n<\/ol>\n\n<p><\/p>\n\n<p class=\"has-small-font-size\"><em>DERMATOLOGIE PRAXIS 2023; 33(2): 18\u201319 (pubblicato il 20.4.23, prima della stampa).<\/em><br\/><em>InFo ONKOLOGIE &amp; H\u00c4MATOLOGIE 2023; 11(2): 30\u201331<\/em><\/p>\n","protected":false},"excerpt":{"rendered":"<p>Attualmente non \u00e8 possibile prevedere quali cheratosi attiniche (AK) si svilupperanno in un carcinoma a cellule squamose (PEK). I risultati dello studio mostrano che la PEK invasiva pu\u00f2 formarsi anche&hellip;<\/p>\n","protected":false},"author":7,"featured_media":93523,"comment_status":"closed","ping_status":"closed","sticky":false,"template":"","format":"standard","meta":{"_acf_changed":false,"pmpro_default_level":"","cat_1_feature_home_top":false,"cat_2_editor_pick":false,"csco_eyebrow_text":"Cheratosi attiniche ","footnotes":""},"category":[11351,11376,11522,11550,11515],"tags":[14641,49806,14653,12378,14305,20770,11910,35924,24362,34607,14642,67308,14655,35439,14635,67312,24146,18051,67321],"powerkit_post_featured":[],"class_list":["post-355958","post","type-post","status-publish","format-standard","has-post-thumbnail","category-dermatologia-e-venereologia","category-oncologia-it","category-rapporti-del-congresso","category-rx-it","category-studi","tag-5-ala-it","tag-aldara-it","tag-ameluz-it","tag-cancro-della-pelle","tag-carcinoma-a-cellule-squamose","tag-cheratosi-attiniche","tag-crioterapia-it","tag-diclofenac-it","tag-imiquimod-it","tag-luce-del-giorno-pdt","tag-mal-it","tag-metil-5-aminolevulinato","tag-metvix-it","tag-ospedale-insulare-di-berna","tag-pdt-it","tag-robert-hunger-it","tag-terapia-fotodinamica","tag-tirbanibulin-it","tag-zyclara-it","pmpro-has-access"],"acf":[],"publishpress_future_action":{"enabled":false,"date":"2026-05-07 19:02:14","action":"change-status","newStatus":"draft","terms":[],"taxonomy":"category","extraData":[]},"publishpress_future_workflow_manual_trigger":{"enabledWorkflows":[]},"wpml_current_locale":"it_IT","wpml_translations":{"pt_PT":{"locale":"pt_PT","id":355988,"slug":"os-espinaliomas-podem-tambem-desenvolver-se-a-partir-de-ceratoses-actinicas-precoces","post_title":"Os espinaliomas podem tamb\u00e9m desenvolver-se a partir de ceratoses act\u00ednicas precoces","href":"https:\/\/medizinonline.com\/pt-pt\/os-espinaliomas-podem-tambem-desenvolver-se-a-partir-de-ceratoses-actinicas-precoces\/"},"es_ES":{"locale":"es_ES","id":356013,"slug":"los-espinaliomas-tambien-pueden-desarrollarse-a-partir-de-queratosis-actinicas-tempranas","post_title":"Los espinaliomas tambi\u00e9n pueden desarrollarse a partir de queratosis act\u00ednicas tempranas","href":"https:\/\/medizinonline.com\/es\/los-espinaliomas-tambien-pueden-desarrollarse-a-partir-de-queratosis-actinicas-tempranas\/"}},"_links":{"self":[{"href":"https:\/\/medizinonline.com\/it\/wp-json\/wp\/v2\/posts\/355958","targetHints":{"allow":["GET"]}}],"collection":[{"href":"https:\/\/medizinonline.com\/it\/wp-json\/wp\/v2\/posts"}],"about":[{"href":"https:\/\/medizinonline.com\/it\/wp-json\/wp\/v2\/types\/post"}],"author":[{"embeddable":true,"href":"https:\/\/medizinonline.com\/it\/wp-json\/wp\/v2\/users\/7"}],"replies":[{"embeddable":true,"href":"https:\/\/medizinonline.com\/it\/wp-json\/wp\/v2\/comments?post=355958"}],"version-history":[{"count":3,"href":"https:\/\/medizinonline.com\/it\/wp-json\/wp\/v2\/posts\/355958\/revisions"}],"predecessor-version":[{"id":357522,"href":"https:\/\/medizinonline.com\/it\/wp-json\/wp\/v2\/posts\/355958\/revisions\/357522"}],"wp:featuredmedia":[{"embeddable":true,"href":"https:\/\/medizinonline.com\/it\/wp-json\/wp\/v2\/media\/93523"}],"wp:attachment":[{"href":"https:\/\/medizinonline.com\/it\/wp-json\/wp\/v2\/media?parent=355958"}],"wp:term":[{"taxonomy":"category","embeddable":true,"href":"https:\/\/medizinonline.com\/it\/wp-json\/wp\/v2\/category?post=355958"},{"taxonomy":"post_tag","embeddable":true,"href":"https:\/\/medizinonline.com\/it\/wp-json\/wp\/v2\/tags?post=355958"},{"taxonomy":"powerkit_post_featured","embeddable":true,"href":"https:\/\/medizinonline.com\/it\/wp-json\/wp\/v2\/powerkit_post_featured?post=355958"}],"curies":[{"name":"wp","href":"https:\/\/api.w.org\/{rel}","templated":true}]}}