{"id":355972,"date":"2023-05-01T12:07:24","date_gmt":"2023-05-01T10:07:24","guid":{"rendered":"https:\/\/medizinonline.com\/panoramica-delle-attuali-raccomandazioni-delle-linee-guida-su-diagnosi-e-trattamento\/"},"modified":"2023-05-23T17:54:39","modified_gmt":"2023-05-23T15:54:39","slug":"panoramica-delle-attuali-raccomandazioni-delle-linee-guida-su-diagnosi-e-trattamento","status":"publish","type":"post","link":"https:\/\/medizinonline.com\/it\/panoramica-delle-attuali-raccomandazioni-delle-linee-guida-su-diagnosi-e-trattamento\/","title":{"rendered":"Panoramica delle attuali raccomandazioni delle linee guida su diagnosi e trattamento"},"content":{"rendered":"\n<p><strong>Il carcinoma a cellule di Merkel \u00e8 una forma rara ma aggressiva di cancro della pelle. A essere colpite sono soprattutto le persone anziane; l&#8217;et\u00e0 media alla diagnosi \u00e8 di 75 anni. Dopo l&#8217;escissione chirurgica del tumore primario, si raccomanda la radioterapia adiuvante. In uno stadio avanzato o in caso di metastasi a distanza, si deve prendere in considerazione l&#8217;immunoterapia. L&#8217;unico anticorpo PD-L1 approvato finora in Svizzera ha rivoluzionato le opzioni di trattamento.<\/strong><\/p>\n\n<!--more-->\n\n<p>&#8220;Il carcinoma a cellule di Merkel \u00e8 estremamente eterogeneo nella presentazione clinica&#8221;, ha riferito Anja Wysocki, MD, Co-Capo della Dermatologia dell&#8217;Ospedale Cantonale di Lucerna [1]. Oltre alla forma nodulare pi\u00f9 comune, raramente si verificano varianti simili a placche, che si trovano principalmente sul tronco e sulle estremit\u00e0 prossimali.  <\/p>\n\n<p>Le diagnosi errate sono relativamente comuni, ha sottolineato il relatore. C&#8217;\u00e8 confusione con follicolite, dermatofibromi, lipomi o angiomi, per esempio, e a volte un carcinoma a cellule di Merkel viene erroneamente interpretato come un carcinoma a cellule basali, spinalioma, melanoma o sarcoma. Il carcinoma a cellule di Merkel (MCC) si sviluppa rapidamente, di solito nell&#8217;arco di settimane o pochi mesi, come un tumore asintomatico, rigonfio, di colore rosso-violaceo, con una superficie liscia, di solito lucida.  <strong>(Fig. 1). <\/strong>Alla dermoscopia, l&#8217;MCC si presenta come aree rosa, prive di struttura, con linee sottili bianche; negli stadi avanzati si possono vedere anche delle ulcerazioni, mentre le metastasi satellitari si trovano pi\u00f9 frequentemente. La localizzazione preferita della MCC \u00e8 la pelle cronicamente danneggiata dal sole della regione della testa e del collo (pi\u00f9 della met\u00e0 dei casi) e delle estremit\u00e0 distali (circa un terzo dei casi) [2]. Oltre all&#8217;esposizione ai raggi UV come fattore di rischio significativo di MCC, esiste un&#8217;associazione con il poliomavirus delle cellule di Merkel (MCPyV) in pi\u00f9 della met\u00e0 dei pazienti [2].  <\/p>\n<div class=\"wp-block-image\">\n<figure class=\"aligncenter size-full is-resized\"><a href=\"https:\/\/medizinonline.com\/wp-content\/uploads\/2023\/04\/abb1_DP2_s45.jpg\"><img fetchpriority=\"high\" decoding=\"async\" src=\"https:\/\/medizinonline.com\/wp-content\/uploads\/2023\/04\/abb1_DP2_s45.jpg\" alt=\"\" class=\"wp-image-355559\" width=\"379\" height=\"442\" srcset=\"https:\/\/medizinonline.com\/wp-content\/uploads\/2023\/04\/abb1_DP2_s45.jpg 758w, https:\/\/medizinonline.com\/wp-content\/uploads\/2023\/04\/abb1_DP2_s45-120x140.jpg 120w, https:\/\/medizinonline.com\/wp-content\/uploads\/2023\/04\/abb1_DP2_s45-90x105.jpg 90w, https:\/\/medizinonline.com\/wp-content\/uploads\/2023\/04\/abb1_DP2_s45-320x373.jpg 320w, https:\/\/medizinonline.com\/wp-content\/uploads\/2023\/04\/abb1_DP2_s45-560x653.jpg 560w, https:\/\/medizinonline.com\/wp-content\/uploads\/2023\/04\/abb1_DP2_s45-240x280.jpg 240w, https:\/\/medizinonline.com\/wp-content\/uploads\/2023\/04\/abb1_DP2_s45-180x210.jpg 180w, https:\/\/medizinonline.com\/wp-content\/uploads\/2023\/04\/abb1_DP2_s45-640x746.jpg 640w\" sizes=\"(max-width: 379px) 100vw, 379px\" \/><\/a><\/figure>\n<\/div>\n<p>Oltre alla linea guida s2k in lingua tedesca sul carcinoma a cellule di Merkel di Becker et al. Una linea guida in lingua inglese \u00e8 stata pubblicata anche nel 2022 [2,3]. Il relatore ha approfondito alcune importanti raccomandazioni delle linee guida sulla diagnostica e sulla terapia.  <\/p>\n\n<p><\/p>\n<div class=\"wp-block-image\">\n<figure class=\"aligncenter size-full is-resized\"><a href=\"https:\/\/medizinonline.com\/wp-content\/uploads\/2023\/04\/Kasten1_DP2_s45.png\"><img decoding=\"async\" data-src=\"https:\/\/medizinonline.com\/wp-content\/uploads\/2023\/04\/Kasten1_DP2_s45.png\" alt=\"\" class=\"wp-image-355560 lazyload\" width=\"382\" height=\"340\" data-srcset=\"https:\/\/medizinonline.com\/wp-content\/uploads\/2023\/04\/Kasten1_DP2_s45.png 763w, https:\/\/medizinonline.com\/wp-content\/uploads\/2023\/04\/Kasten1_DP2_s45-120x107.png 120w, https:\/\/medizinonline.com\/wp-content\/uploads\/2023\/04\/Kasten1_DP2_s45-90x80.png 90w, https:\/\/medizinonline.com\/wp-content\/uploads\/2023\/04\/Kasten1_DP2_s45-320x285.png 320w, https:\/\/medizinonline.com\/wp-content\/uploads\/2023\/04\/Kasten1_DP2_s45-560x498.png 560w, https:\/\/medizinonline.com\/wp-content\/uploads\/2023\/04\/Kasten1_DP2_s45-240x214.png 240w, https:\/\/medizinonline.com\/wp-content\/uploads\/2023\/04\/Kasten1_DP2_s45-180x160.png 180w, https:\/\/medizinonline.com\/wp-content\/uploads\/2023\/04\/Kasten1_DP2_s45-640x570.png 640w\" data-sizes=\"(max-width: 382px) 100vw, 382px\" src=\"data:image\/svg+xml;base64,PHN2ZyB3aWR0aD0iMSIgaGVpZ2h0PSIxIiB4bWxucz0iaHR0cDovL3d3dy53My5vcmcvMjAwMC9zdmciPjwvc3ZnPg==\" style=\"--smush-placeholder-width: 382px; --smush-placeholder-aspect-ratio: 382\/340;\" \/><\/a><\/figure>\n<\/div>\n<h3 id=\"come-si-riconosce-un-mcc-ad-alto-rischio\" class=\"wp-block-heading\">Come si riconosce un MCC ad alto rischio?  <\/h3>\n\n<p>&#8220;Un quarto dei pazienti ha gi\u00e0 metastasi linfonodali al momento della diagnosi iniziale e l&#8217;8% ha metastasi a distanza&#8221;, afferma il dottor Wysocki [1]. Nei pazienti con sospetto di MCC, oltre all&#8217;ispezione si esegue una biopsia o un&#8217;escissione totale. Se \u00e8 stata riscontrata un&#8217;evidenza istologica di MCC<strong> (riquadro, Fig. 2) <\/strong>, viene eseguita una FDG-PET\/CT. Se i risultati sono negativi, cio\u00e8 il paziente non presenta metastasi nei linfonodi o in altri organi, viene eseguita una biopsia del linfonodo sentinella. Le caratteristiche del paziente per la MCC ad alto rischio includono l&#8217;et\u00e0 superiore a 77 anni e l&#8217;esposizione ai raggi UV (l&#8217;anamnesi di PUVA causa un rischio aumentato di 100 volte). Gli uomini hanno un rischio 2,5 volte superiore e anche le persone immunosoppresse (HIV, neoplasie ematologiche, riceventi di trapianti d&#8217;organo) hanno un rischio maggiore. Ulteriori criteri per un MCC ad alto rischio sono le dimensioni del tumore &gt;2 cm e l&#8217;invasione profonda oltre il tessuto adiposo sottocutaneo. Il relatore ritiene importante che lo spessore del tumore e la profondit\u00e0 di penetrazione siano documentati nei referti patologici. Spesso i pazienti hanno gi\u00e0 linfonodi rilevabili dal punto di vista patologico o c&#8217;\u00e8 un&#8217;invasione linfovascolare. Secondo le linee guida NCCN<em> (National Comprehensive Cancer Network)<\/em>2021, quest&#8217;ultimo \u00e8 un criterio ad alto rischio [4]. <\/p>\n\n<p><\/p>\n<div class=\"wp-block-image\">\n<figure class=\"aligncenter size-large is-resized\"><a href=\"https:\/\/medizinonline.com\/wp-content\/uploads\/2023\/04\/abb2_DP2_s45.jpg\"><img decoding=\"async\" data-src=\"https:\/\/medizinonline.com\/wp-content\/uploads\/2023\/04\/abb2_DP2_s45-1160x1034.jpg\" alt=\"\" class=\"wp-image-355561 lazyload\" width=\"580\" height=\"517\" data-srcset=\"https:\/\/medizinonline.com\/wp-content\/uploads\/2023\/04\/abb2_DP2_s45-1160x1034.jpg 1160w, https:\/\/medizinonline.com\/wp-content\/uploads\/2023\/04\/abb2_DP2_s45-800x713.jpg 800w, https:\/\/medizinonline.com\/wp-content\/uploads\/2023\/04\/abb2_DP2_s45-120x107.jpg 120w, https:\/\/medizinonline.com\/wp-content\/uploads\/2023\/04\/abb2_DP2_s45-90x80.jpg 90w, https:\/\/medizinonline.com\/wp-content\/uploads\/2023\/04\/abb2_DP2_s45-320x285.jpg 320w, https:\/\/medizinonline.com\/wp-content\/uploads\/2023\/04\/abb2_DP2_s45-560x499.jpg 560w, https:\/\/medizinonline.com\/wp-content\/uploads\/2023\/04\/abb2_DP2_s45-240x214.jpg 240w, https:\/\/medizinonline.com\/wp-content\/uploads\/2023\/04\/abb2_DP2_s45-180x160.jpg 180w, https:\/\/medizinonline.com\/wp-content\/uploads\/2023\/04\/abb2_DP2_s45-640x570.jpg 640w, https:\/\/medizinonline.com\/wp-content\/uploads\/2023\/04\/abb2_DP2_s45-1120x998.jpg 1120w, https:\/\/medizinonline.com\/wp-content\/uploads\/2023\/04\/abb2_DP2_s45.jpg 1463w\" data-sizes=\"(max-width: 580px) 100vw, 580px\" src=\"data:image\/svg+xml;base64,PHN2ZyB3aWR0aD0iMSIgaGVpZ2h0PSIxIiB4bWxucz0iaHR0cDovL3d3dy53My5vcmcvMjAwMC9zdmciPjwvc3ZnPg==\" style=\"--smush-placeholder-width: 580px; --smush-placeholder-aspect-ratio: 580\/517;\" \/><\/a><\/figure>\n<\/div>\n<h3 id=\"escissione-la-distanza-di-sicurezza-ottimale-e-difficile-da-definire\" class=\"wp-block-heading\">Escissione: la distanza di sicurezza ottimale \u00e8 difficile da definire.  <\/h3>\n\n<p>Quanto prima il carcinoma a cellule di Merkel viene individuato e completamente rimosso durante l&#8217;intervento chirurgico, tanto migliore \u00e8 la prognosi. &#8220;La definizione del margine di sicurezza nel carcinoma a cellule di Merkel \u00e8 controversa&#8221;, ha sottolineato il dottor Wysocki [1]. Alcuni esperti suggeriscono di prendere una distanza di sicurezza di 1 cm e poi di fare un trattamento adiuvante post-radiazione. Anche le distanze di incisione &lt;1 cm sono tollerabili se successivamente viene somministrata la radioterapia adiuvante. La chirurgia Mohs \u00e8 sicura quanto la scelta di ampi margini di sicurezza per un&#8217;escissione locale standard. Questo \u00e8 il risultato di una pubblicazione di Carrasquillo et al. pubblicata nel 2022. \u00e8 emerso [5]. Se non si utilizza un adiuvante post-radiazione, \u00e8 necessario mantenere una distanza di sicurezza di circa 2 cm. &#8220;Ma la distanza di sicurezza ottimale \u00e8 difficile da definire e deve essere determinata nel consiglio del tumore in ogni singolo caso&#8221;, ha sottolineato il relatore [1].  <\/p>\n\n<p><\/p>\n<div class=\"wp-block-image\">\n<figure class=\"aligncenter size-full is-resized\"><a href=\"https:\/\/medizinonline.com\/wp-content\/uploads\/2023\/04\/Kasten2_DP2_s45.png\"><img decoding=\"async\" data-src=\"https:\/\/medizinonline.com\/wp-content\/uploads\/2023\/04\/Kasten2_DP2_s45.png\" alt=\"\" class=\"wp-image-355562 lazyload\" width=\"373\" height=\"151\" data-srcset=\"https:\/\/medizinonline.com\/wp-content\/uploads\/2023\/04\/Kasten2_DP2_s45.png 746w, https:\/\/medizinonline.com\/wp-content\/uploads\/2023\/04\/Kasten2_DP2_s45-120x49.png 120w, https:\/\/medizinonline.com\/wp-content\/uploads\/2023\/04\/Kasten2_DP2_s45-90x36.png 90w, https:\/\/medizinonline.com\/wp-content\/uploads\/2023\/04\/Kasten2_DP2_s45-320x130.png 320w, https:\/\/medizinonline.com\/wp-content\/uploads\/2023\/04\/Kasten2_DP2_s45-560x227.png 560w, https:\/\/medizinonline.com\/wp-content\/uploads\/2023\/04\/Kasten2_DP2_s45-240x97.png 240w, https:\/\/medizinonline.com\/wp-content\/uploads\/2023\/04\/Kasten2_DP2_s45-180x73.png 180w, https:\/\/medizinonline.com\/wp-content\/uploads\/2023\/04\/Kasten2_DP2_s45-640x259.png 640w\" data-sizes=\"(max-width: 373px) 100vw, 373px\" src=\"data:image\/svg+xml;base64,PHN2ZyB3aWR0aD0iMSIgaGVpZ2h0PSIxIiB4bWxucz0iaHR0cDovL3d3dy53My5vcmcvMjAwMC9zdmciPjwvc3ZnPg==\" style=\"--smush-placeholder-width: 373px; --smush-placeholder-aspect-ratio: 373\/151;\" \/><\/a><\/figure>\n<\/div>\n<h3 id=\"gli-esperti-consigliano-la-radioterapia-adiuvante\" class=\"wp-block-heading\">Gli esperti consigliano la radioterapia adiuvante<\/h3>\n\n<p>Dopo l&#8217;intervento chirurgico, la radioterapia adiuvante del letto tumorale e delle vie di drenaggio linfatico circostanti pu\u00f2 ridurre il rischio di recidiva della malattia. Tuttavia, la radioterapia adiuvante non \u00e8 solo importante per prevenire una recidiva, ma migliora anche la sopravvivenza globale (OS), la sopravvivenza libera da malattia e contrasta la comparsa di metastasi a distanza, ha dichiarato il Dr. Wysocki [1,3]. L&#8217;irradiazione adiuvante del letto tumorale primario deve essere eseguita entro 8 settimane dall&#8217;escissione chirurgica con una dose totale di 50-55 Gy per la localizzazione del tumore nella regione della testa e del collo o 60-66 Gy per i margini microscopici e macroscopicamente positivi. &#8220;Quando rieseguiamo il tumore primario, eseguiamo anche la biopsia del linfonodo sentinella nello stesso momento, se la stadiazione non era rilevante&#8221;, ha riferito il relatore [1]. Questo perch\u00e9 circa un quarto dei pazienti con MCC presenta gi\u00e0 metastasi linfonodali microscopiche al momento del tumore primario. Tuttavia, questo viene deciso su base individuale, a seconda delle condizioni generali del paziente, della capacit\u00e0 di essere anestetizzato e della posizione. All&#8217;Ospedale Cantonale di Lucerna, tutti i casi di MCC vengono discussi dal comitato interdisciplinare per i tumori. La radioterapia pu\u00f2 anche essere utilizzata per integrare la chirurgia e la terapia sistemica per i tumori a cellule di Merkel metastatici. Una raccomandazione basata sul consenso afferma che in caso di biopsia positiva del linfonodo sentinella, la radioterapia adiuvante deve essere eseguita nella regione linfonodale o combinata con la dissezione linfonodale completa.  <\/p>\n\n<h3 id=\"lanticorpo-anti-pdl-1-avelumab-risultati-migliori-rispetto-alla-chemioterapia\" class=\"wp-block-heading\">L&#8217;anticorpo anti-PDL-1 avelumab &#8211; risultati migliori rispetto alla chemioterapia  <\/h3>\n\n<p>In passato, le chemioterapie avevano una OS mediana di soli 9 mesi nella situazione metastatica. Gli anticorpi anti-PDL-1 rappresentano un importante passo avanti in questo senso, ha sottolineato il dottor Wysocki [1]. L&#8217;anticorpo anti-PD-L1 avelumab <sup>(Bavencio\u00ae<\/sup>) \u00e8 stato approvato in Svizzera per l&#8217;MCC metastatico (mCC) dal 2017 [6]. Nello studio di fase II JAVELIN Merkel 2000, avelumab \u00e8 stato valutato in pazienti che avevano gi\u00e0 ricevuto almeno una terapia citostatica precedente per la MCC [7,8].  <\/p>\n\n<p>Negli 88 pazienti studiati con avelumab di seconda linea, \u00e8 stato raggiunto un tasso di risposta obiettiva del 33% dopo un follow-up mediano di 65 mesi; la durata mediana della risposta \u00e8 stata di 40,5 mesi [7]. La sopravvivenza mediana libera da progressione (PFS) \u00e8 stata di 2,7 mesi e il tasso di PFS dopo 24 mesi \u00e8 stato del 26%. La OS mediana era di 12,6 mesi e il tasso di OS era del 31% dopo 42 mesi. Si tratta di risultati molto buoni rispetto alla chemioterapia, ha riassunto il relatore [2]. Lo studio \u00e8 stato successivamente esteso per includere i pazienti in prima linea di terapia [9]. Su 116 pazienti trattati con avelumab come prima linea (follow-up mediano: 21,2 mesi), 35 pazienti hanno risposto in un periodo \u22656 mesi, corrispondente a un tasso di risposta durevole (DRR) del 30,2%. Il tasso di risposta globale (ORR) \u00e8 stato del 39,7%. La PFS mediana \u00e8 stata di 4,1 mesi e la OS a 1 anno \u00e8 stata di circa il 60%, leggermente superiore a quella di avelumab come terapia di prima linea, ha spiegato il relatore [1,2]. Gli effetti collaterali indotti dalla terapia si sono verificati nell&#8217;81% dei pazienti trattati con avelumab, ma sono stati per lo pi\u00f9 lievi (affaticamento, debolezza, prurito). Gli effetti collaterali gravi (per lo pi\u00f9 di grado 3 o 4) sono stati documentati nel 14,7% dei partecipanti allo studio.  <\/p>\n\n<p>Nel complesso, la conclusione su avelumab come opzione terapeutica \u00e8 estremamente positiva. &#8220;Possiamo davvero offrire ai pazienti una buona terapia di sistema&#8221;, ha riassunto il dottor Wysocki [1]. Il dosaggio consigliato \u00e8 di 10 mg\/kg ogni due settimane. Il trattamento viene somministrato fino alla progressione o alla comparsa di effetti collaterali gravi. &#8220;Purtroppo, non esiste ancora un&#8217;approvazione per il trattamento adiuvante o neoadiuvante&#8221;, ha detto il relatore [1].<\/p>\n\n<p><em>Congresso: Swiss Derma Day<\/em><\/p>\n\n<p><\/p>\n\n<p>Letteratura:<\/p>\n\n<ol class=\"wp-block-list\">\n<li>\u00abUpdate Merkel cell carcinoma\u00bb, Dr. med. Anja Wysocki, Swiss Derma Day 12.01.2023<\/li>\n\n\n\n<li>Becker JC, et al.: S2k-Leitlinie \u2013 Merkelzellkarzinom \u2013 Update 2022. J Dtsch Dermatol Ges 2023; 21(3): 305\u2013317.<\/li>\n\n\n\n<li>Gauci ML, et al.: European Dermatology Forum (EDF), the European Association of Dermato-Oncology (EADO) and the European Organization for Research and Treatment of Cancer (EORTC). Diagnosis and treatment of Merkel cell carcinoma: European consensus-based interdisciplinary guideline \u2013 Update 2022. Eur J Cancer 2022; 171: 203\u2013231.<\/li>\n\n\n\n<li>NCCN Clinical Practice Guidelines in Oncology: Merkel Cell Carcinoma, Version 1.2021 \u2014 February 18, 2021, <a href=\"https:\/\/merkelcell.org\/wp-content\/uploads\/2021\/02\/NCCN-2021.pdf\" target=\"_blank\" rel=\"noreferrer noopener\">https:\/\/merkelcell.org\/wp-content\/uploads\/2021\/02\/NCCN-2021.pdf<\/a>, (ultimo accesso 21.03.2023) <\/li>\n\n\n\n<li>Carrasquillo OY, et al.: Mohs Micrographic Surgery Versus Wide Local Excision in the Treatment of Merkel Cell Carcinoma: A Systematic Review. Dermatol Surg 2022; 48(2): 176\u2013180.<\/li>\n\n\n\n<li>Informazioni sui farmaci, <a href=\"http:\/\/www.swissmedicinfo.ch\" data-type=\"URL\" data-id=\"www.swissmedicinfo.ch\" target=\"_blank\" rel=\"noopener\">www.swissmedicinfo.ch,<\/a>(ultimo accesso 21.03.2023) <\/li>\n\n\n\n<li>D&#8217;Angelo SP, et al: Avelumab in pazienti con carcinoma a cellule di Merkel metastatico precedentemente trattato (JAVELIN Merkel 200): dati aggiornati sulla sopravvivenza globale dopo &gt;5 anni di follow-up. ESMO Open. 2021; 6(6): 10029.  <\/li>\n\n\n\n<li>Kaufman HL, et al: Efficacia aggiornata di avelumab nei pazienti con carcinoma a cellule di Merkel metastatico precedentemente trattato, dopo \u2265 1 anno di follow-up: JAVELIN Merkel 200, uno studio clinico di fase 2. J Immunother Cancer 2018; 6(1): 7.<\/li>\n\n\n\n<li>D&#8217;Angelo SP, et al: Avelumab in prima linea in una coorte di 116 pazienti con carcinoma a cellule di Merkel metastatico (JAVELIN Merkel 200): analisi primaria e dei biomarcatori di uno studio di fase II. J Immunother Cancer 2021; 9(7): e002646.<\/li>\n\n\n\n<li>Mok\u00e1nszki A, et al.: Profilazione molecolare del carcinoma a cellule di Merkel associato al Polyomavirus e del melanoma cutaneo. Diagnostica 2021, 11, 212. <a href=\"https:\/\/doi.org\/10.3390\/diagnostics11020212\" target=\"_blank\" rel=\"noreferrer noopener\">https:\/\/doi.org\/10.3390\/diagnostics11020212,<\/a> <a href=\"http:\/\/www.mdpi.com\/2075-4418\/11\/2\/212\" target=\"_blank\" rel=\"noreferrer noopener\">www.mdpi.com\/2075-4418\/11\/2\/212,<\/a>(ultimo accesso 21.03.2023).  <\/li>\n<\/ol>\n\n<p class=\"has-small-font-size\"><em>DERMATOLOGIE PRAXIS 2023; 33(2): 45\u201346<\/em><br\/><em>InFo ONKOLOGIE &amp; H\u00c4MATOLOGIE 2023; 11(2): 22\u201323<\/em><\/p>\n","protected":false},"excerpt":{"rendered":"<p>Il carcinoma a cellule di Merkel \u00e8 una forma rara ma aggressiva di cancro della pelle. A essere colpite sono soprattutto le persone anziane; l&#8217;et\u00e0 media alla diagnosi \u00e8 di&hellip;<\/p>\n","protected":false},"author":7,"featured_media":355994,"comment_status":"closed","ping_status":"closed","sticky":false,"template":"","format":"standard","meta":{"_acf_changed":false,"pmpro_default_level":"","cat_1_feature_home_top":false,"cat_2_editor_pick":false,"csco_eyebrow_text":"Carcinoma a cellule di Merkel \u2013 un tumore cutaneo altamente maligno ","footnotes":""},"category":[11351,11376,11522,11550,11515],"tags":[67323,67331,34182,37381,13611,12641,33900,31199,26085,67329,16654,67326,20040,46788],"powerkit_post_featured":[],"class_list":["post-355972","post","type-post","status-publish","format-standard","has-post-thumbnail","category-dermatologia-e-venereologia","category-oncologia-it","category-rapporti-del-congresso","category-rx-it","category-studi","tag-anticorpo-pd-l1","tag-bavencio-it","tag-carcinoma-a-cellule-di-merkel","tag-escissione","tag-immunoterapia","tag-linee-guida-it","tag-linfonodi","tag-metastasi-it","tag-metastasi-distanti","tag-palcoscenico","tag-piu-vecchio","tag-radioterapia-adiuvante","tag-tumore-della-pelle","tag-tumore-primario","pmpro-has-access"],"acf":[],"publishpress_future_action":{"enabled":false,"date":"2026-05-04 07:15:37","action":"change-status","newStatus":"draft","terms":[],"taxonomy":"category","extraData":[]},"publishpress_future_workflow_manual_trigger":{"enabledWorkflows":[]},"wpml_current_locale":"it_IT","wpml_translations":{"pt_PT":{"locale":"pt_PT","id":356010,"slug":"visao-geral-das-actuais-recomendacoes-de-linhas-de-orientacao-sobre-diagnostico-e-tratamento","post_title":"Vis\u00e3o geral das actuais recomenda\u00e7\u00f5es de linhas de orienta\u00e7\u00e3o sobre diagn\u00f3stico e tratamento","href":"https:\/\/medizinonline.com\/pt-pt\/visao-geral-das-actuais-recomendacoes-de-linhas-de-orientacao-sobre-diagnostico-e-tratamento\/"},"es_ES":{"locale":"es_ES","id":356041,"slug":"vision-general-de-las-recomendaciones-actuales-de-las-directrices-sobre-diagnostico-y-tratamiento","post_title":"Visi\u00f3n general de las recomendaciones actuales de las directrices sobre diagn\u00f3stico y tratamiento","href":"https:\/\/medizinonline.com\/es\/vision-general-de-las-recomendaciones-actuales-de-las-directrices-sobre-diagnostico-y-tratamiento\/"}},"_links":{"self":[{"href":"https:\/\/medizinonline.com\/it\/wp-json\/wp\/v2\/posts\/355972","targetHints":{"allow":["GET"]}}],"collection":[{"href":"https:\/\/medizinonline.com\/it\/wp-json\/wp\/v2\/posts"}],"about":[{"href":"https:\/\/medizinonline.com\/it\/wp-json\/wp\/v2\/types\/post"}],"author":[{"embeddable":true,"href":"https:\/\/medizinonline.com\/it\/wp-json\/wp\/v2\/users\/7"}],"replies":[{"embeddable":true,"href":"https:\/\/medizinonline.com\/it\/wp-json\/wp\/v2\/comments?post=355972"}],"version-history":[{"count":3,"href":"https:\/\/medizinonline.com\/it\/wp-json\/wp\/v2\/posts\/355972\/revisions"}],"predecessor-version":[{"id":358169,"href":"https:\/\/medizinonline.com\/it\/wp-json\/wp\/v2\/posts\/355972\/revisions\/358169"}],"wp:featuredmedia":[{"embeddable":true,"href":"https:\/\/medizinonline.com\/it\/wp-json\/wp\/v2\/media\/355994"}],"wp:attachment":[{"href":"https:\/\/medizinonline.com\/it\/wp-json\/wp\/v2\/media?parent=355972"}],"wp:term":[{"taxonomy":"category","embeddable":true,"href":"https:\/\/medizinonline.com\/it\/wp-json\/wp\/v2\/category?post=355972"},{"taxonomy":"post_tag","embeddable":true,"href":"https:\/\/medizinonline.com\/it\/wp-json\/wp\/v2\/tags?post=355972"},{"taxonomy":"powerkit_post_featured","embeddable":true,"href":"https:\/\/medizinonline.com\/it\/wp-json\/wp\/v2\/powerkit_post_featured?post=355972"}],"curies":[{"name":"wp","href":"https:\/\/api.w.org\/{rel}","templated":true}]}}