{"id":356615,"date":"2023-06-21T01:00:00","date_gmt":"2023-06-20T23:00:00","guid":{"rendered":"https:\/\/medizinonline.com\/?p=356615"},"modified":"2023-04-26T17:00:32","modified_gmt":"2023-04-26T15:00:32","slug":"dupilumab-si-dimostra-valido-nella-pratica-quotidiana","status":"publish","type":"post","link":"https:\/\/medizinonline.com\/it\/dupilumab-si-dimostra-valido-nella-pratica-quotidiana\/","title":{"rendered":"Dupilumab si dimostra valido nella pratica quotidiana"},"content":{"rendered":"\n<figure class=\"wp-block-table\"><table><tbody><tr><td><strong>Nello studio BioDay Registry, il trattamento con dupilumab nei pazienti pediatrici con dermatite atopica in un contesto reale ha migliorato significativamente la gravit\u00e0 della malattia e i sintomi associati. La tollerabilit\u00e0 si \u00e8 dimostrata buona e il profilo di sicurezza \u00e8 coerente con i risultati degli studi clinici.<\/strong><\/td><\/tr><\/tbody><\/table><\/figure>\n\n<!--more-->\n\n<p>Dupilumab ha dimostrato di essere un trattamento efficace e sicuro per la dermatite atopica (AD) [1]. Legandosi alla subunit\u00e0 IL-4R\u03b1 dei complessi recettoriali di IL-4 e IL-13, l&#8217;anticorpo monoclonale inibisce in modo specifico l&#8217;effetto proinfiammatorio di queste due citochine chiave [1]. In Svizzera, il dupilumab <sup>(Dupixent\u00ae<\/sup>) \u00e8 approvato per i pazienti con AD di et\u00e0 pari o superiore a 6 anni [1]. Per studiare gli effetti del trattamento con dupilumab nei pazienti con AD pediatrico in un contesto di &#8220;mondo reale&#8221;, \u00e8 stato condotto lo studio &#8220;BioDay Registry&#8221; [2]. In questo studio di coorte prospettico, sono stati studiati i bambini (\u22656 a &lt;12 anni) e gli adolescenti (\u226512 a &lt;18 anni) con AD da moderato a grave, trattati con dupilumab. I pazienti con un peso corporeo &lt;60 kg hanno ricevuto dupilumab (s.c.) ogni due settimane (q2w) dopo una dose di carico iniziale di 400 mg. Nei pazienti con un peso corporeo \u226560 kg, sono stati somministrati 600 mg come dose di carico, seguiti da 300 mg q2w. I bambini di 15-60 kg hanno ricevuto 300 mg al basale e dopo 2 settimane, e poi 300 mg di dupilumab ogni quattro settimane. Era consentito il trattamento concomitante con corticosteroidi topici.  <\/p>\n\n<p><\/p>\n<div class=\"wp-block-image\">\n<figure class=\"aligncenter size-large is-resized\"><a href=\"https:\/\/medizinonline.com\/wp-content\/uploads\/2023\/04\/abb1_DP2_s52.png\"><img fetchpriority=\"high\" decoding=\"async\" src=\"https:\/\/medizinonline.com\/wp-content\/uploads\/2023\/04\/abb1_DP2_s52-1160x848.png\" alt=\"\" class=\"wp-image-356433\" width=\"580\" height=\"424\" srcset=\"https:\/\/medizinonline.com\/wp-content\/uploads\/2023\/04\/abb1_DP2_s52-1160x848.png 1160w, https:\/\/medizinonline.com\/wp-content\/uploads\/2023\/04\/abb1_DP2_s52-800x585.png 800w, https:\/\/medizinonline.com\/wp-content\/uploads\/2023\/04\/abb1_DP2_s52-120x88.png 120w, https:\/\/medizinonline.com\/wp-content\/uploads\/2023\/04\/abb1_DP2_s52-90x66.png 90w, https:\/\/medizinonline.com\/wp-content\/uploads\/2023\/04\/abb1_DP2_s52-320x234.png 320w, https:\/\/medizinonline.com\/wp-content\/uploads\/2023\/04\/abb1_DP2_s52-560x409.png 560w, https:\/\/medizinonline.com\/wp-content\/uploads\/2023\/04\/abb1_DP2_s52-240x175.png 240w, https:\/\/medizinonline.com\/wp-content\/uploads\/2023\/04\/abb1_DP2_s52-180x132.png 180w, https:\/\/medizinonline.com\/wp-content\/uploads\/2023\/04\/abb1_DP2_s52-640x468.png 640w, https:\/\/medizinonline.com\/wp-content\/uploads\/2023\/04\/abb1_DP2_s52-1120x818.png 1120w, https:\/\/medizinonline.com\/wp-content\/uploads\/2023\/04\/abb1_DP2_s52.png 1467w\" sizes=\"(max-width: 580px) 100vw, 580px\" \/><\/a><\/figure>\n<\/div>\n<p>Al basale, alla settimana 0, alla settimana 4, alla settimana 16 e alla settimana 28, la gravit\u00e0 della malattia \u00e8 stata valutata utilizzando punteggi validati: Eczema Area and Severity Index (EASI), Investigator Global Assessment (IGA), Numeric Rating Scale (NRS) per il prurito e il dolore, Patient-Oriented Eczema Measure (POEM) [2]. Sono stati misurati anche i biomarcatori sierici associati alla gravit\u00e0.  <\/p>\n\n<p><\/p>\n<div class=\"wp-block-image\">\n<figure class=\"aligncenter size-full is-resized\"><a href=\"https:\/\/medizinonline.com\/wp-content\/uploads\/2023\/04\/tab1_DP2_s52.png\"><img decoding=\"async\" data-src=\"https:\/\/medizinonline.com\/wp-content\/uploads\/2023\/04\/tab1_DP2_s52.png\" alt=\"\" class=\"wp-image-356434 lazyload\" width=\"300\" height=\"0\" data-srcset=\"https:\/\/medizinonline.com\/wp-content\/uploads\/2023\/04\/tab1_DP2_s52.png 716w, https:\/\/medizinonline.com\/wp-content\/uploads\/2023\/04\/tab1_DP2_s52-673x2048.png 673w, https:\/\/medizinonline.com\/wp-content\/uploads\/2023\/04\/tab1_DP2_s52-120x365.png 120w, https:\/\/medizinonline.com\/wp-content\/uploads\/2023\/04\/tab1_DP2_s52-90x274.png 90w, https:\/\/medizinonline.com\/wp-content\/uploads\/2023\/04\/tab1_DP2_s52-320x974.png 320w, https:\/\/medizinonline.com\/wp-content\/uploads\/2023\/04\/tab1_DP2_s52-560x1704.png 560w, https:\/\/medizinonline.com\/wp-content\/uploads\/2023\/04\/tab1_DP2_s52-240x730.png 240w, https:\/\/medizinonline.com\/wp-content\/uploads\/2023\/04\/tab1_DP2_s52-180x548.png 180w, https:\/\/medizinonline.com\/wp-content\/uploads\/2023\/04\/tab1_DP2_s52-640x1948.png 640w\" data-sizes=\"(max-width: 716px) 100vw, 716px\" src=\"data:image\/svg+xml;base64,PHN2ZyB3aWR0aD0iMSIgaGVpZ2h0PSIxIiB4bWxucz0iaHR0cDovL3d3dy53My5vcmcvMjAwMC9zdmciPjwvc3ZnPg==\" style=\"--smush-placeholder-width: 716px; --smush-placeholder-aspect-ratio: 716\/2179;\" \/><\/a><\/figure>\n<\/div>\n<p>Dei 61 pazienti inclusi, il 75,4% e il 49,2% hanno ottenuto una risposta EASI-50 e EASI-75, rispettivamente<strong> (Fig. 1) <\/strong>[2]. Il tasso di risposta EASI-90 \u00e8 stato del 24,6%. Secondo il punteggio IGA, il 36,1% era privo di lesioni o quasi. Un miglioramento di \u22654 punti nel POEM \u00e8 stato raggiunto dall&#8217;84,7%, mentre questa percentuale era del 45,3% e del 77,4% per il prurito NRS e il dolore NRS, rispettivamente. I biomarcatori TARC, PARC, periostina, sIL-2Ra ed eotassina-3 sono diminuiti significativamente durante il trattamento. Il p-EASI ha mostrato una correlazione significativa con la gravit\u00e0 della malattia. Gli effetti collaterali pi\u00f9 comuni sono stati la congiuntivite (n=10) e il mal di testa (n=4)<strong> (Tabella 1<\/strong>).<\/p>\n\n<p>Letteratura:<\/p>\n\n<ol class=\"wp-block-list\">\n<li>Informazioni sui farmaci, <a href=\"http:\/\/www.swissmedicinfo.ch\" target=\"_blank\" rel=\"noreferrer noopener\">www.swissmedicinfo.ch,<\/a>(ultimo accesso 13.04.23).<\/li>\n\n\n\n<li>Kamphuis E, et al: Dupilumab nella pratica quotidiana per il trattamento della dermatite atopica pediatrica: risultati clinici e biomarcatori a 28 settimane dal registro BioDay. Pediatr Allergy Immunol 2022; 33(12): e13887.<\/li>\n<\/ol>\n\n<p class=\"has-small-font-size\"><em>PRATICA DERMATOLOGICA 2023; 33(2): 52<\/em><\/p>\n","protected":false},"excerpt":{"rendered":"<p>Nello studio BioDay Registry, il trattamento con dupilumab nei pazienti pediatrici con dermatite atopica in un contesto reale ha migliorato significativamente la gravit\u00e0 della malattia e i sintomi associati. La&hellip;<\/p>\n","protected":false},"author":7,"featured_media":30709,"comment_status":"closed","ping_status":"closed","sticky":false,"template":"","format":"standard","meta":{"_acf_changed":false,"pmpro_default_level":"","cat_1_feature_home_top":false,"cat_2_editor_pick":false,"csco_eyebrow_text":"Dermatite atopica nell'infanzia e nell'adolescenza","footnotes":""},"category":[11343,11351,11519,11443,11550,11515],"tags":[27677,12649,13478,16227,26094,66589,17706,67869,67875],"powerkit_post_featured":[],"class_list":["post-356615","post","type-post","status-publish","format-standard","has-post-thumbnail","category-allergologia-e-immunologia-clinica","category-dermatologia-e-venereologia","category-formazione-continua","category-pediatria-it","category-rx-it","category-studi","tag-compatibilita","tag-dermatite-atopica-it","tag-dupilumab-it","tag-dupixent-it","tag-gravita","tag-infanzia-e-adolescenza","tag-mondo-reale","tag-pazienti-pediatrici","tag-registro-bioday-it-2","pmpro-has-access"],"acf":[],"publishpress_future_action":{"enabled":false,"date":"2026-05-03 07:04:18","action":"change-status","newStatus":"draft","terms":[],"taxonomy":"category","extraData":[]},"publishpress_future_workflow_manual_trigger":{"enabledWorkflows":[]},"wpml_current_locale":"it_IT","wpml_translations":{"pt_PT":{"locale":"pt_PT","id":356456,"slug":"o-dupilumab-prova-a-sua-eficacia-na-pratica-diaria","post_title":"O dupilumab prova a sua efic\u00e1cia na pr\u00e1tica di\u00e1ria","href":"https:\/\/medizinonline.com\/pt-pt\/o-dupilumab-prova-a-sua-eficacia-na-pratica-diaria\/"},"es_ES":{"locale":"es_ES","id":356468,"slug":"dupilumab-demuestra-su-eficacia-en-la-practica-diaria","post_title":"Dupilumab demuestra su eficacia en la pr\u00e1ctica diaria","href":"https:\/\/medizinonline.com\/es\/dupilumab-demuestra-su-eficacia-en-la-practica-diaria\/"}},"_links":{"self":[{"href":"https:\/\/medizinonline.com\/it\/wp-json\/wp\/v2\/posts\/356615","targetHints":{"allow":["GET"]}}],"collection":[{"href":"https:\/\/medizinonline.com\/it\/wp-json\/wp\/v2\/posts"}],"about":[{"href":"https:\/\/medizinonline.com\/it\/wp-json\/wp\/v2\/types\/post"}],"author":[{"embeddable":true,"href":"https:\/\/medizinonline.com\/it\/wp-json\/wp\/v2\/users\/7"}],"replies":[{"embeddable":true,"href":"https:\/\/medizinonline.com\/it\/wp-json\/wp\/v2\/comments?post=356615"}],"version-history":[{"count":1,"href":"https:\/\/medizinonline.com\/it\/wp-json\/wp\/v2\/posts\/356615\/revisions"}],"predecessor-version":[{"id":356631,"href":"https:\/\/medizinonline.com\/it\/wp-json\/wp\/v2\/posts\/356615\/revisions\/356631"}],"wp:featuredmedia":[{"embeddable":true,"href":"https:\/\/medizinonline.com\/it\/wp-json\/wp\/v2\/media\/30709"}],"wp:attachment":[{"href":"https:\/\/medizinonline.com\/it\/wp-json\/wp\/v2\/media?parent=356615"}],"wp:term":[{"taxonomy":"category","embeddable":true,"href":"https:\/\/medizinonline.com\/it\/wp-json\/wp\/v2\/category?post=356615"},{"taxonomy":"post_tag","embeddable":true,"href":"https:\/\/medizinonline.com\/it\/wp-json\/wp\/v2\/tags?post=356615"},{"taxonomy":"powerkit_post_featured","embeddable":true,"href":"https:\/\/medizinonline.com\/it\/wp-json\/wp\/v2\/powerkit_post_featured?post=356615"}],"curies":[{"name":"wp","href":"https:\/\/api.w.org\/{rel}","templated":true}]}}