{"id":364444,"date":"2023-10-02T00:01:00","date_gmt":"2023-10-01T22:01:00","guid":{"rendered":"https:\/\/medizinonline.com\/?p=364444"},"modified":"2023-10-13T12:26:18","modified_gmt":"2023-10-13T10:26:18","slug":"un-disturbo-dello-sviluppo-profondo-con-esigenze-terapeutiche-individuali","status":"publish","type":"post","link":"https:\/\/medizinonline.com\/it\/un-disturbo-dello-sviluppo-profondo-con-esigenze-terapeutiche-individuali\/","title":{"rendered":"Un disturbo dello sviluppo profondo con esigenze terapeutiche individuali."},"content":{"rendered":"\n<p class=\"wp-block-paragraph\"><strong>Un ridotto interesse per i contatti sociali e una ridotta comprensione delle situazioni sociali sono i sintomi principali del disturbo dello spettro autistico. Questo complesso e sfaccettato disturbo dello sviluppo neurologico si manifesta prima dei tre anni e persiste per tutta la vita. Tuttavia, pu\u00f2 essere trattata molto bene e non tutti i pazienti ASD necessitano di un trattamento.<\/strong><\/p>\n\n<!--more-->\n\n<p class=\"wp-block-paragraph\">L&#8217;autismo \u00e8 considerato un disturbo dello sviluppo del sistema nervoso centrale, principalmente genetico e associato a cambiamenti strutturali e funzionali del cervello. Questo ha un&#8217;influenza fondamentale sulla capacit\u00e0 della persona di stabilire un contatto e sul suo comportamento. Il disturbo dello spettro autistico \u00e8 uno dei disturbi dello spettro autistico. Si tratta di un disturbo dello sviluppo profondo con un esordio nella prima infanzia e un decorso cronico. Il termine &#8220;disturbi dello sviluppo profondo&#8221; significa che le deviazioni qualitative dal corso dello sviluppo adeguato all&#8217;et\u00e0 possono essere espresse in tutte le aree della vita e che queste caratteristiche evidenti variano nel loro grado di espressione e nei fenomeni nel corso dello sviluppo, ma si mostrano come un modello coerente fin dalla prima infanzia e persistono nelle loro cause neuronali centrali per tutta la vita. In tutto il mondo, la prevalenza media \u00e8 attualmente stimata allo 0,62%-0,70%.<\/p>\n\n<p class=\"wp-block-paragraph\">Un sintomo tipico \u00e8 la ridotta capacit\u00e0 di riconoscere intuitivamente i segnali non verbali nelle altre persone. Pertanto, le possibilit\u00e0 di interazione sociale sono limitate. Questo pu\u00f2 portare a una diminuzione dell&#8217;interesse per gli altri esseri umani. I disturbi dell&#8217;interazione si riferiscono all&#8217;avvio, al mantenimento e al modellamento delle relazioni interpersonali nel contesto della famiglia, dell&#8217;amicizia, della partnership e dei coetanei all&#8217;asilo, a scuola e al lavoro. A differenza dell&#8217;autismo della prima infanzia, tuttavia, non ci sono altri disturbi o ritardi nello sviluppo, come ad esempio nel linguaggio o nella cognizione. I bambini con ASD, invece, tendono a distinguersi per i loro interessi speciali, che perseguono intensamente. Si verificano anche modelli di comportamento ripetitivi. Inoltre, le persone colpite si distinguono per la loro fissazione su rigide routine quotidiane e su un ambiente il pi\u00f9 possibile costante. Sebbene questi comportamenti appaiano per la prima volta prima dei tre anni e persistano per tutta la vita, la presentazione clinica cambia nel corso della vita. Spesso si apprendono anche strategie che facilitano la vita quotidiana.<\/p>\n\n<h3 id=\"gravita-dei-sintomi-nel-corso-della-vita\" class=\"wp-block-heading\">Gravit\u00e0 dei sintomi nel corso della vita<\/h3>\n\n<p class=\"wp-block-paragraph\">Nell&#8217;infanzia, i pazienti cercheranno di avere un contatto visivo minimo o nullo. L&#8217;attenzione e il piacere sono meno spesso condivisi con gli altri e le persone colpite non usano le espressioni facciali o i gesti per stabilire o regolare i contatti sociali. Di conseguenza, trovano difficile giudicare lo stato d&#8217;animo degli altri sulla base di tali caratteristiche. Le incomprensioni sono quindi inevitabili. La malattia vera e propria si sviluppa in et\u00e0 prescolare, mentre la gravit\u00e0 spesso diminuisce di nuovo in et\u00e0 scolare. Nell&#8217;adolescenza e nella prima et\u00e0 adulta, circa la met\u00e0 delle persone colpite ottiene un miglioramento significativo del comportamento. Tuttavia, la gravit\u00e0 dei sintomi e la variet\u00e0 dei sintomi variano da persona a persona.  <\/p>\n\n<h3 id=\"diagnostica-nellinfanzia\" class=\"wp-block-heading\">Diagnostica nell&#8217;infanzia<\/h3>\n\n<p class=\"wp-block-paragraph\">La sindrome di Asperger implica anomalie specifiche dell&#8217;autismo nell&#8217;interazione sociale e nell&#8217;area del comportamento stereotipato e ripetitivo, compresi gli interessi speciali. Lo sviluppo linguistico e cognitivo non \u00e8 evidente. La classificazione esatta di un disturbo dello sviluppo con caratteristiche autistiche spesso pu\u00f2 essere fatta solo dopo una lunga osservazione. Attraverso un esame fisico, psichiatrico, neurologico e di laboratorio approfondito, vengono differenziati altri quadri clinici come epilessia, ADHD, ansia, disturbi ossessivo-compulsivi e tic. Si devono anche escludere possibili disturbi dell&#8217;udito e della vista.<\/p>\n\n<p class=\"wp-block-paragraph\">La differenziazione diagnostica pu\u00f2 essere difficile, soprattutto rispetto ai disturbi di personalit\u00e0 schizoide e schizotipico. Anche in queste due malattie, infatti, le persone colpite si ritirano e di solito sono solitarie. Il tipo schizoide presenta indifferenza emotiva, distacco affettivo e una ridotta capacit\u00e0 di gioia. Il disturbo schizotipico di personalit\u00e0 \u00e8 caratterizzato da un comportamento percepito come bizzarro, con un contenuto di pensiero spesso magico e un&#8217;esperienza diffidente o paranoica delle relazioni. In entrambi i disturbi mancano gli interessi speciali ristretti tipici dell&#8217;ASD e la tendenza a comportamenti stereotipati.<\/p>\n\n<h3 id=\"gestione-della-terapia-individuale\" class=\"wp-block-heading\">Gestione della terapia individuale  <\/h3>\n\n<p class=\"wp-block-paragraph\">Non tutte le sindromi di Asperger hanno un valore di malattia e quindi devono essere trattate. Tuttavia, se i sintomi sono abbastanza pronunciati, sembra essere indicato un concetto di terapia multimodale con elementi farmacologici e psicoterapeutici orientati ai sintomi. Finora, non c&#8217;\u00e8 alcuna possibilit\u00e0 di curare l&#8217;ASA. I metodi terapeutici consolidati si basano su approcci di terapia comportamentale e di esercizio fisico, combinati con la psicoeducazione della persona colpita e dell&#8217;ambiente. Soprattutto, i pazienti con disturbi dello spettro autistico hanno bisogno di un ambiente gestibile e prevedibile per sentirsi al sicuro. Per i pazienti ASD cognitivamente mediocri, il training di abilit\u00e0 sociali specifiche per l&#8217;autismo in gruppo \u00e8 particolarmente efficace per migliorare l&#8217;interazione sociale, la propria pianificazione delle azioni e la gestione della rabbia e della collera. Le malattie in comorbidit\u00e0 devono essere trattate di conseguenza. In questo contesto, possono rendersi necessari anche interventi farmacologici.  <\/p>\n\n<p class=\"wp-block-paragraph\">Ulteriori letture:<\/p>\n\n<ul class=\"wp-block-list\">\n<li><a href=\"https:\/\/move-autismus.de\/was-ist-eine-autismus-spektrum-stoerung\" target=\"_blank\" rel=\"noopener\">https:\/\/move-autismus.de\/was-ist-eine-autismus-spektrum-stoerung<\/a> (ultimo accesso 15.08.2023)<\/li>\n\n\n\n<li><a href=\"http:\/\/www.neurologen-und-psychiater-im-netz.org\/kinder-jugend-psychiatrie\/erkrankungen\/autismus-spektrum-stoerung-ass\/therapie\" target=\"_blank\" rel=\"noopener\">www.neurologen-und-psychiater-im-netz.org\/kinder-jugend-psychiatrie\/erkrankungen\/autismus-spektrum-stoerung-ass\/therapie<\/a> (ultimo accesso 15.08.2023)<\/li>\n\n\n\n<li><a href=\"http:\/\/www.awmf.org\/uploads\/tx_szleitlinien\/028-018l_S3_Autismus-Spektrum-Stoerungen_ASS-Diagnostik_2016-05.pdf\" target=\"_blank\" rel=\"noopener\">www.awmf.org\/uploads\/tx_szleitlinien\/028-018l_S3_Autismus-Spektrum-Stoerungen_ASS-Diagnostik_2016-05.pdf <\/a>(ultimo accesso 15.08.2023)<\/li>\n\n\n\n<li>Roy M, et al: Sindrome di Asperger in et\u00e0 adulta. Dtsch Arztebl Int 2009; 106(5): 59-64; DOI: 10.3238\/arztebl.2009.0059<\/li>\n<\/ul>\n\n<p class=\"wp-block-paragraph\"><\/p>\n\n<p class=\"has-small-font-size wp-block-paragraph\"><em>InFo NEUROLOGIA &amp; PSICHIATRIA 2023; 21(4): 32<\/em><\/p>\n","protected":false},"excerpt":{"rendered":"<p>Un ridotto interesse per i contatti sociali e una ridotta comprensione delle situazioni sociali sono i sintomi principali del disturbo dello spettro autistico. Questo complesso e sfaccettato disturbo dello sviluppo&hellip;<\/p>\n","protected":false},"author":7,"featured_media":364447,"comment_status":"closed","ping_status":"closed","sticky":false,"template":"","format":"standard","meta":{"_acf_changed":false,"pmpro_default_level":"","cat_1_feature_home_top":false,"cat_2_editor_pick":false,"csco_eyebrow_text":"Disturbo dello spettro autistico","footnotes":"","_members_access_role":[],"_members_access_error":""},"category":[11519,11371,11443,11479,11550],"tags":[20987,24203],"powerkit_post_featured":[],"class_list":["post-364444","post","type-post","status-publish","format-standard","has-post-thumbnail","category-formazione-continua","category-neurologia-it","category-pediatria-it","category-psichiatria-e-psicoterapia","category-rx-it","tag-ass-it","tag-disturbo-dello-spettro-autistico","pmpro-has-access"],"acf":[],"publishpress_future_action":{"enabled":false,"date":"2026-09-07 07:53:45","action":"change-status","newStatus":"draft","terms":[],"taxonomy":"category","extraData":[]},"publishpress_future_workflow_manual_trigger":{"enabledWorkflows":[]},"wpml_current_locale":"it_IT","wpml_translations":{"pt_PT":{"locale":"pt_PT","id":364362,"slug":"uma-perturbacao-profunda-do-desenvolvimento-com-necessidades-terapeuticas-individuais","post_title":"Uma perturba\u00e7\u00e3o profunda do desenvolvimento com necessidades terap\u00eauticas individuais","href":"https:\/\/medizinonline.com\/pt-pt\/uma-perturbacao-profunda-do-desenvolvimento-com-necessidades-terapeuticas-individuais\/"},"es_ES":{"locale":"es_ES","id":364383,"slug":"un-trastorno-profundo-del-desarrollo-con-necesidades-terapeuticas-individuales","post_title":"Un trastorno profundo del desarrollo con necesidades terap\u00e9uticas individuales","href":"https:\/\/medizinonline.com\/es\/un-trastorno-profundo-del-desarrollo-con-necesidades-terapeuticas-individuales\/"}},"_links":{"self":[{"href":"https:\/\/medizinonline.com\/it\/wp-json\/wp\/v2\/posts\/364444","targetHints":{"allow":["GET"]}}],"collection":[{"href":"https:\/\/medizinonline.com\/it\/wp-json\/wp\/v2\/posts"}],"about":[{"href":"https:\/\/medizinonline.com\/it\/wp-json\/wp\/v2\/types\/post"}],"author":[{"embeddable":true,"href":"https:\/\/medizinonline.com\/it\/wp-json\/wp\/v2\/users\/7"}],"replies":[{"embeddable":true,"href":"https:\/\/medizinonline.com\/it\/wp-json\/wp\/v2\/comments?post=364444"}],"version-history":[{"count":1,"href":"https:\/\/medizinonline.com\/it\/wp-json\/wp\/v2\/posts\/364444\/revisions"}],"predecessor-version":[{"id":364456,"href":"https:\/\/medizinonline.com\/it\/wp-json\/wp\/v2\/posts\/364444\/revisions\/364456"}],"wp:featuredmedia":[{"embeddable":true,"href":"https:\/\/medizinonline.com\/it\/wp-json\/wp\/v2\/media\/364447"}],"wp:attachment":[{"href":"https:\/\/medizinonline.com\/it\/wp-json\/wp\/v2\/media?parent=364444"}],"wp:term":[{"taxonomy":"category","embeddable":true,"href":"https:\/\/medizinonline.com\/it\/wp-json\/wp\/v2\/category?post=364444"},{"taxonomy":"post_tag","embeddable":true,"href":"https:\/\/medizinonline.com\/it\/wp-json\/wp\/v2\/tags?post=364444"},{"taxonomy":"powerkit_post_featured","embeddable":true,"href":"https:\/\/medizinonline.com\/it\/wp-json\/wp\/v2\/powerkit_post_featured?post=364444"}],"curies":[{"name":"wp","href":"https:\/\/api.w.org\/{rel}","templated":true}]}}