{"id":368469,"date":"2023-11-26T00:01:00","date_gmt":"2023-11-25T23:01:00","guid":{"rendered":"https:\/\/medizinonline.com\/lancio-di-un-progetto-innovativo-dal-carattere-pionieristico\/"},"modified":"2023-10-30T14:50:14","modified_gmt":"2023-10-30T13:50:14","slug":"lancio-di-un-progetto-innovativo-dal-carattere-pionieristico","status":"publish","type":"post","link":"https:\/\/medizinonline.com\/it\/lancio-di-un-progetto-innovativo-dal-carattere-pionieristico\/","title":{"rendered":"Lancio di un progetto innovativo dal carattere pionieristico"},"content":{"rendered":"\n<p><strong>In relazione ai cambiamenti demografici e all&#8217;aumento dei pazienti malati cronici e multimorbidi, l&#8217;assistenza sanitaria coordinata e in rete sta acquisendo sempre pi\u00f9 importanza. Probabilmente sar\u00e0 necessario uno spostamento ancora maggiore dal settore ospedaliero verso modelli di assistenza ambulatoriale, integrata e residenziale per il trattamento dei pazienti in linea con le loro esigenze. Il &#8220;R\u00e9seau de l&#8217;Arc&#8221; \u00e8 un esempio di modello di assistenza integrata per la regione del Giura Arc.  <\/strong><\/p>\n\n<!--more-->\n\n<p>Quando un numero crescente di persone con malattie croniche e diverse esigenze si confronta con le risorse limitate dei professionisti della salute, sono necessari nuovi approcci. Un rapporto del 2019 della Conferenza svizzera dei Ministri cantonali della sanit\u00e0 (GDK) sottolinea che una risposta chiave a questi sviluppi \u00e8 il miglioramento della rete e del coordinamento nell&#8217;assistenza sanitaria [1]. Questo si riassume nel termine &#8220;assistenza integrata&#8221; ed \u00e8 ancora un argomento attuale e molto discusso. Un esempio di nuovi impulsi nel sistema sanitario che vanno in questa direzione \u00e8 il progetto &#8220;R\u00e9seau de l&#8217;Arc&#8221; &#8211; un prodotto assicurativo di base alternativo basato su un pagamento forfettario per assicurato che sar\u00e0 lanciato sul mercato gi\u00e0 nel 2024 [2]. L&#8217;introduzione del prodotto alternativo di assicurazione di base conforme alla LAMal &#8220;R\u00e9seau de l&#8217;Arc&#8221; \u00e8 prevista per l&#8217;anno assicurativo 2024, secondo un comunicato stampa del Cantone di Berna [2]. Si tratta di un&#8217;iniziativa importante per garantire l&#8217;assistenza sanitaria primaria anche nelle regioni periferiche.<\/p>\n\n<h3 id=\"lobiettivo-e-unassistenza-sanitaria-efficiente-e-orientata-al-paziente\" class=\"wp-block-heading\">L&#8217;obiettivo \u00e8 un&#8217;assistenza sanitaria efficiente e orientata al paziente.  <\/h3>\n\n<p>La prevalenza di malattie croniche come il diabete, la BPCO, l&#8217;asma o la depressione \u00e8 in aumento e le opzioni mediche si sono ampliate. D&#8217;altra parte, il trattamento e l&#8217;assistenza dei pazienti sono diventati altamente specializzati e frammentati negli ultimi decenni, il che comporta il rischio che ci siano lacune nelle informazioni o che si perdano informazioni importanti [1]. Ne consegue la necessit\u00e0 di coordinare meglio le singole fasi del trattamento. Il potenziale dell&#8217;assistenza integrata per migliorare l&#8217;efficienza, la sicurezza del paziente e la qualit\u00e0 dei risultati \u00e8 attualmente sfruttato solo in minima parte. Sono quindi necessarie iniziative che promuovano in modo specifico il collegamento in rete e il coordinamento nel senso dell&#8217;assistenza integrata.  <\/p>\n\n<h3 id=\"tutti-i-servizi-sono-integrati-in-ununica-organizzazione\" class=\"wp-block-heading\">Tutti i servizi sono integrati in un&#8217;unica organizzazione  <\/h3>\n\n<p>La Rete Medica Svizzera, Visana e il Cantone di Berna desiderano lanciare congiuntamente un sistema sanitario completamente integrato che, con le due sedi ospedaliere di Moutier e Saint-Imier, i vari Medicentres e il P\u00f4le Sant\u00e9 Mentale, possa offrire ai residenti dell&#8217;Arco del Giura tutti i servizi medici (prevenzione, cure primarie, servizi ospedalieri e assistenza agli anziani) da un&#8217;unica fonte, con un prodotto assicurativo corrispondente per la prima volta in Svizzera [2]. Il &#8220;R\u00e9seau de l&#8217;Arc&#8221; completer\u00e0 gradualmente la loro offerta sanitaria integrando altri fornitori di servizi sanitari, ad esempio nell&#8217;assistenza ambulatoriale, e attraverso partnership mirate e adeguate alle esigenze dei singoli membri.<\/p>\n\n<h3 id=\"modello-assicurativo-approvato-dallufsp-kaiser-permanente-come-modello\" class=\"wp-block-heading\">Modello assicurativo approvato dall&#8217;UFSP &#8211; Kaiser Permanente come modello  <\/h3>\n\n<p>Lo Swiss Medical Network \u00e8 un gruppo di cliniche, ospedali e centri medici rappresentati in tutte le regioni linguistiche della Svizzera. Secondo un comunicato stampa, Swiss Medical Network e il gruppo assicurativo bernese Visana hanno ampliato la loro partnership nel campo dell&#8217;assistenza integrata e il loro modello assicurativo \u00e8 stato approvato dall&#8217;Ufficio federale della sanit\u00e0 pubblica (UFSP) il 18 settembre 2023 [3]. Il modello aziendale di R\u00e9seau de l&#8217;Arc si basa su un approccio plasmato da Kaiser Permanente, un pioniere dell&#8217;assistenza integrata sulla costa occidentale degli Stati Uniti. Per motivare tutti gli attori, compresi gli assicurati, ad agire in modo responsabile, il sistema di pagamento individuale delle prestazioni sar\u00e0 sostituito da un finanziamento per iscritto. L&#8217;organizzazione sanitaria e i suoi vari stakeholder hanno quindi un incentivo diretto a mantenere le persone in salute e a fornire ai membri i servizi pi\u00f9 efficaci quando necessario. Gli incentivi quantitativi vengono eliminati e il presupposto \u00e8 che tutti gli attori siano motivati a garantire il flusso di informazioni per un&#8217;assistenza pi\u00f9 efficiente. Questo dovrebbe portare a una maggiore efficienza e qualit\u00e0 e a una riduzione dei costi. Anche in Spagna, un sistema simile \u00e8 stato gestito con successo dall&#8217;organizzazione &#8220;Ribera Salud&#8221; in alcune regioni per oltre 20 anni [2].  <\/p>\n\n<p>Letteratura:<\/p>\n\n<ol class=\"wp-block-list\">\n<li>&#8220;Impulsi per l&#8217;assistenza integrata nei Cantoni: una guida&#8221;, 2019, <a href=\"http:\/\/www.gdk-cds.ch\" target=\"_blank\" rel=\"noopener\">www.gdk-cds.ch<\/a> (ultimo accesso 10.10.2023).  <\/li>\n\n\n\n<li>&#8220;Cambio di paradigma nel sistema sanitario svizzero: la prima organizzazione di assistenza integrata della Svizzera per l&#8217;Arco del Giura&#8221;, 28.10.2022, <a href=\"http:\/\/www.gsi.be.ch\" target=\"_blank\" rel=\"noopener\">www.gsi.be.ch,<\/a>(ultimo accesso 10.10.2023).  <\/li>\n\n\n\n<li>&#8220;Abbiamo bisogno di consolidamento e di un&#8217;offerta pi\u00f9 efficiente&#8221;, 25.09.2023, <a href=\"http:\/\/www.swissmedical.net\" target=\"_blank\" rel=\"noopener\">www.swissmedical.net,<\/a>(ultimo accesso 10.10.2023).<\/li>\n<\/ol>\n\n<p><\/p>\n\n<p class=\"has-small-font-size\"><em>HAUSARZT PRAXIS 2023; 18(10): 47 (pubblicato il 30.10.23, prima della stampa).<\/em><\/p>\n","protected":false},"excerpt":{"rendered":"<p>In relazione ai cambiamenti demografici e all&#8217;aumento dei pazienti malati cronici e multimorbidi, l&#8217;assistenza sanitaria coordinata e in rete sta acquisendo sempre pi\u00f9 importanza. Probabilmente sar\u00e0 necessario uno spostamento ancora&hellip;<\/p>\n","protected":false},"author":7,"featured_media":368472,"comment_status":"closed","ping_status":"closed","sticky":false,"template":"","format":"standard","meta":{"_acf_changed":false,"pmpro_default_level":"","cat_1_feature_home_top":false,"cat_2_editor_pick":false,"csco_eyebrow_text":"Modelli di assistenza integrata  ","footnotes":""},"category":[11540,11306,11473,11550],"tags":[71813,71814],"powerkit_post_featured":[],"class_list":["post-368469","post","type-post","status-publish","format-standard","has-post-thumbnail","category-gestione-dello-studio","category-medicina-interna-generale","category-prevenzione-e-assistenza-sanitaria","category-rx-it","tag-modelli-di-assistenza-integrata","tag-modello-di-assistenza-integrata","pmpro-has-access"],"acf":[],"publishpress_future_action":{"enabled":false,"date":"2026-05-09 06:02:43","action":"change-status","newStatus":"draft","terms":[],"taxonomy":"category","extraData":[]},"publishpress_future_workflow_manual_trigger":{"enabledWorkflows":[]},"wpml_current_locale":"it_IT","wpml_translations":{"pt_PT":{"locale":"pt_PT","id":368474,"slug":"lancamento-de-um-projeto-inovador-com-caracter-pioneiro","post_title":"Lan\u00e7amento de um projeto inovador com car\u00e1cter pioneiro","href":"https:\/\/medizinonline.com\/pt-pt\/lancamento-de-um-projeto-inovador-com-caracter-pioneiro\/"},"es_ES":{"locale":"es_ES","id":368485,"slug":"lanzamiento-de-un-proyecto-innovador-con-caracter-pionero","post_title":"Lanzamiento de un proyecto innovador con car\u00e1cter pionero","href":"https:\/\/medizinonline.com\/es\/lanzamiento-de-un-proyecto-innovador-con-caracter-pionero\/"}},"_links":{"self":[{"href":"https:\/\/medizinonline.com\/it\/wp-json\/wp\/v2\/posts\/368469","targetHints":{"allow":["GET"]}}],"collection":[{"href":"https:\/\/medizinonline.com\/it\/wp-json\/wp\/v2\/posts"}],"about":[{"href":"https:\/\/medizinonline.com\/it\/wp-json\/wp\/v2\/types\/post"}],"author":[{"embeddable":true,"href":"https:\/\/medizinonline.com\/it\/wp-json\/wp\/v2\/users\/7"}],"replies":[{"embeddable":true,"href":"https:\/\/medizinonline.com\/it\/wp-json\/wp\/v2\/comments?post=368469"}],"version-history":[{"count":1,"href":"https:\/\/medizinonline.com\/it\/wp-json\/wp\/v2\/posts\/368469\/revisions"}],"predecessor-version":[{"id":368473,"href":"https:\/\/medizinonline.com\/it\/wp-json\/wp\/v2\/posts\/368469\/revisions\/368473"}],"wp:featuredmedia":[{"embeddable":true,"href":"https:\/\/medizinonline.com\/it\/wp-json\/wp\/v2\/media\/368472"}],"wp:attachment":[{"href":"https:\/\/medizinonline.com\/it\/wp-json\/wp\/v2\/media?parent=368469"}],"wp:term":[{"taxonomy":"category","embeddable":true,"href":"https:\/\/medizinonline.com\/it\/wp-json\/wp\/v2\/category?post=368469"},{"taxonomy":"post_tag","embeddable":true,"href":"https:\/\/medizinonline.com\/it\/wp-json\/wp\/v2\/tags?post=368469"},{"taxonomy":"powerkit_post_featured","embeddable":true,"href":"https:\/\/medizinonline.com\/it\/wp-json\/wp\/v2\/powerkit_post_featured?post=368469"}],"curies":[{"name":"wp","href":"https:\/\/api.w.org\/{rel}","templated":true}]}}