{"id":371578,"date":"2023-09-15T10:00:34","date_gmt":"2023-09-15T08:00:34","guid":{"rendered":"https:\/\/medizinonline.com\/raggiungere-obiettivi-terapeutici-elevati-con-il-concetto-di-attivita-minima-della-malattia\/"},"modified":"2024-03-21T18:34:59","modified_gmt":"2024-03-21T17:34:59","slug":"raggiungere-obiettivi-terapeutici-elevati-con-il-concetto-di-attivita-minima-della-malattia","status":"publish","type":"post","link":"https:\/\/medizinonline.com\/it\/raggiungere-obiettivi-terapeutici-elevati-con-il-concetto-di-attivita-minima-della-malattia\/","title":{"rendered":"Raggiungere obiettivi terapeutici elevati con il concetto di Attivit\u00e0 Minima della Malattia"},"content":{"rendered":"\n<p><strong>I pazienti con dermatite atopica da moderata a grave soffrono degli effetti fisici e psicologici della malattia e tuttavia non ricevono un trattamento adeguato con terapie sistemiche, o spesso solo dopo un ritardo [1-3]. L&#8217;approccio dell&#8217;attivit\u00e0 minima della malattia mira a identificare in modo coerente i pazienti candidati a un trattamento avanzato, combinando il concetto di &#8220;treat-to-target&#8221; con il processo decisionale condiviso tra pazienti e medici [4].<\/strong><\/p>\n\n<!--more-->\n\n<p>La dermatite atopica (AD) \u00e8 caratterizzata da lesioni cutanee eczematose con forte prurito e mostra una grande eterogeneit\u00e0 nelle caratteristiche cliniche e nella gravit\u00e0 [5]. Nella vita quotidiana, la malattia rappresenta spesso un peso fisico e psicologico che limita la qualit\u00e0 di vita (QOL) delle persone colpite [1]. Per i pazienti con MA da moderata a grave che sono refrattari al trattamento topico, esistono terapie sistemiche mirate che possono ridurre le ricadute e anche alleviare gli effetti psicosociali come ansia, depressione e assenza dal lavoro [6-8]. Tuttavia, solo una minoranza (7-8%) dei pazienti con MA da moderato a grave riceve una terapia sistemica [2, 3]. Ritardare il trattamento pu\u00f2 avere un impatto negativo sul decorso della malattia, mentre l&#8217;uso precoce di opzioni terapeutiche sistemiche efficaci pu\u00f2 prevenire gli effetti a vita di una malattia infiammatoria della pelle non controllata [9-12].<\/p>\n\n<h5 id=\"il-consenso-e-a-favore-di-un-approccio-treat-to-target-per-lad\" class=\"wp-block-heading\">Il consenso \u00e8 a favore di un approccio &#8220;treat-to-target&#8221; per l&#8217;AD.  <\/h5>\n\n<p>Con la collaborazione dei dermatologi svizzeri Prof. Dr. Peter Schmid-Grendelmeier dell&#8217;Ospedale Universitario di Zurigo e Prof. Dr. Peter H\u00e4usermann dello studio Dermatologie am Rhein Basel in un programma globale, il concetto del  <em>Attivit\u00e0 minima della malattia  <\/em>(MDA) con approvazione al 100% per l&#8217;AD e ora per la prima volta su  <em>Congresso Mondiale di Dermatologia<\/em>  2023 sar\u00e0 presentato in un simposio a Singapore. L&#8217;MDA \u00e8 un nuovo approccio &#8220;treat-to-target&#8221; per identificare i pazienti con MA da moderato a grave che sono candidati al trattamento sistemico [4]. L&#8217;MDA \u00e8 definito come un livello di attivit\u00e0 della malattia che \u00e8 considerato un obiettivo di trattamento ragionevole sia dal paziente che dai medici curanti, tenendo conto delle opzioni terapeutiche disponibili [13]. Questo pu\u00f2 ottimizzare i risultati del trattamento a lungo termine ed essere utile per i medici nella scelta delle opzioni terapeutiche [14, 15].<\/p>\n\n<p><\/p>\n\n<figure class=\"wp-block-image size-large is-resized\"><img fetchpriority=\"high\" decoding=\"async\" width=\"1160\" height=\"215\" src=\"https:\/\/medizinonline.com\/wp-content\/uploads\/2023\/09\/Box1_Kommentar-1160x215.png\" alt=\"\" class=\"wp-image-365287\" style=\"width:628px;height:116px\" srcset=\"https:\/\/medizinonline.com\/wp-content\/uploads\/2023\/09\/Box1_Kommentar-1160x215.png 1160w, https:\/\/medizinonline.com\/wp-content\/uploads\/2023\/09\/Box1_Kommentar-800x148.png 800w, https:\/\/medizinonline.com\/wp-content\/uploads\/2023\/09\/Box1_Kommentar-120x22.png 120w, https:\/\/medizinonline.com\/wp-content\/uploads\/2023\/09\/Box1_Kommentar-90x17.png 90w, https:\/\/medizinonline.com\/wp-content\/uploads\/2023\/09\/Box1_Kommentar-320x59.png 320w, https:\/\/medizinonline.com\/wp-content\/uploads\/2023\/09\/Box1_Kommentar-560x104.png 560w, https:\/\/medizinonline.com\/wp-content\/uploads\/2023\/09\/Box1_Kommentar-240x44.png 240w, https:\/\/medizinonline.com\/wp-content\/uploads\/2023\/09\/Box1_Kommentar-180x33.png 180w, https:\/\/medizinonline.com\/wp-content\/uploads\/2023\/09\/Box1_Kommentar-640x119.png 640w, https:\/\/medizinonline.com\/wp-content\/uploads\/2023\/09\/Box1_Kommentar-1120x207.png 1120w, https:\/\/medizinonline.com\/wp-content\/uploads\/2023\/09\/Box1_Kommentar.png 1463w\" sizes=\"(max-width: 1160px) 100vw, 1160px\" \/><\/figure>\n\n<div class=\"wp-block-group\"><div class=\"wp-block-group__inner-container is-layout-constrained wp-block-group-is-layout-constrained\">\n<div class=\"wp-block-group\"><div class=\"wp-block-group__inner-container is-layout-constrained wp-block-group-is-layout-constrained\">\n<div class=\"wp-block-group\"><div class=\"wp-block-group__inner-container is-layout-constrained wp-block-group-is-layout-constrained\">\n<h5 id=\"il-concetto-di-mda-nella-pratica\" class=\"wp-block-heading\">Il concetto di MDA nella pratica  <\/h5>\n<\/div><\/div>\n<\/div><\/div>\n<\/div><\/div>\n\n<p>In pratica, i criteri MDA prevedono una combinazione di almeno un criterio<em>riferito dal medico<\/em> e uno<em>dal paziente<\/em>.<em> <\/em>esito<em>riferito (riferito dal paziente<\/em>)<em> <\/em>Le destinazioni selezionate vengono poi elencate in base alla priorit\u00e0 (Fig. 1). In entrambe le categorie, ci sono obiettivi moderati che dovrebbero essere raggiunti entro 3 mesi e, se non vengono raggiunti, portano alla modifica o all&#8217;escalation della terapia. Gli obiettivi ottimali devono essere raggiunti a lungo termine (a partire da 6 mesi) e sono considerati MDA. L&#8217;approccio MDA combina il concetto di &#8220;treat-to-target&#8221; con un processo decisionale condiviso tra medici e pazienti [4].  <\/p>\n\n<figure class=\"wp-block-image size-full\"><a href=\"https:\/\/medizinonline.com\/wp-content\/uploads\/2023\/11\/Abbildung1_MDA_Kriterien_EN-2-2.png\" target=\"_blank\" rel=\"noreferrer noopener\"><img decoding=\"async\" width=\"1517\" height=\"692\" data-src=\"https:\/\/medizinonline.com\/wp-content\/uploads\/2023\/11\/Abbildung1_MDA_Kriterien_EN-2-2.png\" alt=\"\" class=\"wp-image-370828 lazyload\" data-srcset=\"https:\/\/medizinonline.com\/wp-content\/uploads\/2023\/11\/Abbildung1_MDA_Kriterien_EN-2-2.png 1517w, https:\/\/medizinonline.com\/wp-content\/uploads\/2023\/11\/Abbildung1_MDA_Kriterien_EN-2-2-800x365.png 800w, https:\/\/medizinonline.com\/wp-content\/uploads\/2023\/11\/Abbildung1_MDA_Kriterien_EN-2-2-1160x529.png 1160w, https:\/\/medizinonline.com\/wp-content\/uploads\/2023\/11\/Abbildung1_MDA_Kriterien_EN-2-2-120x55.png 120w, https:\/\/medizinonline.com\/wp-content\/uploads\/2023\/11\/Abbildung1_MDA_Kriterien_EN-2-2-90x41.png 90w, https:\/\/medizinonline.com\/wp-content\/uploads\/2023\/11\/Abbildung1_MDA_Kriterien_EN-2-2-320x146.png 320w, https:\/\/medizinonline.com\/wp-content\/uploads\/2023\/11\/Abbildung1_MDA_Kriterien_EN-2-2-560x255.png 560w, https:\/\/medizinonline.com\/wp-content\/uploads\/2023\/11\/Abbildung1_MDA_Kriterien_EN-2-2-240x109.png 240w, https:\/\/medizinonline.com\/wp-content\/uploads\/2023\/11\/Abbildung1_MDA_Kriterien_EN-2-2-180x82.png 180w, https:\/\/medizinonline.com\/wp-content\/uploads\/2023\/11\/Abbildung1_MDA_Kriterien_EN-2-2-640x292.png 640w, https:\/\/medizinonline.com\/wp-content\/uploads\/2023\/11\/Abbildung1_MDA_Kriterien_EN-2-2-1120x511.png 1120w\" data-sizes=\"(max-width: 1517px) 100vw, 1517px\" src=\"data:image\/svg+xml;base64,PHN2ZyB3aWR0aD0iMSIgaGVpZ2h0PSIxIiB4bWxucz0iaHR0cDovL3d3dy53My5vcmcvMjAwMC9zdmciPjwvc3ZnPg==\" style=\"--smush-placeholder-width: 1517px; --smush-placeholder-aspect-ratio: 1517\/692;\" \/><\/a><\/figure>\n\n<p><strong>Fig. 1:<\/strong>  Criteri per l&#8217;approccio MDA, che combina gli esiti<em>riferiti dalla clinica<\/em> e quelli <em> riferiti dal paziente<\/em>. EASI, Eczema Area and Severity Index; SCORAD, SCORing Atopic Dermatitis; IGA, Investigator Global Assessment; BSA, Body Surface Area; NRS, Numerical Rating Scale; POEM, Patient Oriented Eczema Measure; HADS, Hospital Anxiety and Depression Scale; (C)DQOL, (Children&#8217;s) Dermatitis Quality of Life Index. Adattato da [4].<\/p>\n\n<p><strong>Raggiungere gli obiettivi terapeutici<\/strong><\/p>\n\n<p>Per i pazienti, gli obiettivi terapeutici pi\u00f9 importanti sono il sollievo dal prurito, il miglioramento dei sintomi e la completa guarigione della pelle. Il raggiungimento di questi <em>risultati riferiti dal paziente<\/em> \u00e8 anche direttamente correlato a un miglioramento della QOL [1]. Questi obiettivi terapeutici sono oggi raggiungibili grazie alle opzioni di trattamento avanzate per l&#8217;AD. Per esempio, l&#8217;inibitore orale di JAK* upadacitinib (RINVOQ\u00ae), che inibisce selettivamente JAK-1, ha ottenuto una risposta EASI* 75 nell&#8217;82,0% dei pazienti e una risposta EASI 90 nel 62,7% dei pazienti dopo 52 settimane negli studi pivotal, randomizzati, in doppio cieco, controllati con placebo di fase III MEASURE Up-1 e MEASURE Up-2 con un dosaggio di 15 mg una volta al giorno.  [16]. Inoltre, \u00e8 stata osservata una risposta rapida a RINVOQ\u00ae &#8211; dopo soli due giorni, un numero significativamente maggiore di pazienti ha riportato un sollievo significativo dal prurito rispetto ai pazienti che hanno assunto un placebo [17]. RINVOQ\u00ae \u00e8 indicato nel dosaggio orale di 15 mg una volta al giorno dal novembre 2021 per il trattamento degli adulti con MA da moderato a grave, quando la terapia con i farmaci topici convenzionali non fornisce un controllo adeguato della malattia o non pu\u00f2 essere utilizzata [18].<\/p>\n\n<h5 id=\"conclusione\" class=\"wp-block-heading\">Conclusione<\/h5>\n\n<p>Per l&#8217;AD da moderata a grave sono disponibili terapie sistemiche adatte a raggiungere obiettivi terapeutici elevati [18-23]. L&#8217;MDA pu\u00f2 essere utilizzato per garantire che i pazienti idonei al trattamento sistemico lo ricevano. Combina il concetto di &#8220;treat-to-target&#8221; e il processo decisionale congiunto.  <\/p>\n\n<p>* JAK, Janus chinasi; EASI, Indice di area e gravit\u00e0 dell&#8217;eczema.<\/p>\n\n<p><a href=\"https:\/\/medizinonline.com\/it\/brevi-informazioni-sul-soggetto\/\" target=\"_blank\" rel=\"noreferrer noopener\">Brevi informazioni tecniche RINVOQ\u00ae<\/a><\/p>\n\n<p><strong>Letteratura<\/strong><br\/><br\/>1 Augustin, M., et al, Caratterizzare le esigenze del paziente legate al trattamento nell&#8217;eczema atopico: spunti per un orientamento personalizzato degli obiettivi. J Eur Acad Dermatol Venereol, 2020. <strong>34<\/strong>(1): p. 142-152.<br\/>2 Pascal, C., et al, Gestione terapeutica degli adulti con dermatite atopica: confronto con psoriasi e orticaria cronica. J Eur Acad Dermatol Venereol, 2020. <strong>34<\/strong>(10): p. 2339-2345.<br\/>3 Egeberg, A. e J.P. Thyssen, Fattori associati all&#8217;importanza della pulizia della pelle riferita dal paziente tra gli adulti con psoriasi e dermatite atopica. J Am Acad Dermatol, 2019. <strong>81<\/strong>(4): p. 943-949.<br\/>4 Silverberg J, et al. Revolutionising Atopic Dermatitis (RAD), Conferenza virtuale, 11 dicembre 2022. Poster.<br\/>5 Langan, S.M., A.D. Irvine e S. Weidinger, Dermatite atopica. Lancet, 2020. <strong>396<\/strong>(10247): p. 345-360.<br\/>6 Song, A., S.E. Lee e J.H. Kim, Immunopatologia e immunoterapia delle malattie infiammatorie della pelle. Immune Netw, 2022. <strong>22<\/strong>(1): p. e7.<br\/>7 Silvestre JF e altri. Carico nel mondo reale nei pazienti con dermatite atopica candidati alla terapia sistemica e che attualmente non ricevono alcuna terapia sistemica, nessun trattamento, terapia topica da sola o terapia sistemica: risultati di uno studio multinazionale sul mondo reale. EADV, Milano, 7-11 settembre 2022. Sessione orale FC02.02.<br\/>8 Megna, M., et al, Trattamento sistemico della dermatite atopica dell&#8217;adulto: una revisione. Dermatol Ther (Heidelb), 2017. <strong>7<\/strong>(1): p. 1-23.<br\/>9 Marzano, A.V., et al, Evidenza di una &#8216;finestra di opportunit\u00e0&#8217; nell&#8217;hidradenitis suppurativa trattata con adalimumab: uno studio di coorte multicentrico retrospettivo e reale. Br J Dermatol, 2021. <strong>184<\/strong>(1): p. 133-140.<br\/>10 Kimball, A.B., et al, Psoriasi: la compromissione della vita del paziente \u00e8 cumulativa? J Eur Acad Dermatol Venereol, 2010. <strong>24<\/strong>(9): p. 989-1004.<br\/>11 Linder, M.D., et al, Psoriasi &#8211; L&#8217;approccio al corso della vita. Acta Derm Venereol, 2016. <strong>96<\/strong>(217): p. 102-8.<br\/>12 Ros, S., L. Puig, e J.M. Carrascosa, Impatto cumulativo sul corso della vita: l&#8217;impronta della psoriasi sulla vita del paziente. Actas Dermosifiliogr, 2014. <strong>105<\/strong>(2): p. 128-34.<br\/>13 Wells, G.A., et al, Attivit\u00e0 minima di malattia per l&#8217;artrite reumatoide: una definizione preliminare. J Rheumatol, 2005<strong>.32<\/strong>(10): p. 2016-24.<br\/>14 De Bruin-Weller, M., et al, Treat-to-Target in Atopic Dermatitis: An International Consensus on a Set of Core Decision Points for Systemic Therapies. Acta Derm Venereol, 2021. <strong>101<\/strong>(2): p. adv00402.<br\/>15 Vestergaard, C., A. Wollenberg e J.P. Thyssen, European Task Force on Atopic Dermatitis (ETFAD) Position Paper: trattamento della dermatite atopica dei genitori durante il periodo preconcezionale, la gravidanza e l&#8217;allattamento. J Eur Acad Dermatol Venereol, 2020. <strong>34<\/strong>(2): p. 426-427.<br\/>16 Simpson, E.L., et al, Efficacia e sicurezza di Upadacitinib nei pazienti con dermatite atopica da moderata a grave: analisi dei dati di follow-up degli studi clinici randomizzati Misura Up 1 e Misura Up 2. JAMA Dermatology, 2022. <strong>158<\/strong>(4): p. 404-413.<br\/>17 Guttman-Yassky, E., et al, Upadacitinib una volta al giorno rispetto al placebo negli adolescenti e negli adulti con dermatite atopica da moderata a grave (Measure Up 1 e Measure Up 2): risultati di due studi di fase 3 randomizzati, controllati e in doppio cieco replicati. Lancet, 2021. <strong>397<\/strong>(10290): p. 2151-2168.<br\/>18. informazioni attuali per gli operatori sanitari <sup>RINVOQ\u00ae<\/sup> (upadacitinib) su <a href=\"https:\/\/www.swissmedicinfo.ch\/ShowText.aspx?textType=FI&amp;lang=DE&amp;authNr=67257\" target=\"_blank\" rel=\"noopener\">www.swissmedicinfo.ch<\/a><br\/>19. informazioni attuali per gli operatori sanitari Sandimmun Neoral\u00ae (ciclosporina A) su <a href=\"https:\/\/www.swissmedicinfo.ch\/ShowText.aspx?textType=FI&amp;lang=DE&amp;authNr=52657\" target=\"_blank\" rel=\"noopener\">www.swissmedicinfo.ch.<\/a><br\/>20. informazioni tecniche aggiornate <sup>DUPIXENT\u00ae<\/sup> (dupilumab) su <a href=\"https:\/\/www.swissmedicinfo.ch\/ShowText.aspx?textType=FI&amp;lang=DE&amp;authNr=67661\" target=\"_blank\" rel=\"noopener\">www.swissmedicinfo.ch.<\/a><br\/>21 Riassunto attuale delle caratteristiche del prodotto <sup>OLUMIANT\u00ae<\/sup> (baricitinib) su <a href=\"https:\/\/www.swissmedicinfo.ch\/ShowText.aspx?textType=FI&amp;lang=DE&amp;authNr=66215\" target=\"_blank\" rel=\"noopener\">www.swissmedicinfo.ch.<\/a><br\/>22. informazioni aggiornate su <sup>ADTRALZA\u00ae<\/sup> (tralokinumab) per gli operatori sanitari su <a href=\"https:\/\/www.swissmedicinfo.ch\/ShowText.aspx?textType=FI&amp;lang=DE&amp;authNr=68229\" target=\"_blank\" rel=\"noopener\">www.swissmedicinfo.ch<\/a>.<br\/>23 Informazioni attuali per gli operatori sanitari <sup>CIBINQO\u00ae<\/sup> (abrocitinib) su <a href=\"https:\/\/www.swissmedicinfo.ch\/ShowText.aspx?textType=FI&amp;lang=DE&amp;authNr=68174\" target=\"_blank\" rel=\"noopener\">www.swissmedicinfo.ch.<\/a><\/p>\n\n<p>Le referenze possono essere richieste dai professionisti all&#8217;indirizzo medinfo.ch@abbvie.com.<\/p>\n\n<p>Questo articolo \u00e8 stato realizzato con il sostegno finanziario di AbbVie AG, Alte Steinhauserstrasse 14, Cham.<\/p>\n\n<p>CH-RNQD-230040_11\/2023<\/p>\n\n<p>Questo articolo \u00e8 stato pubblicato in tedesco.<\/p>\n\n<p>Contributo online dal 15\/09\/2023<\/p>\n\n<p>Messaggio aggiornato: 17.11.2023<\/p>\n","protected":false},"excerpt":{"rendered":"<p>I pazienti con dermatite atopica da moderata a grave soffrono degli effetti fisici e psicologici della malattia e tuttavia non ricevono un trattamento adeguato con terapie sistemiche, o spesso solo&hellip;<\/p>\n","protected":false},"author":17,"featured_media":371579,"comment_status":"closed","ping_status":"closed","sticky":false,"template":"","format":"standard","meta":{"_acf_changed":false,"pmpro_default_level":"","cat_1_feature_home_top":false,"cat_2_editor_pick":false,"csco_eyebrow_text":"Dermatite atopica","footnotes":""},"category":[11337,11351,11550],"tags":[11652],"powerkit_post_featured":[],"class_list":["post-371578","post","type-post","status-publish","format-standard","has-post-thumbnail","category-contenuto-del-partner","category-dermatologia-e-venereologia","category-rx-it","tag-notizie-sulla-dermatite-atopica-e-la-psoriasi","pmpro-has-access"],"acf":[],"publishpress_future_action":{"enabled":false,"date":"2026-05-06 10:05:32","action":"change-status","newStatus":"draft","terms":[],"taxonomy":"category","extraData":[]},"publishpress_future_workflow_manual_trigger":{"enabledWorkflows":[]},"wpml_current_locale":"it_IT","wpml_translations":{"pt_PT":{"locale":"pt_PT","id":371581,"slug":"atingir-objectivos-terapeuticos-elevados-com-o-conceito-de-atividade-minima-da-doenca","post_title":"Atingir objectivos terap\u00eauticos elevados com o conceito de Atividade M\u00ednima da Doen\u00e7a","href":"https:\/\/medizinonline.com\/pt-pt\/atingir-objectivos-terapeuticos-elevados-com-o-conceito-de-atividade-minima-da-doenca\/"},"es_ES":{"locale":"es_ES","id":371584,"slug":"alcanzar-objetivos-terapeuticos-elevados-con-el-concepto-de-actividad-minima-de-la-enfermedad","post_title":"Alcanzar objetivos terap\u00e9uticos elevados con el concepto de actividad m\u00ednima de la enfermedad","href":"https:\/\/medizinonline.com\/es\/alcanzar-objetivos-terapeuticos-elevados-con-el-concepto-de-actividad-minima-de-la-enfermedad\/"}},"_links":{"self":[{"href":"https:\/\/medizinonline.com\/it\/wp-json\/wp\/v2\/posts\/371578","targetHints":{"allow":["GET"]}}],"collection":[{"href":"https:\/\/medizinonline.com\/it\/wp-json\/wp\/v2\/posts"}],"about":[{"href":"https:\/\/medizinonline.com\/it\/wp-json\/wp\/v2\/types\/post"}],"author":[{"embeddable":true,"href":"https:\/\/medizinonline.com\/it\/wp-json\/wp\/v2\/users\/17"}],"replies":[{"embeddable":true,"href":"https:\/\/medizinonline.com\/it\/wp-json\/wp\/v2\/comments?post=371578"}],"version-history":[{"count":1,"href":"https:\/\/medizinonline.com\/it\/wp-json\/wp\/v2\/posts\/371578\/revisions"}],"predecessor-version":[{"id":371580,"href":"https:\/\/medizinonline.com\/it\/wp-json\/wp\/v2\/posts\/371578\/revisions\/371580"}],"wp:featuredmedia":[{"embeddable":true,"href":"https:\/\/medizinonline.com\/it\/wp-json\/wp\/v2\/media\/371579"}],"wp:attachment":[{"href":"https:\/\/medizinonline.com\/it\/wp-json\/wp\/v2\/media?parent=371578"}],"wp:term":[{"taxonomy":"category","embeddable":true,"href":"https:\/\/medizinonline.com\/it\/wp-json\/wp\/v2\/category?post=371578"},{"taxonomy":"post_tag","embeddable":true,"href":"https:\/\/medizinonline.com\/it\/wp-json\/wp\/v2\/tags?post=371578"},{"taxonomy":"powerkit_post_featured","embeddable":true,"href":"https:\/\/medizinonline.com\/it\/wp-json\/wp\/v2\/powerkit_post_featured?post=371578"}],"curies":[{"name":"wp","href":"https:\/\/api.w.org\/{rel}","templated":true}]}}