{"id":372039,"date":"2024-01-16T14:00:00","date_gmt":"2024-01-16T13:00:00","guid":{"rendered":"https:\/\/medizinonline.com\/le-citochine-pruritogene-che-promuovono-linfiammazione-come-bersaglio-terapeutico\/"},"modified":"2024-01-16T14:00:06","modified_gmt":"2024-01-16T13:00:06","slug":"le-citochine-pruritogene-che-promuovono-linfiammazione-come-bersaglio-terapeutico","status":"publish","type":"post","link":"https:\/\/medizinonline.com\/it\/le-citochine-pruritogene-che-promuovono-linfiammazione-come-bersaglio-terapeutico\/","title":{"rendered":"Le citochine pruritogene che promuovono l&#8217;infiammazione come bersaglio terapeutico"},"content":{"rendered":"\n<p><strong>Ci sono diversi fattori scatenanti del prurito iniziale della prurigo nodularis (PN). Se le persone colpite cedono all&#8217;impulso di grattarsi, il prurito si intensifica, poich\u00e9 questo stimola le cellule nervose e infiammatorie. Questo porta a un circolo vizioso e contribuisce alla cronicizzazione dei sintomi. La complessa interazione tra la pelle, il sistema immunitario e quello nervoso sta diventando sempre pi\u00f9 comprensibile. Sulla base di ci\u00f2, sono state sviluppate e testate nuove opzioni terapeutiche antinfiammatorie.<\/strong><\/p>\n\n<!--more-->\n\n<p>&#8220;Abbiamo raggiunto un punto di svolta nella gestione della prurigo nodularis&#8221;, afferma il PD Dr Simon M\u00fcller, Direttore medico della Dermatologia ospedaliera dell&#8217;Ospedale Universitario di Basilea e presidente del simposio [1]. Questa malattia della pelle, caratterizzata da prurito tormentoso e noduli cutanei pruriginosi, \u00e8 rimasta a lungo nell&#8217;ombra, ma negli ultimi anni \u00e8 diventata un &#8220;tema caldo&#8221; in relazione allo sviluppo di nuove opzioni terapeutiche. Ci\u00f2 \u00e8 dimostrato anche dal numero di pubblicazioni scientifiche sulla prurigo nodularis (PN) in PubMed, che \u00e8 aumentato notevolmente in un breve periodo di tempo. Secondo i dati epidemiologici, la PN ha una prevalenza maggiore nelle persone di et\u00e0 superiore ai 50 anni, e le donne sono colpite pi\u00f9 frequentemente degli uomini [1].  <\/p>\n\n<h3 id=\"un-prurito-lancinante-colpisce-la-mente\" class=\"wp-block-heading\">Un prurito lancinante colpisce la mente  <\/h3>\n\n<p>Il PD Dr Manuel P. Pereira, Charit\u00e9 Universit\u00e4tsmedizin Berlin, ha parlato dell&#8217;eziopatogenesi, della diagnosi e del trattamento della PN [1]. L&#8217;eziologia della PN pu\u00f2 essere dermatologica, sistemica, neurologica, psichiatrica\/psicosomatica, multifattoriale o dovuta a una causa indeterminata [1]. La sensibilizzazione periferica e centrale al prurito cronico contribuisce alla cronicizzazione della malattia. La diagnosi di PN viene fatta principalmente dal punto di vista clinico se sono soddisfatti questi tre criteri principali [2\u20134]:  <\/p>\n\n<ol class=\"wp-block-list\">\n<li>Prurito cronico per un periodo di \u22656 settimane.<\/li>\n\n\n\n<li>Anamnesi di prurito cronico e grave e\/o segni di grattamento o sfregamento ripetuto (ad esempio, escoriazioni e cicatrici)<\/li>\n\n\n\n<li>Presenza di lesioni pruriginose e nodulari.<\/li>\n<\/ol>\n\n<p>La gravit\u00e0 delle lesioni cutanee pu\u00f2 essere valutata utilizzando il punteggio IGA. &#8220;Il prurito \u00e8 da moderato a grave nella maggior parte dei pazienti&#8221;, ha riferito il relatore [1]. I siti di predilezione sono gli arti superiori e inferiori, ma pu\u00f2 essere colpita anche la schiena. Anche il &#8220;carico della malattia&#8221; deve essere registrato durante il chiarimento diagnostico. Il carico di malattia associato alla PN \u00e8 elevato, i pazienti spesso soffrono di disturbi del sonno e di sintomi depressivi, e la loro qualit\u00e0 di vita complessiva \u00e8 compromessa.  <\/p>\n\n<h3 id=\"la-diatesi-atopica-aumenta-il-rischio-di-pn\" class=\"wp-block-heading\">La diatesi atopica aumenta il rischio di PN<\/h3>\n\n<p>&#8220;I noduli sono le lesioni pi\u00f9 comuni, ma se ne trovano anche altre, come papule e placche&#8221;, dice il dottor Pereira. Il numero di lesioni pruriginose varia da poche a diverse centinaia. In generale, c&#8217;\u00e8 una distribuzione bilaterale. &#8220;Normalmente si vedono i segni dei graffi&#8221;, dice il relatore. Oltre alle escoriazioni e alle crosticine, sono comprese anche la lichenificazione, l&#8217;iper- e l&#8217;ipopigmentazione [4\u20136]. Tipica \u00e8 la rientranza delle aree interscapolari (il cosiddetto &#8220;segno della farfalla&#8221;), in quanto queste sono meno accessibili per il grattamento, soprattutto nella zona della schiena [5].  <\/p>\n\n<p>&#8220;Un altro aspetto importante \u00e8 la distinzione tra dermatite atopica e prurigo nodularis&#8221;, ha spiegato il relatore. Una differenza riguarda la morfologia delle lesioni; la prurigo \u00e8 caratterizzata da noduli, mentre la dermatite atopica (DA) \u00e8 caratterizzata da lesioni eczematose, ma PN e DA possono coesistere nello stesso paziente [1,7]. La PN si verifica spesso nella dermatite atopica o nella diatesi cutanea atopica pronunciata [8]. Dal punto di vista istopatologico, la fibrosi cutanea e un denso infiltrato infiammatorio nel derma sono caratteristici della PN [1].  <\/p>\n\n<h3 id=\"la-fisiopatologia-della-pn-e-complessa\" class=\"wp-block-heading\">La fisiopatologia della PN \u00e8 complessa<\/h3>\n\n<p>&#8220;Nella fisiopatologia, l&#8217;interazione tra cheratinociti, cellule immunitarie e nervi cutanei \u00e8 molto importante&#8221;, ha spiegato il dottor Pereira. Varie cellule immunitarie, tra cui eosinofili, neutrofili, linfociti T, macrofagi e mastociti, si infiltrano nella pelle lesionata, innescando il rilascio di citochine infiammatorie e pruritogeni [9]. La pelle ha un&#8217;alta densit\u00e0 di fibre nervose afferenti periferiche. I segnali di prurito provenienti dalla pelle vengono trasmessi al sistema nervoso centrale [10]. Inoltre, l&#8217;interazione tra le cellule immunitarie e le fibre nervose sensoriali periferiche attivate dai neurotrasmettitori porta alla neuroinfiammazione della pelle e al prurito persistente [9]. I mediatori infiammatori rilasciati dalle cellule immunitarie includono l&#8217;interleuchina (IL)-4, che viene rilasciata dalle cellule Th2, tra gli altri. Tuttavia, IL-13 e IL-31 agiscono anche come messaggeri pro-infiammatori nella PN. Questi mediatori hanno un effetto diretto sui nervi cutanei, ma contribuiscono anche alla sensibilizzazione neuronale. &#8220;Tutti questi processi intensificano il prurito e contribuiscono alla cronicizzazione&#8221;, ha riassunto il dottor Pereira [1].  <\/p>\n\n<h3 id=\"dupilumab-come-nuovo-faro-di-speranza\" class=\"wp-block-heading\">Dupilumab come nuovo faro di speranza  <\/h3>\n\n<p>Le linee guida raccomandano un trattamento adeguato allo stadio del PN [14,15]. Quando le terapie che agiscono solo localmente sulla pelle trattata (ad esempio, i corticosteroidi topici e gli inibitori della calcineurina topici) raggiungono i loro limiti, \u00e8 indicato un trattamento sistemico. Quest&#8217;anno Swissmedic ha concesso a Dupilumab <sup>(Dupixent\u00ae<\/sup>) un&#8217;indicazione estesa per gli adulti con PN da moderata a grave per i quali le terapie topiche prescritte non sono efficaci [11]. Dupilumab \u00e8 un biologico che mira precisamente alla risposta infiammatoria e al meccanismo di sviluppo del prurito e ha dimostrato di essere efficace e sicuro negli studi clinici PRIME e PRIME 2 in 311 adulti con PN da moderato a grave [11]. Il trattamento con dupilumab 300 mg (q2w)** ha mostrato miglioramenti clinicamente significativi e statisticamente significativi nel prurito e nelle lesioni cutanee rispetto al placebo.  <\/p>\n\n<p class=\"has-small-font-size\"><em>** q2w = ogni 2 settimane<\/em><\/p>\n<div class=\"wp-block-image\">\n<figure class=\"aligncenter size-full is-resized\"><a href=\"https:\/\/medizinonline.com\/wp-content\/uploads\/2023\/12\/abb1_DP6_s28.png\"><img fetchpriority=\"high\" decoding=\"async\" width=\"1491\" height=\"974\" src=\"https:\/\/medizinonline.com\/wp-content\/uploads\/2023\/12\/abb1_DP6_s28.png\" alt=\"\" class=\"wp-image-371813\" style=\"width:500px\" srcset=\"https:\/\/medizinonline.com\/wp-content\/uploads\/2023\/12\/abb1_DP6_s28.png 1491w, https:\/\/medizinonline.com\/wp-content\/uploads\/2023\/12\/abb1_DP6_s28-800x523.png 800w, https:\/\/medizinonline.com\/wp-content\/uploads\/2023\/12\/abb1_DP6_s28-1160x758.png 1160w, https:\/\/medizinonline.com\/wp-content\/uploads\/2023\/12\/abb1_DP6_s28-120x78.png 120w, https:\/\/medizinonline.com\/wp-content\/uploads\/2023\/12\/abb1_DP6_s28-90x59.png 90w, https:\/\/medizinonline.com\/wp-content\/uploads\/2023\/12\/abb1_DP6_s28-320x209.png 320w, https:\/\/medizinonline.com\/wp-content\/uploads\/2023\/12\/abb1_DP6_s28-560x366.png 560w, https:\/\/medizinonline.com\/wp-content\/uploads\/2023\/12\/abb1_DP6_s28-240x157.png 240w, https:\/\/medizinonline.com\/wp-content\/uploads\/2023\/12\/abb1_DP6_s28-180x118.png 180w, https:\/\/medizinonline.com\/wp-content\/uploads\/2023\/12\/abb1_DP6_s28-640x418.png 640w, https:\/\/medizinonline.com\/wp-content\/uploads\/2023\/12\/abb1_DP6_s28-1120x732.png 1120w\" sizes=\"(max-width: 1491px) 100vw, 1491px\" \/><\/a><\/figure>\n<\/div>\n<p>Nello studio PRIME, ad esempio, il 44,0% ha ottenuto una riduzione di \u22654 punti nella <em>Worst-Itch Numeric Rating Scale<\/em> (WI-NRS) alla settimana 12 dopo il basale, rispetto al 15,8% con placebo [12]. Nel tempo, questa percentuale \u00e8 aumentata notevolmente nel gruppo verum: alla settimana 24, i tassi corrispondenti erano rispettivamente del 60,0% e del 18,4%. Anche PRIME2 ha mostrato una differenza significativa in questo endpoint alla settimana 12, con il 37,2% con dupilumab rispetto al 22,0% con placebo, che si \u00e8 ulteriormente accentuata alla settimana 24. I segnali di sicurezza corrispondevano al profilo di sicurezza noto di dupilumab. Un&#8217;analisi di sottogruppo ha mostrato che sia i pazienti PN atopici che quelli non atopici beneficiano del trattamento con dupilumab <strong>(Fig. 1)<\/strong>. [1,12].  <\/p>\n\n<figure class=\"wp-block-image size-full is-resized\"><a href=\"https:\/\/medizinonline.com\/wp-content\/uploads\/2023\/12\/abb2_DP6_s29-1.png\"><img decoding=\"async\" width=\"1486\" height=\"1577\" data-src=\"https:\/\/medizinonline.com\/wp-content\/uploads\/2023\/12\/abb2_DP6_s29-1.png\" alt=\"\" class=\"wp-image-371815 lazyload\" style=\"--smush-placeholder-width: 1486px; --smush-placeholder-aspect-ratio: 1486\/1577;width:500px\" data-srcset=\"https:\/\/medizinonline.com\/wp-content\/uploads\/2023\/12\/abb2_DP6_s29-1.png 1486w, https:\/\/medizinonline.com\/wp-content\/uploads\/2023\/12\/abb2_DP6_s29-1-800x849.png 800w, https:\/\/medizinonline.com\/wp-content\/uploads\/2023\/12\/abb2_DP6_s29-1-1160x1231.png 1160w, https:\/\/medizinonline.com\/wp-content\/uploads\/2023\/12\/abb2_DP6_s29-1-120x127.png 120w, https:\/\/medizinonline.com\/wp-content\/uploads\/2023\/12\/abb2_DP6_s29-1-90x96.png 90w, https:\/\/medizinonline.com\/wp-content\/uploads\/2023\/12\/abb2_DP6_s29-1-320x340.png 320w, https:\/\/medizinonline.com\/wp-content\/uploads\/2023\/12\/abb2_DP6_s29-1-560x594.png 560w, https:\/\/medizinonline.com\/wp-content\/uploads\/2023\/12\/abb2_DP6_s29-1-240x255.png 240w, https:\/\/medizinonline.com\/wp-content\/uploads\/2023\/12\/abb2_DP6_s29-1-180x191.png 180w, https:\/\/medizinonline.com\/wp-content\/uploads\/2023\/12\/abb2_DP6_s29-1-640x679.png 640w, https:\/\/medizinonline.com\/wp-content\/uploads\/2023\/12\/abb2_DP6_s29-1-1120x1189.png 1120w\" data-sizes=\"(max-width: 1486px) 100vw, 1486px\" src=\"data:image\/svg+xml;base64,PHN2ZyB3aWR0aD0iMSIgaGVpZ2h0PSIxIiB4bWxucz0iaHR0cDovL3d3dy53My5vcmcvMjAwMC9zdmciPjwvc3ZnPg==\" \/><\/a><\/figure>\n\n<p>Altri candidati farmaci sono in fase di sviluppo, tra cui l&#8217;anticorpo anti-il-31 Nemolizumab. Questo anticorpo monoclonale ha dato finora risultati convincenti negli studi clinici. Ruxolitinib crema \u00e8 un inibitore topico della JAK che \u00e8 attualmente oggetto di studi di fase III e due inibitori orali della JAK, abrocitinib e povorcitinib, sono anch&#8217;essi in fase di sperimentazione clinica (studi di fase II) [13]. Anche la nalbuphina e il vixarelimab sono in fase di sperimentazione negli studi clinici in corso [13].<\/p>\n\n<p><em>Congresso: Congresso annuale SGDV<\/em><\/p>\n\n<p><\/p>\n\n<p>Letteratura:<\/p>\n\n<ol class=\"wp-block-list\">\n<li>&#8220;La lunga strada verso un tema caldo&#8221;, PD Dr Simon M\u00fcller, Dupi o non dupi &#8211; questa \u00e8 la nuova domanda nella prurigo nodularis, Simposio 9, Sanofi, Congresso SSDV, 06.-08.09.2023.<\/li>\n\n\n\n<li>Pereira MP, et al; membri del gruppo EADV Task Force Pruritus. European academy of dermatology and venereology European prurigo project: consenso degli esperti sulla definizione, classificazione e terminologia della prurigo cronica. J Eur Acad Dermatol Venereol 2018; 32(7): 1059-1065.<\/li>\n\n\n\n<li>St\u00e4nder HF, et al: Algoritmo diagnostico e di trattamento per la prurigo nodulare cronica. J Am Acad Dermatol 2020; 82(2): 460-468.  <\/li>\n\n\n\n<li>Miseria L. Prurigo cronico. Br J Dermatol 2022; 187(4): 464-471.<\/li>\n\n\n\n<li>Zeidler C, Yosipovitch G, St\u00e4nder S. Prurigo Nodularis e la sua gestione. Dermatol Clin 2018; 36(3): 189-197.<\/li>\n\n\n\n<li>Calugareanu A, et al: Miglioramento drammatico della prurigo nodularis generalizzata con dupilumab. J Eur Acad Dermatol Venereol 2019 Aug; 33(8):e303-e304.<\/li>\n\n\n\n<li>Satoh T, et al: Prurigo nodulare cronico associato a eczema nummulare: possibile coinvolgimento dell&#8217;infezione odontogena. Acta Derm Venereol 2003; 83(5): 376-377.  <\/li>\n\n\n\n<li>Weisshaar E, Mettang T: Diagnosi razionale del prurito. Act Dermatol 2017; 43: 139-145.  <\/li>\n\n\n\n<li>Wong LS, Yen YT. Prurigo nodulare cronico: un aggiornamento sulla patogenesi e sul trattamento. Int J Mol Sci 2022 Oct 16; 23(20): 12390.  <\/li>\n\n\n\n<li>Ringkamp M, et al: Un ruolo per le fibre nervose mielinizzate nocicettive nella sensazione di prurito. J Neurosci 2011; 31: 14841-14849.  <\/li>\n\n\n\n<li>Swissmedic: Informazioni sui medicinali, <a href=\"http:\/\/www.swissmedicinfo.ch\" target=\"_blank\" rel=\"noopener\">www.swissmedicinfo.ch,<\/a>(ultimo accesso 04.12.2023)  <\/li>\n\n\n\n<li>Yosipovitch G, et al.: Dupilumab in patients with prurigo nodularis: two randomized, double-blind, placebo-controlled phase 3 trials. Nat Med 2023; 29(5): 1180\u20131190. <\/li>\n\n\n\n<li>M\u00fcller S, Zeidler C, St\u00e4nder S: Prurigo cronico incluso Prurigo Nodularis: nuove intuizioni e trattamenti. Am J Clin Dermatol 2023, <a href=\"https:\/\/doi.org\/10.1007\/s40257-023-00818-z\" target=\"_blank\" rel=\"noreferrer noopener\">https:\/\/doi.org\/10.1007\/s40257-023-00818-z<\/a><\/li>\n\n\n\n<li>St\u00e4nder S, et al: Linea guida S2k: Diagnosi e trattamento del prurito cronico. JDDG 2022; 20: 1387-1402.<\/li>\n\n\n\n<li>St\u00e4nder S, Pereira MP, Berger T, et al: Linea guida IFSI sulla prurigo cronica, inclusa la prurigo nodularis. Itch 2020; 5(4): e42.<br \/>doi:10.1097\/itx.0000000000000042.<\/li>\n\n\n\n<li>Wong L-S, Yen Y-T: Prurigo nodulare cronico: un aggiornamento sulla patogenesi e sul trattamento. Giornale Internazionale di Scienze Molecolari. 2022; 23(20): 12390 <a href=\"http:\/\/www.mdpi.com\/1422-0067\/23\/20\/12390\" target=\"_blank\" rel=\"noopener\">. www.mdpi.com\/1422-0067\/23\/20\/12390,<\/a>(ultimo accesso 08.12.2023)  <\/li>\n<\/ol>\n\n<p><\/p>\n\n<p class=\"has-small-font-size\"><em>PRATICA DERMATOLOGICA 2023: 33(6): 28-29 (pubblicato il 10.12.23, prima della stampa)<\/em><\/p>\n","protected":false},"excerpt":{"rendered":"<p>Ci sono diversi fattori scatenanti del prurito iniziale della prurigo nodularis (PN). Se le persone colpite cedono all&#8217;impulso di grattarsi, il prurito si intensifica, poich\u00e9 questo stimola le cellule nervose&hellip;<\/p>\n","protected":false},"author":7,"featured_media":244962,"comment_status":"closed","ping_status":"closed","sticky":false,"template":"","format":"standard","meta":{"_acf_changed":false,"pmpro_default_level":"","cat_1_feature_home_top":false,"cat_2_editor_pick":false,"csco_eyebrow_text":"Prurigo nodularis","footnotes":""},"category":[11343,11351,11522,11550,11515],"tags":[73306,27735,20624,13478,73302,65855,73300,65824,73299,48071,73305],"powerkit_post_featured":[],"class_list":["post-372039","post","type-post","status-publish","format-standard","has-post-thumbnail","category-allergologia-e-immunologia-clinica","category-dermatologia-e-venereologia","category-rapporti-del-congresso","category-rx-it","category-studi","tag-cellule-nervose-e-infiammatorie","tag-citochine","tag-cronificazione","tag-dupilumab-it","tag-impulso-di-grattamento","tag-nemolizumab-it","tag-pro-infiammatorio-it","tag-prurigo-nodularis-it","tag-pruritogeno","tag-target-it","tag-terapia-antinfiammatoria","pmpro-has-access"],"acf":[],"publishpress_future_action":{"enabled":false,"date":"2026-05-06 15:49:56","action":"change-status","newStatus":"draft","terms":[],"taxonomy":"category","extraData":[]},"publishpress_future_workflow_manual_trigger":{"enabledWorkflows":[]},"wpml_current_locale":"it_IT","wpml_translations":{"pt_PT":{"locale":"pt_PT","id":372053,"slug":"citocinas-pruritogenicas-promotoras-de-inflamacao-como-alvo-terapeutico","post_title":"Citocinas pruritog\u00e9nicas promotoras de inflama\u00e7\u00e3o como alvo terap\u00eautico","href":"https:\/\/medizinonline.com\/pt-pt\/citocinas-pruritogenicas-promotoras-de-inflamacao-como-alvo-terapeutico\/"},"es_ES":{"locale":"es_ES","id":372063,"slug":"citoquinas-pruritogenicas-promotoras-de-la-inflamacion-como-diana-terapeutica","post_title":"Citoquinas pruritog\u00e9nicas promotoras de la inflamaci\u00f3n como diana terap\u00e9utica","href":"https:\/\/medizinonline.com\/es\/citoquinas-pruritogenicas-promotoras-de-la-inflamacion-como-diana-terapeutica\/"}},"_links":{"self":[{"href":"https:\/\/medizinonline.com\/it\/wp-json\/wp\/v2\/posts\/372039","targetHints":{"allow":["GET"]}}],"collection":[{"href":"https:\/\/medizinonline.com\/it\/wp-json\/wp\/v2\/posts"}],"about":[{"href":"https:\/\/medizinonline.com\/it\/wp-json\/wp\/v2\/types\/post"}],"author":[{"embeddable":true,"href":"https:\/\/medizinonline.com\/it\/wp-json\/wp\/v2\/users\/7"}],"replies":[{"embeddable":true,"href":"https:\/\/medizinonline.com\/it\/wp-json\/wp\/v2\/comments?post=372039"}],"version-history":[{"count":2,"href":"https:\/\/medizinonline.com\/it\/wp-json\/wp\/v2\/posts\/372039\/revisions"}],"predecessor-version":[{"id":373749,"href":"https:\/\/medizinonline.com\/it\/wp-json\/wp\/v2\/posts\/372039\/revisions\/373749"}],"wp:featuredmedia":[{"embeddable":true,"href":"https:\/\/medizinonline.com\/it\/wp-json\/wp\/v2\/media\/244962"}],"wp:attachment":[{"href":"https:\/\/medizinonline.com\/it\/wp-json\/wp\/v2\/media?parent=372039"}],"wp:term":[{"taxonomy":"category","embeddable":true,"href":"https:\/\/medizinonline.com\/it\/wp-json\/wp\/v2\/category?post=372039"},{"taxonomy":"post_tag","embeddable":true,"href":"https:\/\/medizinonline.com\/it\/wp-json\/wp\/v2\/tags?post=372039"},{"taxonomy":"powerkit_post_featured","embeddable":true,"href":"https:\/\/medizinonline.com\/it\/wp-json\/wp\/v2\/powerkit_post_featured?post=372039"}],"curies":[{"name":"wp","href":"https:\/\/api.w.org\/{rel}","templated":true}]}}