{"id":377469,"date":"2024-05-01T22:05:32","date_gmt":"2024-05-01T20:05:32","guid":{"rendered":"https:\/\/medizinonline.com\/?p=377469"},"modified":"2024-05-03T11:40:17","modified_gmt":"2024-05-03T09:40:17","slug":"riconoscere-linsonnia-trattarla-ed-evitare-i-disturbi-cognitivi-2","status":"publish","type":"post","link":"https:\/\/medizinonline.com\/it\/riconoscere-linsonnia-trattarla-ed-evitare-i-disturbi-cognitivi-2\/","title":{"rendered":"Riconoscere l&#8217;insonnia, trattarla ed evitare i disturbi cognitivi"},"content":{"rendered":"\n<p><strong>I disturbi del sonno fanno parte della vita quotidiana di gran parte della popolazione anziana. Un cambiamento nell&#8217;architettura del sonno e una riduzione del bisogno di dormire sono naturali. Quindi, quando dovremmo iniziare a parlare di insonnia? E come si possono aiutare efficacemente le persone colpite, al di l\u00e0 dell&#8217;automedicazione?<\/strong><\/p>\n\n<!--more-->\n\n<p>Disturbi del sonno in et\u00e0 avanzata o quando il sonno torner\u00e0 ad essere come nell&#8217;infanzia? Molti pazienti che soffrono di disturbi del sonno in et\u00e0 avanzata si pongono questa domanda &#8211; inconsciamente o consapevolmente &#8211; e hanno bisogno di una risposta. Con l&#8217;et\u00e0, la diminuzione del sonno e il cambiamento dell&#8217;architettura del sonno con una maggiore proporzione di sonno leggero sono naturali e salutari &#8211; cio\u00e8, tutti noi sperimentiamo un modello di sonno che cambia nella struttura e nella durata nel corso della vita. Il primo obiettivo della diagnostica specifica del sonno in et\u00e0 avanzata \u00e8 quello di differenziare un disturbo del sonno soggettivo da uno oggettivo e di comprendere il disturbo del sonno come causa o conseguenza di una qualit\u00e0 di vita compromessa, di una malattia organica, di un aumento dello stress psicologico o come sintomo di una malattia ansiosa, affettiva o neurodegenerativa.<\/p>\n\n<h3 id=\"epidemiologia-e-sfide-dei-disturbi-del-sonno-in-eta-avanzata\" class=\"wp-block-heading\">Epidemiologia e sfide dei disturbi del sonno in et\u00e0 avanzata<\/h3>\n\n<p>I disturbi del sonno in et\u00e0 avanzata sono un problema di salute rilevante in un terzo &#8211; met\u00e0 della popolazione e sono associati a una riduzione della qualit\u00e0 della vita, a un aumento del disagio psicologico e a disturbi depressivi [1,2]. L&#8217;automedicazione \u00e8 frequente nel 49% delle persone colpite e non di rado porta a una sindrome di dipendenza da benzodiazepine, sostanze Z e\/o alcol [3]. I dati di coorte degli Stati Uniti, con oltre 9000 partecipanti, mostrano che il 57% della popolazione anziana (\u226565 anni) soffre di insonnia cronica &#8211; cio\u00e8 un disturbo del sonno che dura almeno 3 mesi o pi\u00f9 &#8211; e il 25% delle persone colpite dorme durante il giorno [4,5]. Spesso ci vuole molto tempo prima che venga fatta una diagnosi attraverso una diagnosi di fase specifica del sonno e che venga iniziata una terapia: l&#8217;80% delle persone colpite soffre di insonnia cronica (\u22653 mesi) al momento della diagnosi e il 25% soffre del disturbo del sonno da pi\u00f9 di 10 anni [6].<\/p>\n\n<h3 id=\"cambiamento-fisiologico-del-sonno-con-leta\" class=\"wp-block-heading\">Cambiamento fisiologico del sonno con l&#8217;et\u00e0<\/h3>\n\n<p>Invecchiare non significa dover soffrire di un sonno insufficiente e\/o non ristoratore. Tuttavia, la durata del sonno e l&#8217;architettura del sonno &#8211; quattro fasi di sonno ciclicamente ricorrenti di 90 minuti ciascuna, con fasi non-REM (fasi di sonno N1, N2 e N3) e sonno REM &#8211; cambiano fisiologicamente nel corso della vita [2]. Mentre i bambini dormono in media da 10 a 14 ore e i giovani adulti da 6,5 a 8,5 ore a notte, la durata media del sonno diminuisce a 5-7 ore a notte dopo i 60 anni [7]. Con l&#8217;aumentare dell&#8217;et\u00e0, non solo la durata del sonno diminuisce, ma aumenta anche la latenza per addormentarsi, la percentuale di sonno leggero (non-REM N1 e N2) aumenta e la percentuale di sonno REM per notte si accorcia. Questi cambiamenti fisiologici e legati all&#8217;et\u00e0 possono portare all&#8217;ansia se le aspettative sul sonno non sono realistiche e possono scatenare o aggravare l&#8217;insonnia attraverso la preoccupazione [2]. Nella seconda met\u00e0 della vita, due terzi del nostro sonno sono superficiali, con il 66% di sonno leggero (non-REM N1: 18%; N2: 48%), seguito dal 16% di sonno profondo (non-REM N3) e dal 18% di sonno onirico (REM), per cui la percezione soggettiva di un sonno meno profondo corrisponde alla fisiologia del sonno in et\u00e0 avanzata, di solito non ha alcun valore patologico e solo la preoccupazione per un sonno alterato pu\u00f2 scatenare l&#8217;insonnia.  [2,8]. Un altro fattore che compromette la qualit\u00e0 del sonno in et\u00e0 avanzata \u00e8 la ridotta pressione del sonno dovuta alla perdita dei timer naturali, come gli orari di lavoro regolari, i pasti regolari e l&#8217;aumento della stanchezza nel corso della giornata a causa della riduzione dell&#8217;attivit\u00e0 diurna e\/o dei &#8220;sonnellini diurni&#8221;; il risultato \u00e8 un sonno profondo ridotto con una proporzione ridotta di sonno a onde lente (SWS) [8]. Se riusciamo a spiegare ai nostri pazienti i cambiamenti nella fisiologia del sonno in et\u00e0 avanzata, spesso il livello di sofferenza e le aspettative si riducono e l&#8217;imminente circolo vizioso dell&#8217;insonnia non organica pu\u00f2 essere interrotto in una fase iniziale.<\/p>\n\n<h3 id=\"disturbi-del-sonno-specifici-per-genere\" class=\"wp-block-heading\">Disturbi del sonno specifici per genere<\/h3>\n\n<p>Le differenze specifiche di genere nella frequenza e nel tipo di disturbi del sonno sono rilevanti. Le donne hanno un rischio maggiore del 40% di sviluppare l&#8217;insonnia e hanno il doppio delle probabilit\u00e0 di soffrire della sindrome delle gambe senza riposo rispetto agli uomini. Al contrario, il 50% in pi\u00f9 di uomini rispetto alle donne soffre di sindrome da apnea ostruttiva del sonno (OSAS), come riassunto nel rapporto di ricerca della <em>Society for Women&#8217;s Health<\/em> [9]. Rispetto alle donne di et\u00e0 compresa tra i 18 e i 39 anni, le donne hanno il doppio delle probabilit\u00e0 di soffrire di difficolt\u00e0 di addormentamento a partire dal sesto decennio di vita, mentre i problemi di sonno notturno e l&#8217;uso di sonniferi aumentano con l&#8217;et\u00e0 in entrambi i sessi [10].<\/p>\n\n<h3 id=\"disturbi-del-sonno-e-rischio-di-deterioramento-cognitivo\" class=\"wp-block-heading\">Disturbi del sonno e rischio di deterioramento cognitivo<\/h3>\n\n<p>I disturbi del sonno sono rilevanti nei pazienti con malattia di Alzheimer e sono spesso associati a un comportamento aggressivo, alla frammentazione del sonno e a un ritmo giorno-notte disturbato, tra cui la  <em>Il tramonto<\/em>  fenomeno &#8211; comportamento insolito, irrequieto e\/o aggressivo nelle prime ore della sera &#8211; per cui non solo i pazienti stessi, ma anche i loro assistenti sono oppressi e questi complessi disturbi del sonno spesso portano a una precoce istituzionalizzazione dei pazienti.  [11,12]. Lo studio svizzero HypnoLaus ha potuto dimostrare che i pazienti anziani di et\u00e0 superiore ai 65 anni con disturbi cognitivi<em> (Mild Cognitive Impairment)<\/em> soffrono di un&#8217;architettura del sonno alterata, di un&#8217;efficienza del sonno inferiore e di disturbi respiratori legati al sonno pi\u00f9 frequenti [13]. Oggi sappiamo che i disturbi del sonno non sono solo un fenomeno di accompagnamento o una conseguenza della patologia demenziale, ma aumentano essi stessi il rischio di disturbi della cognizione e\/o di demenza di Alzheimer di 1,68 volte [14], per cui esiste una relazione bidirezionale tra i disturbi del sonno e della cognizione [15]. I pazienti con insonnia di lunga durata nel 5. fino a quando 6\u00b0 decennio di vita hanno una ridotta eliminazione notturna dell&#8217;amiloide-\u03b2 attraverso il sistema glinfatico, per cui l&#8217;aumento dell&#8217;aggregazione dell&#8217;amiloide-\u03b2 nel cervello si traduce in un rischio maggiore di demenza [16], e i disturbi del sonno sono considerati un fattore di rischio indipendente per i disturbi cognitivi, soprattutto nei domini dell&#8217;attenzione, della memoria episodica, della memoria di lavoro e delle funzioni esecutive [17]. Pertanto, la diagnosi precoce del disturbo del sonno e il suo trattamento sufficiente sono essenziali per mantenere o migliorare la cognizione e la qualit\u00e0 della vita dei pazienti e dei loro familiari durante l&#8217;invecchiamento e per ridurre il rischio di demenza.<\/p>\n\n<h3 id=\"benzodiazepine-e-sostanze-z\" class=\"wp-block-heading\">Benzodiazepine e sostanze Z<\/h3>\n\n<p>Un problema particolare nella terza et\u00e0 \u00e8 l&#8217;uso dannoso o la dipendenza dalle benzodiazepine e dalle sostanze Z. Queste ultime sono agonisti non benzodiazepinici come lo zolpidem, lo zopiclone e lo zaleplon, con un&#8217;emivita breve e un elevato potenziale di tolleranza e dipendenza. Esiste ora una chiara evidenza che gli ipnotici a lunga durata d&#8217;azione ad alte dosi aumentano il rischio di demenza [18]. Oltre al deterioramento cognitivo con aumento del rischio di demenza, le sostanze Z e le benzodiazepine potenziano il rischio di cadute con l&#8217;avanzare dell&#8217;et\u00e0, la mortalit\u00e0, interrompono l&#8217;architettura del sonno, provocano un sonno non ristoratore, innescano l&#8217;insonnia di rimbalzo o addirittura l&#8217;ansia e l&#8217;agitazione attraverso effetti paradossali, motivo per cui non \u00e8 raro aumentare la dose [19]. Questo circolo vizioso pu\u00f2 essere interrotto solo qualificando l&#8217;astinenza da benzodiazepine con difficolt\u00e0 e per un lungo periodo di tempo in un ambiente gerontopsichiatrico ospedaliero con offerte di terapia farmacologica e non farmacologica in contesti individuali e di gruppo. Poich\u00e9 le benzodiazepine e le sostanze Z hanno un elevato potenziale di dipendenza gi\u00e0 dopo 3 o 4 settimane, gli autori raccomandano di non utilizzare queste sostanze, soprattutto in ambito ambulatoriale. Soprattutto in et\u00e0 avanzata, bisogna tenere conto dei cambiamenti nella metabolizzazione, per cui in Svizzera si raccomanda un adeguamento della dose al 50% per le sostanze Z a partire dai 65 anni. Inoltre, le donne metabolizzano le sostanze Z il 50% pi\u00f9 lentamente degli uomini, per cui gli effetti collaterali sono specifici per il sesso e l&#8217;et\u00e0 e le donne sono particolarmente esposte al rischio di effetti avversi da benzodiazepine e sostanze Z con l&#8217;aumentare dell&#8217;et\u00e0 [20].<\/p>\n\n<h3 id=\"riconoscere-linsonnia-primaria-e-secondaria-diagnosi-interdisciplinare-passo-dopo-passo\" class=\"wp-block-heading\">Riconoscere l&#8217;insonnia primaria e secondaria: diagnosi interdisciplinare passo dopo passo<\/h3>\n\n<p>La diagnosi dell&#8217;insonnia primaria e secondaria pu\u00f2 consentire una terapia precoce e specifica grazie a domande anamnestiche specifiche sul sonno e alla diagnosi di fasi specifiche, riducendo cos\u00ec il rischio di malattie secondarie e migliorando la qualit\u00e0 di vita delle persone colpite [6]. I pazienti non riferiscono affatto il loro disturbo del sonno o si presentano a causa del loro disturbo del sonno, in quanto \u00e8 considerato un sintomo meno stigmatizzante, ma non di rado corrisponde a una grave malattia psichiatrica. Pertanto, gli autori raccomandano di rilevare di routine il sonno di tutti i pazienti e di valutare l&#8217;umore, i sintomi psicotici e la suicidalit\u00e0 in caso di insonnia.<\/p>\n\n<h3 id=\"la-definizione-di-insonnia-primaria-non-organica-secondo-licsd-3-e-licd-10\" class=\"wp-block-heading\">La definizione di insonnia primaria non organica secondo l&#8217;ICSD-3 e l&#8217;ICD-10<\/h3>\n\n<p>L&#8217;insonnia primaria \u00e8 definita dalla Classificazione Internazionale dei Disturbi del Sonno (ICSD-3) come un disturbo dell&#8217;addormentamento o del sonno notturno che si verifica almeno tre volte alla settimana per un periodo di almeno un mese e che colpisce il paziente in aree importanti della vita [21]. L&#8217;insonnia cronica esiste se il disturbo del sonno persiste per almeno 3 mesi. Per la diagnosi di insonnia primaria, cio\u00e8 insonnia non organica secondo la Classificazione Internazionale dei Disturbi Mentali (ICD-10: F51.0), nessuna malattia somatica o psichiatrica deve causare il disturbo del sonno e l&#8217;insonnia non deve essere il risultato della farmacoterapia o dell&#8217;uso di sostanze.<\/p>\n\n<h3 id=\"classificazione-dei-disturbi-del-sonno-secondo-licds-3\" class=\"wp-block-heading\">Classificazione dei disturbi del sonno secondo l&#8217;ICDS-3<\/h3>\n\n<p>I disturbi del sonno sono suddivisi in 6 categorie principali secondo l&#8217;<em>Associazione Americana di Medicina del Sonno<\/em> (AASM) (ICDS-3), con le categorie 2-6 che rappresentano le insonnie secondarie: <\/p>\n\n<ol class=\"wp-block-list\">\n<li>Insonnia<\/li>\n\n\n\n<li>Disturbi respiratori legati al sonno<\/li>\n\n\n\n<li>Ipersonnia centrale<\/li>\n\n\n\n<li>Disturbi del ritmo circadiano sonno-veglia<\/li>\n\n\n\n<li>Parasonnie<\/li>\n\n\n\n<li>Disturbi del movimento legati al sonno<\/li>\n<\/ol>\n\n<p><\/p>\n<div class=\"wp-block-image\">\n<figure class=\"aligncenter size-full is-resized\"><a href=\"https:\/\/medizinonline.com\/wp-content\/uploads\/2024\/04\/tab1_NP2_s19.png\"><img fetchpriority=\"high\" decoding=\"async\" width=\"1326\" height=\"600\" src=\"https:\/\/medizinonline.com\/wp-content\/uploads\/2024\/04\/tab1_NP2_s19.png\" alt=\"\" class=\"wp-image-377306\" style=\"width:500px\" srcset=\"https:\/\/medizinonline.com\/wp-content\/uploads\/2024\/04\/tab1_NP2_s19.png 1326w, https:\/\/medizinonline.com\/wp-content\/uploads\/2024\/04\/tab1_NP2_s19-800x362.png 800w, https:\/\/medizinonline.com\/wp-content\/uploads\/2024\/04\/tab1_NP2_s19-1160x525.png 1160w, https:\/\/medizinonline.com\/wp-content\/uploads\/2024\/04\/tab1_NP2_s19-120x54.png 120w, https:\/\/medizinonline.com\/wp-content\/uploads\/2024\/04\/tab1_NP2_s19-90x41.png 90w, https:\/\/medizinonline.com\/wp-content\/uploads\/2024\/04\/tab1_NP2_s19-320x145.png 320w, https:\/\/medizinonline.com\/wp-content\/uploads\/2024\/04\/tab1_NP2_s19-560x253.png 560w, https:\/\/medizinonline.com\/wp-content\/uploads\/2024\/04\/tab1_NP2_s19-240x109.png 240w, https:\/\/medizinonline.com\/wp-content\/uploads\/2024\/04\/tab1_NP2_s19-180x81.png 180w, https:\/\/medizinonline.com\/wp-content\/uploads\/2024\/04\/tab1_NP2_s19-640x290.png 640w, https:\/\/medizinonline.com\/wp-content\/uploads\/2024\/04\/tab1_NP2_s19-1120x507.png 1120w\" sizes=\"(max-width: 1326px) 100vw, 1326px\" \/><\/a><\/figure>\n<\/div>\n<h3 id=\"insonnia-primaria-contro-insonnia-secondaria-una-diagnosi-a-tappe\" class=\"wp-block-heading\">Insonnia primaria contro insonnia secondaria: una diagnosi a tappe<\/h3>\n\n<p>Per differenziare l&#8217;insonnia primaria da quella secondaria, si pu\u00f2 utilizzare la guida all&#8217;intervista delle &#8220;5 P&#8221; per registrare sistematicamente le cause fisiche, fisiologiche, psicologiche, psichiatriche e farmacologiche dell&#8217;insonnia <strong>(Tabella 1)<\/strong> [6]. Nell&#8217;anamnesi specifica del sonno, sono indicativi una latenza di addormentamento patologica di \u226530 minuti (latenza di addormentamento normale da 5 a 10 minuti) e\/o un disturbo del sonno con uno o pi\u00f9 risvegli notturni e l&#8217;incapacit\u00e0 di riaddormentarsi entro pochi minuti. Le cause organiche dell&#8217;insonnia possono essere individuate da una diagnosi di base del medico di famiglia con esame fisico, diagnostica cardiovascolare, compresa la misurazione della pressione sanguigna, ECG e diagnostica di laboratorio, nonch\u00e9 diagnostica neurologica.  <strong>(Tab. 2). <\/strong>Se vengono segnalate cause organiche o sonnolenza diurna, mal di testa mattutino, disturbi della concentrazione, rimuginamenti notturni, abbassamenti mattutini, esaurimento con perdita di vitalit\u00e0 o ansia, \u00e8 necessario effettuare una diagnosi specifica del sonno e un&#8217;ulteriore diagnosi specialistica per escludere, ad esempio, un disturbo respiratorio o del movimento legato al sonno, un episodio depressivo e\/o una malattia neurodegenerativa come cause dell&#8217;insonnia secondaria. \u00c8 importante informarsi sul decorso temporale del disturbo del sonno &#8211; con l&#8217;insorgenza e la durata, i fattori di stress associati e un modello esplicativo soggettivo &#8211; perch\u00e9 un&#8217;insonnia inizialmente non organica pu\u00f2 causare un episodio depressivo e viceversa, il disturbo del sonno pu\u00f2 persistere nonostante la remissione dell&#8217;episodio depressivo e causare un nuovo episodio, motivo per cui il trattamento del disturbo del sonno \u00e8 di importanza centrale.<\/p>\n<div class=\"wp-block-image\">\n<figure class=\"aligncenter size-full is-resized\"><a href=\"https:\/\/medizinonline.com\/wp-content\/uploads\/2024\/04\/tab2_NP2_s20.png\"><img decoding=\"async\" width=\"1752\" height=\"1468\" data-src=\"https:\/\/medizinonline.com\/wp-content\/uploads\/2024\/04\/tab2_NP2_s20.png\" alt=\"\" class=\"wp-image-377307 lazyload\" style=\"--smush-placeholder-width: 1752px; --smush-placeholder-aspect-ratio: 1752\/1468;width:500px\" data-srcset=\"https:\/\/medizinonline.com\/wp-content\/uploads\/2024\/04\/tab2_NP2_s20.png 1752w, https:\/\/medizinonline.com\/wp-content\/uploads\/2024\/04\/tab2_NP2_s20-800x670.png 800w, https:\/\/medizinonline.com\/wp-content\/uploads\/2024\/04\/tab2_NP2_s20-1160x972.png 1160w, https:\/\/medizinonline.com\/wp-content\/uploads\/2024\/04\/tab2_NP2_s20-120x101.png 120w, https:\/\/medizinonline.com\/wp-content\/uploads\/2024\/04\/tab2_NP2_s20-90x75.png 90w, https:\/\/medizinonline.com\/wp-content\/uploads\/2024\/04\/tab2_NP2_s20-320x268.png 320w, https:\/\/medizinonline.com\/wp-content\/uploads\/2024\/04\/tab2_NP2_s20-560x469.png 560w, https:\/\/medizinonline.com\/wp-content\/uploads\/2024\/04\/tab2_NP2_s20-240x201.png 240w, https:\/\/medizinonline.com\/wp-content\/uploads\/2024\/04\/tab2_NP2_s20-180x151.png 180w, https:\/\/medizinonline.com\/wp-content\/uploads\/2024\/04\/tab2_NP2_s20-640x536.png 640w, https:\/\/medizinonline.com\/wp-content\/uploads\/2024\/04\/tab2_NP2_s20-1120x938.png 1120w, https:\/\/medizinonline.com\/wp-content\/uploads\/2024\/04\/tab2_NP2_s20-1600x1341.png 1600w\" data-sizes=\"(max-width: 1752px) 100vw, 1752px\" src=\"data:image\/svg+xml;base64,PHN2ZyB3aWR0aD0iMSIgaGVpZ2h0PSIxIiB4bWxucz0iaHR0cDovL3d3dy53My5vcmcvMjAwMC9zdmciPjwvc3ZnPg==\" \/><\/a><\/figure>\n<\/div>\n<h3 id=\"insonnia-e-malattie-neurologiche\" class=\"wp-block-heading\">Insonnia e malattie neurologiche<\/h3>\n\n<p>Con l&#8217;avanzare dell&#8217;et\u00e0, \u00e8 importante anche la diagnosi precoce dell&#8217;insonnia secondaria nelle malattie neurologiche come l&#8217;ictus o la lesione cerebrale traumatica e le nuove raccomandazioni sono state pubblicate nella linea guida S2k rivista sull&#8217;insonnia nelle malattie neurologiche della Societ\u00e0 Neurologica Tedesca [22].<\/p>\n\n<h3 id=\"diagnostica-specifica-per-il-sonno\" class=\"wp-block-heading\">Diagnostica specifica per il sonno<\/h3>\n\n<p>L&#8217;insonnia non organica, cio\u00e8 primaria, viene diagnosticata clinicamente dopo aver escluso le cause organiche. Le domande importanti sull&#8217;anamnesi specifica del sonno sono riportate nella <strong>Tabella 3<\/strong>. Oltre all&#8217;anamnesi, all&#8217;esame clinico e di laboratorio, una valutazione specifica del sonno comprende la raccolta di valutazioni psicometriche specifiche del sonno, come la Epworth Sleepiness Scale, il Pittsburgh Sleep Quality Index (PSQI) o la raccolta di un registro del sonno per almeno 7 giorni. Questo protocollo viene compilato dal paziente al mattino e alla sera e fornisce informazioni sull&#8217;umore, sull&#8217;assunzione di farmaci e di sostanze nocive come base per un&#8217;educazione al sonno personalizzata del paziente, oltre al monitoraggio dell&#8217;ora di andare a letto e del tempo di sonno, che consente di calcolare l&#8217;efficienza del sonno come base per la restrizione del sonno. Inoltre, per la valutazione della cognizione, lo screening iniziale della demenza, ad esempio con il <em>Montreal Cognitive Assessment<\/em> (MoCA), cos\u00ec come l&#8217;indagine sulla qualit\u00e0 della vita (SF-36) sono significativi e rilevanti per la valutazione della progressione. In caso di screening positivo per la demenza, consigliamo un chiarimento completo del disturbo cognitivo o della demenza.<\/p>\n<div class=\"wp-block-image\">\n<figure class=\"aligncenter size-full is-resized\"><a href=\"https:\/\/medizinonline.com\/wp-content\/uploads\/2024\/04\/tab3_NP2_s21.png\"><img decoding=\"async\" width=\"873\" height=\"2099\" data-src=\"https:\/\/medizinonline.com\/wp-content\/uploads\/2024\/04\/tab3_NP2_s21.png\" alt=\"\" class=\"wp-image-377308 lazyload\" style=\"--smush-placeholder-width: 873px; --smush-placeholder-aspect-ratio: 873\/2099;width:300px\" data-srcset=\"https:\/\/medizinonline.com\/wp-content\/uploads\/2024\/04\/tab3_NP2_s21.png 873w, https:\/\/medizinonline.com\/wp-content\/uploads\/2024\/04\/tab3_NP2_s21-800x1923.png 800w, https:\/\/medizinonline.com\/wp-content\/uploads\/2024\/04\/tab3_NP2_s21-852x2048.png 852w, https:\/\/medizinonline.com\/wp-content\/uploads\/2024\/04\/tab3_NP2_s21-120x289.png 120w, https:\/\/medizinonline.com\/wp-content\/uploads\/2024\/04\/tab3_NP2_s21-90x216.png 90w, https:\/\/medizinonline.com\/wp-content\/uploads\/2024\/04\/tab3_NP2_s21-320x769.png 320w, https:\/\/medizinonline.com\/wp-content\/uploads\/2024\/04\/tab3_NP2_s21-560x1346.png 560w, https:\/\/medizinonline.com\/wp-content\/uploads\/2024\/04\/tab3_NP2_s21-240x577.png 240w, https:\/\/medizinonline.com\/wp-content\/uploads\/2024\/04\/tab3_NP2_s21-180x433.png 180w, https:\/\/medizinonline.com\/wp-content\/uploads\/2024\/04\/tab3_NP2_s21-640x1539.png 640w\" data-sizes=\"(max-width: 873px) 100vw, 873px\" src=\"data:image\/svg+xml;base64,PHN2ZyB3aWR0aD0iMSIgaGVpZ2h0PSIxIiB4bWxucz0iaHR0cDovL3d3dy53My5vcmcvMjAwMC9zdmciPjwvc3ZnPg==\" \/><\/a><\/figure>\n<\/div>\n<h3 id=\"indicazione-della-polisonnografia\" class=\"wp-block-heading\">Indicazione della polisonnografia<\/h3>\n\n<p>La polisonnografia \u00e8 indicata solo in casi particolari <strong>(Tabella 4) <\/strong>. I disturbi del movimento legati al sonno includono il bruxismo notturno, il <em> disturbo periodico del movimento degli arti <\/em>(PLMD) e la <em>sindrome delle gambe senza riposo (RLS <\/em>). La RLS pu\u00f2 essere diagnosticata clinicamente quando 1. C&#8217;\u00e8 un impulso a muovere le gambe a riposo e durante il rilassamento, 2. Si nota un ritmo circadiano con predominanza dei sintomi la sera\/la notte, 3. il miglioramento dei sintomi si verifica con il movimento, e 4. viene segnalata l&#8217;associazione con disturbi sensoriali o dolore e di solito non richiede la polisonnografia. Le cause organiche della RLS, come la polineuropatia, il disturbo del metabolismo del ferro e la malattia della tiroide, devono essere escluse dalla diagnostica di laboratorio.<\/p>\n<div class=\"wp-block-image\">\n<figure class=\"aligncenter size-full is-resized\"><a href=\"https:\/\/medizinonline.com\/wp-content\/uploads\/2024\/04\/tab4_NP2_s21.png\"><img decoding=\"async\" width=\"889\" height=\"704\" data-src=\"https:\/\/medizinonline.com\/wp-content\/uploads\/2024\/04\/tab4_NP2_s21.png\" alt=\"\" class=\"wp-image-377309 lazyload\" style=\"--smush-placeholder-width: 889px; --smush-placeholder-aspect-ratio: 889\/704;width:500px\" data-srcset=\"https:\/\/medizinonline.com\/wp-content\/uploads\/2024\/04\/tab4_NP2_s21.png 889w, https:\/\/medizinonline.com\/wp-content\/uploads\/2024\/04\/tab4_NP2_s21-800x634.png 800w, https:\/\/medizinonline.com\/wp-content\/uploads\/2024\/04\/tab4_NP2_s21-120x95.png 120w, https:\/\/medizinonline.com\/wp-content\/uploads\/2024\/04\/tab4_NP2_s21-90x71.png 90w, https:\/\/medizinonline.com\/wp-content\/uploads\/2024\/04\/tab4_NP2_s21-320x253.png 320w, https:\/\/medizinonline.com\/wp-content\/uploads\/2024\/04\/tab4_NP2_s21-560x443.png 560w, https:\/\/medizinonline.com\/wp-content\/uploads\/2024\/04\/tab4_NP2_s21-240x190.png 240w, https:\/\/medizinonline.com\/wp-content\/uploads\/2024\/04\/tab4_NP2_s21-180x143.png 180w, https:\/\/medizinonline.com\/wp-content\/uploads\/2024\/04\/tab4_NP2_s21-640x507.png 640w\" data-sizes=\"(max-width: 889px) 100vw, 889px\" src=\"data:image\/svg+xml;base64,PHN2ZyB3aWR0aD0iMSIgaGVpZ2h0PSIxIiB4bWxucz0iaHR0cDovL3d3dy53My5vcmcvMjAwMC9zdmciPjwvc3ZnPg==\" \/><\/a><\/figure>\n<\/div>\n<h3 id=\"come-si-puo-trattare-linsonnia-nelle-persone-anziane\" class=\"wp-block-heading\">Come si pu\u00f2 trattare l&#8217;insonnia nelle persone anziane?<\/h3>\n\n<p>Nel trattamento dei disturbi del sonno, le terapie non farmacologiche con la psicoeducazione per migliorare l&#8217;igiene del sonno, il ritmo giorno-notte e l&#8217;attivit\u00e0 diurna svolgono un ruolo essenziale accanto alla farmacoterapia.  <strong>(Tab. 5).<\/strong>  La terapia cognitivo-comportamentale (CBT) con psicoeducazione in un contesto di gruppo \u00e8 particolarmente efficace e pu\u00f2 anche migliorare la qualit\u00e0 del sonno nei pazienti anziani di et\u00e0 superiore ai 65 anni.  [23,24].<\/p>\n<div class=\"wp-block-image\">\n<figure class=\"aligncenter size-full is-resized\"><a href=\"https:\/\/medizinonline.com\/wp-content\/uploads\/2024\/04\/tab5_NP2_s23.png\"><img decoding=\"async\" width=\"2168\" height=\"1553\" data-src=\"https:\/\/medizinonline.com\/wp-content\/uploads\/2024\/04\/tab5_NP2_s23.png\" alt=\"\" class=\"wp-image-377310 lazyload\" style=\"--smush-placeholder-width: 2168px; --smush-placeholder-aspect-ratio: 2168\/1553;width:500px\" data-srcset=\"https:\/\/medizinonline.com\/wp-content\/uploads\/2024\/04\/tab5_NP2_s23.png 2168w, https:\/\/medizinonline.com\/wp-content\/uploads\/2024\/04\/tab5_NP2_s23-800x573.png 800w, https:\/\/medizinonline.com\/wp-content\/uploads\/2024\/04\/tab5_NP2_s23-1160x831.png 1160w, https:\/\/medizinonline.com\/wp-content\/uploads\/2024\/04\/tab5_NP2_s23-2048x1467.png 2048w, https:\/\/medizinonline.com\/wp-content\/uploads\/2024\/04\/tab5_NP2_s23-120x86.png 120w, https:\/\/medizinonline.com\/wp-content\/uploads\/2024\/04\/tab5_NP2_s23-90x64.png 90w, https:\/\/medizinonline.com\/wp-content\/uploads\/2024\/04\/tab5_NP2_s23-320x229.png 320w, https:\/\/medizinonline.com\/wp-content\/uploads\/2024\/04\/tab5_NP2_s23-560x401.png 560w, https:\/\/medizinonline.com\/wp-content\/uploads\/2024\/04\/tab5_NP2_s23-1920x1375.png 1920w, https:\/\/medizinonline.com\/wp-content\/uploads\/2024\/04\/tab5_NP2_s23-240x172.png 240w, https:\/\/medizinonline.com\/wp-content\/uploads\/2024\/04\/tab5_NP2_s23-180x129.png 180w, https:\/\/medizinonline.com\/wp-content\/uploads\/2024\/04\/tab5_NP2_s23-640x458.png 640w, https:\/\/medizinonline.com\/wp-content\/uploads\/2024\/04\/tab5_NP2_s23-1120x802.png 1120w, https:\/\/medizinonline.com\/wp-content\/uploads\/2024\/04\/tab5_NP2_s23-1600x1146.png 1600w\" data-sizes=\"(max-width: 2168px) 100vw, 2168px\" src=\"data:image\/svg+xml;base64,PHN2ZyB3aWR0aD0iMSIgaGVpZ2h0PSIxIiB4bWxucz0iaHR0cDovL3d3dy53My5vcmcvMjAwMC9zdmciPjwvc3ZnPg==\" \/><\/a><\/figure>\n<\/div>\n<h3 id=\"terapia-non-farmacologica\" class=\"wp-block-heading\">Terapia non farmacologica<\/h3>\n\n<p>La terapia di prima linea \u00e8 un approccio non farmacologico che utilizza la terapia cognitivo-comportamentale per migliorare e stabilizzare il ciclo sonno-veglia del paziente <strong>(Tabella 5)<\/strong> [25]. La terapia di gruppo psicoeducativa \u00e8 efficace anche per migliorare l&#8217;insonnia e la qualit\u00e0 del sonno nei pazienti anziani [23]. I contenuti includono l&#8217;apprendimento di una buona igiene del sonno con ritmi regolari giorno-notte, tecniche di rilassamento, l&#8217;aumento delle attivit\u00e0 diurne, la riduzione dell&#8217;attenzione al sonno e alla temuta insonnia e l&#8217;ampliamento delle attivit\u00e0 sociali. Attraverso l&#8217;uso regolare di un protocollo del sonno, si pu\u00f2 calcolare l&#8217;efficienza del sonno e, attraverso la restrizione del sonno, si pu\u00f2 aumentare la pressione del sonno e migliorare la qualit\u00e0 del sonno. La terapia della luce del mattino con 3000 lux per 30-90 minuti migliora l&#8217;insonnia nei disturbi neurodegenerativi [26], nei disturbi affettivi [27] e nell&#8217;insonnia non organica [28]. Nella demenza, la combinazione della terapia della luce con l&#8217;attivit\u00e0 fisica di camminare per 30 minuti almeno 4 giorni alla settimana migliora la durata del sonno [22].<\/p>\n\n<h3 id=\"farmacoterapia\" class=\"wp-block-heading\">Farmacoterapia<\/h3>\n\n<p>La farmacoterapia dell&#8217;insonnia negli anziani deve prendere in considerazione gli effetti collaterali indesiderati &#8211; soprattutto quelli anticolinergici che compromettono la cognizione &#8211; e l&#8217;alterazione della farmacocinetica nella terza et\u00e0. <strong>(Tab. 5).  <\/strong>Le prove che dimostrano se i pazienti anziani tollerano generalmente dosi pi\u00f9 basse di psicofarmaci sono controverse, quindi raccomandiamo un dosaggio lento con una dose iniziale pi\u00f9 bassa. La dose target pu\u00f2 essere determinata in base ai sintomi clinici. Il sonno profondo \u00e8 migliorato da trazodone, mirtazapina, agomelatina e erba di San Giovanni, anche se l&#8217;erba di San Giovanni non \u00e8 raccomandata dagli autori a causa delle interazioni con il CYP3A4 nella medicina geriatrica, a causa delle interazioni polifarmacologiche. Il trazodone non solo migliora il sonno, ma rallenta la progressione del deterioramento cognitivo [29]. Anche la mirtazapina e la quetiapina sono efficaci per l&#8217;induzione del sonno. Tutte le sostanze non sono approvate per il solo trattamento dell&#8217;insonnia, motivo per cui \u00e8 necessario fornire un&#8217;educazione off-label. Le benzodiazepine e le sostanze Z, sebbene siano ancora frequentemente prescritte, dovrebbero essere evitate nella terza et\u00e0 e utilizzate solo brevemente in un contesto di ricovero per evitare situazioni di crisi come la suicidalit\u00e0 acuta.<\/p>\n\n<h3 id=\"previsioni\" class=\"wp-block-heading\">Previsioni<\/h3>\n\n<p>Dal punto di vista prognostico, un trattamento sufficiente e precoce dell&#8217;insonnia \u00e8 importante e porta alla remissione nella met\u00e0 delle persone colpite, con gli uomini che hanno un successo terapeutico maggiore rispetto alle donne [2]. I sintomi residui spesso persistono e c&#8217;\u00e8 un rischio maggiore di ricaduta. Il rischio di ricaduta entro 4 anni dopo la remissione del disturbo del sonno \u00e8 aumentato dal disturbo della cognizione (HR 1,46), dalla qualit\u00e0 del sonno inadeguata (HR 1,43), dall&#8217;umore alterato (HR 1,39), dal sesso femminile (HR 1,39), dal disturbo del sonno-attraverso (HR 1,35) e dall&#8217;affaticamento (HR 1,24) &#8211; i dati tra parentesi corrispondono ai rapporti di rischio dopo il controllo dell&#8217;insonnia al basale, della gravit\u00e0 della malattia depressiva e della malattia somatica. Le analisi di sottogruppo stratificate per genere sottolineano l&#8217;aumento del rischio di ricaduta negli uomini a causa del deterioramento cognitivo (HR 1,98) e nelle donne a causa del disturbo del sonno (HR 1,46), per cui gli autori raccomandano di prestare particolare attenzione al deterioramento cognitivo, al disturbo del sonno, alla qualit\u00e0 del sonno, ai sintomi affettivi e ai segni di affaticamento dopo la remissione dell&#8217;insonnia.<\/p>\n\n<h3 id=\"conclusione\" class=\"wp-block-heading\">Conclusione<\/h3>\n\n<p>Il disturbo del sonno \u00e8 un sintomo con genesi multifattoriale e un fattore di rischio indipendente per il deterioramento cognitivo e la demenza. Pertanto, raccomandiamo la valutazione di routine del sonno per individuare precocemente l&#8217;insonnia primaria e secondaria, per trattarla in modo specifico e interdisciplinare, al fine di ridurre il rischio di disturbi cognitivi e di demenza in et\u00e0 avanzata e per mantenere e migliorare la qualit\u00e0 di vita delle persone colpite e dei loro familiari a lungo termine.<\/p>\n\n<p><strong>Messaggi da portare a casa<\/strong><\/p>\n\n<ul class=\"wp-block-list\">\n<li>L&#8217;insonnia ha una genesi multifattoriale e richiede una diagnosi interdisciplinare per differenziare l&#8217;insonnia primaria &#8211; cio\u00e8 non organica (ICD-10: F51.0) &#8211; da quella secondaria e per classificarla in relazione ai cambiamenti fisiologici del sonno in et\u00e0 avanzata. <\/li>\n\n\n\n<li>Con l&#8217;avanzare dell&#8217;et\u00e0, la diminuzione del sonno e il cambiamento dell&#8217;architettura del sonno con due terzi di sonno leggero sono fisiologici, per cui l&#8217;educazione al sonno con la spiegazione dei cambiamenti naturali del sonno \u00e8 di grande importanza.<\/li>\n\n\n\n<li>Fino al 50% della popolazione anziana soffre di un disturbo del sonno con<br\/>alta percentuale di automedicazione, diagnosi tardiva, cronicit\u00e0 e rischio di dipendenza da ipnotici e\/o alcol.<\/li>\n\n\n\n<li>Le benzodiazepine e le sostanze Z (agonisti non benzodiazepinici di zolpidem, zopiclone, zaleplon) non dovrebbero essere utilizzate nella medicina geriatrica e del sonno, in quanto presentano un&#8217;elevata tolleranza e un potenziale di dipendenza, aumentano l&#8217;agitazione e l&#8217;ansia nella terza et\u00e0 a causa di effetti paradossali, disturbano l&#8217;architettura del sonno, sono metabolizzate fino al 50% in meno dalle donne e aumentano il rischio di cadute e demenza.<\/li>\n\n\n\n<li>I disturbi del sonno in et\u00e0 avanzata sono trattati in modo non farmacologico e farmacologico nel contesto delle comorbidit\u00e0 e della politerapia. La terapia cognitivo-comportamentale \u00e8 efficace anche negli anziani in un contesto di gruppo e si concentra sull&#8217;educazione al sonno, sul miglioramento dell&#8217;attivit\u00e0 quotidiana, sulla correzione dell&#8217;igiene del sonno per migliorare l&#8217;efficienza del sonno, la qualit\u00e0 del sonno e la qualit\u00e0 della vita.<\/li>\n<\/ul>\n\n<p><\/p>\n\n<p>Letteratura:<\/p>\n\n<ol class=\"wp-block-list\">\n<li>2012 SG. Schlafst\u00f6rungen in der Bev\u00f6lkerung. Neuch\u00e2tel: Bundesamt f\u00fcr Statistik (BFS); 2015.<\/li>\n\n\n\n<li>Patel D, Steinberg J, Patel P: Insomnia in the Elderly: A Review. J Clin Sleep Med. 2018; 14: 1017\u20131024.<\/li>\n\n\n\n<li>Hersberger KE, Renggli VP, Nirkko AC, et al.: Screening for sleep disorders in community pharmacies \u2013 evaluation of a campaign in Switzerland. J Clin Pharm Ther. 2006; 31: 35\u201341.<\/li>\n\n\n\n<li>Abad VC, Guilleminault C: Insomnia in Elderly Patients: Recommendations for Pharmacological Management. Drugs Aging. 2018; 35: 791\u2013817.<\/li>\n\n\n\n<li>Foley DJ, Monjan AA, Brown SL, et al.: Sleep complaints among elderly persons: an epidemiologic study of three communities. Sleep. 1995; 18: 425\u2013432.<\/li>\n\n\n\n<li>Rauen K, Weidt, S: Insomnia \u2013 Symptom with multifactorial genesis, diagnosis and treatment of sleep disorders. Praxis\/Hogrefe. 2017; 106.<\/li>\n\n\n\n<li>Ohayon MM, Carskadon MA, Guilleminault C, Vitiello MV: Meta-analysis of quantitative sleep parameters from childhood to old age in healthy individuals: developing normative sleep values across the human lifespan. Sleep. 2004; 27: 1255\u20131273.<\/li>\n\n\n\n<li>Mander BA, Winer JR, Walker MP: Sleep and Human Aging. Neuron. 2017; 94: 19\u201336.<\/li>\n\n\n\n<li>Mallampalli MP, Carter CL: Exploring Sex and Gender Differences in Sleep Health: A Society for Women\u2019s Health Research Report. Journal of Women\u2019s Health. 2014; 23: 553\u2013562.<\/li>\n\n\n\n<li>Schlack R, Hapke U, Maske U, et al.: Frequency and distribution of sleep problems and insomnia in the adult population in Germany: results of the German Health Interview and Examination Survey for Adults (DEGS1). Bundesgesundheitsblatt Gesundheitsforschung Gesundheitsschutz. 2013; 56: 740\u2013748.<\/li>\n\n\n\n<li>Moran M, Lynch CA, Walsh C, et al.: Sleep disturbance in mild to moderate Alzheimer\u2019s disease. Sleep Med. 2005; 6: 347\u2013352.<\/li>\n\n\n\n<li>Peter-Derex L, Yammine P, Bastuji H, Croisile B: Sleep and Alzheimer\u2019s disease. Sleep Med Rev. 2015; 19: 29\u201338.<\/li>\n\n\n\n<li>Haba-Rubio J, Marti-Soler H, Tobback N, et al.: Sleep characteristics and cognitive impairment in the general population The HypnoLaus study. Neurology. 2017; 88: 463\u2013469.<\/li>\n\n\n\n<li>Bubu OM, Brannick M, Mortimer J, et al.: Sleep, Cognitive impairment, and Alzheimer\u2019s disease: A Systematic Review and Meta-Analysis. Sleep. 2017; 40.<\/li>\n\n\n\n<li>Ju Y-ES, Lucey BP, Holtzman D: Sleep and Alzheimer disease pathology \u2013 a bidirectional relationship. Nat Rev Neurol. 2014; 10: 115\u2013119.<\/li>\n\n\n\n<li>Musiek ES, Xiong DD, Holtzman DM: Sleep, circadian rhythms, and the pathogenesis of Alzheimer disease. Experimental &amp; molecular medicine. 2015; 47: e148\u2013e48.<\/li>\n\n\n\n<li>Fortier-Brochu E, Beaulieu-Bonneau S, Ivers H, Morin CM: Insomnia and daytime cognitive performance: a meta-analysis. Sleep Med Rev. 2012; 16: 83\u201394.<\/li>\n\n\n\n<li>Chen PL, Lee WJ, Sun WZ, et al.: Risk of dementia in patients with insomnia and long-term use of hypnotics: a population-based retrospective cohort study. PLoS One. 2012; 7: e49113.<\/li>\n\n\n\n<li>Savaskan E: Benzodiazepin-Abh\u00e4ngigkeit im Alter: Wie geht man damit um? Praxis. 2016; 105: 637\u2013641.<\/li>\n\n\n\n<li>Cuba\u0142a WJ, Wiglusz M, Burkiewicz A, Ga\u0142uszko-Wegielnik M: Zolpidem pharmacokinetics and pharmacodynamics in metabolic interactions involving CYP3A: sex as a differentiating factor. Eur J Clin Pharmacol. 2010; 66: 955; author reply 57\u201358.<\/li>\n\n\n\n<li>(AASM) AAoSM. International Classification of Sleep Disorders (ICSD-3) 2014.<\/li>\n\n\n\n<li>Mayer G: S2k-Leitlinie: Insomnie bei neurologischen Erkrankungen: Deutsche Gesellschaft f\u00fcr Neurologie (DGN); 2020 [Version 3: 02.03.2020: Available from: <a href=\"https:\/\/dgn.org\/leitlinien\/ll-030-%0A045-insomnie-bei-neurologischen-erkrankungen-2020\" target=\"_blank\" rel=\"noopener\">https:\/\/dgn.org\/leitlinien\/ll-030-<br\/>045-insomnie-bei-neurologischen-erkrankungen-2020<\/a><\/li>\n\n\n\n<li>Lovato LC, Wallace RB, Leng X, et al.: Sleep duration, cognitive decline, and dementia risk in older women. Alzheimers Dement. 2016; 12: 21\u201333.<\/li>\n\n\n\n<li>Sadler P, McLaren S, Klein B, et al.: Cognitive behavior therapy for older adults with insomnia and depression: a randomized controlled trial in community mental health services. Sleep. 2018; 41.<\/li>\n\n\n\n<li>Zdanys KF, Steffens DC: Sleep Disturbances in the Elderly. Psychiatric Clinics of North America. 2015; 38: 723\u2013741.<\/li>\n\n\n\n<li>Amara AW, Chahine LM, Videnovic A: Treatment of Sleep Dysfunction in Parkinson\u2019s Disease. Curr Treat Options Neurol. 2017; 19: 26.<\/li>\n\n\n\n<li>Penders TM, Stanciu CN, Schoemann AM, et al.: Bright Light Therapy as Augmentation of Pharmacotherapy for Treatment of Depression: A Systematic Review and Meta-Analysis. Prim Care Companion CNS Disord. 2016; 18.<\/li>\n\n\n\n<li>van Maanen A, Meijer AM, van der Heijden KB, Oort FJ: The effects of light therapy on sleep problems: A systematic review and meta-analysis. Sleep Med Rev. 2016; 29: 52\u201362.<\/li>\n\n\n\n<li>La AL, Walsh CM, Neylan TC, et al.: Long-Term Trazodone Use and Cognition: A Potential Therapeutic Role for Slow-Wave Sleep Enhancers. J Alzheimers Dis. 2019; 67: 911\u2013921.<\/li>\n\n\n\n<li>Schwerth\u00f6ffer D: Differentialdiagnostik der Insomnie. Schlafmedizinisches Zentrum M\u00fcnchen: 2008.<\/li>\n<\/ol>\n\n<p><\/p>\n\n<p class=\"has-small-font-size\"><em>InFo NEUROLOGIE &amp; PSYCHIATRIE 2024; 22(2): 18\u201323<\/em><\/p>\n","protected":false},"excerpt":{"rendered":"<p>I disturbi del sonno fanno parte della vita quotidiana di gran parte della popolazione anziana. Un cambiamento nell&#8217;architettura del sonno e una riduzione del bisogno di dormire sono naturali. Quindi,&hellip;<\/p>\n","protected":false},"author":7,"featured_media":377477,"comment_status":"closed","ping_status":"closed","sticky":false,"template":"","format":"standard","meta":{"_acf_changed":false,"pmpro_default_level":"","cat_1_feature_home_top":false,"cat_2_editor_pick":false,"csco_eyebrow_text":"Disturbi del sonno in et\u00e0 avanzata","footnotes":""},"category":[22617,11355,11457,11371,11479,11550,11515],"tags":[18694,23241,18691],"powerkit_post_featured":[],"class_list":["post-377469","post","type-post","status-publish","format-standard","has-post-thumbnail","category-formazione-ecm","category-geriatria-it","category-medicina-farmaceutica-it","category-neurologia-it","category-psichiatria-e-psicoterapia","category-rx-it","category-studi","tag-disturbi-del-sonno","tag-disturbo-cognitivo","tag-insonnia","pmpro-has-access"],"acf":[],"publishpress_future_action":{"enabled":false,"date":"2026-05-06 14:28:22","action":"change-status","newStatus":"draft","terms":[],"taxonomy":"category","extraData":[]},"publishpress_future_workflow_manual_trigger":{"enabledWorkflows":[]},"wpml_current_locale":"it_IT","wpml_translations":{"pt_PT":{"locale":"pt_PT","id":377491,"slug":"reconhecer-insonias-trata-las-e-evitar-perturbacoes-cognitivas-2","post_title":"Reconhecer ins\u00f3nias, trat\u00e1-las e evitar perturba\u00e7\u00f5es cognitivas","href":"https:\/\/medizinonline.com\/pt-pt\/reconhecer-insonias-trata-las-e-evitar-perturbacoes-cognitivas-2\/"},"es_ES":{"locale":"es_ES","id":377511,"slug":"reconocer-el-insomnio-tratarlo-y-evitar-los-trastornos-cognitivos-2","post_title":"Reconocer el insomnio, tratarlo y evitar los trastornos cognitivos","href":"https:\/\/medizinonline.com\/es\/reconocer-el-insomnio-tratarlo-y-evitar-los-trastornos-cognitivos-2\/"}},"_links":{"self":[{"href":"https:\/\/medizinonline.com\/it\/wp-json\/wp\/v2\/posts\/377469","targetHints":{"allow":["GET"]}}],"collection":[{"href":"https:\/\/medizinonline.com\/it\/wp-json\/wp\/v2\/posts"}],"about":[{"href":"https:\/\/medizinonline.com\/it\/wp-json\/wp\/v2\/types\/post"}],"author":[{"embeddable":true,"href":"https:\/\/medizinonline.com\/it\/wp-json\/wp\/v2\/users\/7"}],"replies":[{"embeddable":true,"href":"https:\/\/medizinonline.com\/it\/wp-json\/wp\/v2\/comments?post=377469"}],"version-history":[{"count":3,"href":"https:\/\/medizinonline.com\/it\/wp-json\/wp\/v2\/posts\/377469\/revisions"}],"predecessor-version":[{"id":378961,"href":"https:\/\/medizinonline.com\/it\/wp-json\/wp\/v2\/posts\/377469\/revisions\/378961"}],"wp:featuredmedia":[{"embeddable":true,"href":"https:\/\/medizinonline.com\/it\/wp-json\/wp\/v2\/media\/377477"}],"wp:attachment":[{"href":"https:\/\/medizinonline.com\/it\/wp-json\/wp\/v2\/media?parent=377469"}],"wp:term":[{"taxonomy":"category","embeddable":true,"href":"https:\/\/medizinonline.com\/it\/wp-json\/wp\/v2\/category?post=377469"},{"taxonomy":"post_tag","embeddable":true,"href":"https:\/\/medizinonline.com\/it\/wp-json\/wp\/v2\/tags?post=377469"},{"taxonomy":"powerkit_post_featured","embeddable":true,"href":"https:\/\/medizinonline.com\/it\/wp-json\/wp\/v2\/powerkit_post_featured?post=377469"}],"curies":[{"name":"wp","href":"https:\/\/api.w.org\/{rel}","templated":true}]}}