{"id":380665,"date":"2024-06-24T14:00:00","date_gmt":"2024-06-24T12:00:00","guid":{"rendered":"https:\/\/medizinonline.com\/la-combinazione-di-biologici-porta-al-successo\/"},"modified":"2024-06-24T14:00:22","modified_gmt":"2024-06-24T12:00:22","slug":"la-combinazione-di-biologici-porta-al-successo","status":"publish","type":"post","link":"https:\/\/medizinonline.com\/it\/la-combinazione-di-biologici-porta-al-successo\/","title":{"rendered":"La combinazione di biologici porta al successo"},"content":{"rendered":"\n<p><strong>I biologici sono oggi opzioni terapeutiche consolidate, in particolare per le forme gravi della malattia. Tuttavia, ci sono pochi dati disponibili sulla l&#8217;efficacia e la sicurezza della somministrazione simultanea di diversi biologici per entit\u00e0 patologiche concomitanti. Finora, le conoscenze sulla combinazione di mepolizumab e ixekizumab sono state scarse &#8211; i ricercatori di Friburgo (Germania) hanno ora analizzato questo aspetto in un caso individuale.<\/strong><\/p>\n\n<!--more-->\n\n<p><em>(red)<\/em>  Andreas Hoheisel del Dipartimento di Pneumologia del Centro Medico Universitario di Friburgo (Germania) ha riportato un caso di asma eosinofila grave trattata con mepolizumab (anti-interleuchina-5) e concomitante psoriasi grave trattata con ixekizumab (anti-interleuchina-17) [1]. L&#8217;ex fumatore di 34 anni, sottoposto a somministrazione di ixekizumab (80 mg s.c.) per 4 settimane, si \u00e8 presentato per la prima volta a met\u00e0 del 2022 dopo una grave esacerbazione ospedaliera dell&#8217;asma nota fin dall&#8217;infanzia con allergie multiple (tra cui HSM I\/II, graminacee, segale, ambrosia). L&#8217;uomo era alto 185 cm e pesava 145 kg, il che gli ha causato una grande sofferenza.<\/p>\n\n<p>Pi\u00f9 recentemente, i corticosteroidi orali (prednisolone) sono stati somministrati mensilmente. Il paziente ha sviluppato obesit\u00e0 (BMI 42 kg\/m\u00b2), apnea notturna e ipertensione arteriosa. Gli \u00e8 stata diagnosticata per la prima volta la psoriasi nel 2009 e sta ricevendo Ixekizumab dal maggio 2022. Il <sub>FEV1<\/sub> iniziale pre-BD era 52%SW, nel Test di Controllo dell&#8217;Asma (ACT) l&#8217;uomo ha ottenuto solo 8 punti su 25, gli eosinofili nel sangue erano 0,5 Gpt\/l dopo l&#8217;interruzione dell&#8217;OCS, l&#8217;NO era 88 ppb. Nonostante la terapia inalatoria massima con ICS ad alto dosaggio, LABA e LAMA, il paziente \u00e8 rimasto marcatamente sintomatico e non ha avuto alcun miglioramento della funzione polmonare.  <\/p>\n\n<p>In accordo con i dermatologi che hanno in cura la paziente, \u00e8 stato quindi deciso di somministrare in aggiunta mepolizumab 100 mg s.c. dal 12\/2022. I fattori decisivi per la decisione sono stati la gravit\u00e0 dell&#8217;asma, la giovane et\u00e0 del paziente e gli effetti collaterali dovuti alla somministrazione ripetuta di OCS. La terapia con Ixekizumab, che all&#8217;epoca era in atto da un anno, aveva finora portato a una remissione quasi completa della psoriasi.  <\/p>\n\n<h3 id=\"rapido-miglioramento-del-fev1\" class=\"wp-block-heading\">Rapido miglioramento del <sub>FEV1<\/sub><\/h3>\n\n<p>In 4 mesi, il valore <sub>FEV1<\/sub> del paziente \u00e8 aumentato gradualmente dal 52% all&#8217;84% <strong>(Fig. 1)<\/strong>. Era libero da sintomi e ha raggiunto un punteggio di 20\/25 punti sull&#8217;ACT. Il prednisolone non era pi\u00f9 necessario dopo l&#8217;inizio di mepolizumab. Viene somministrato ogni quindici giorni come iniezione in una penna, che il paziente applica da solo ed \u00e8 molto soddisfatto. Inoltre, l&#8217;uomo ha perso 17 kg di peso corporeo da quando ha iniziato il trattamento con il secondo biologico e la relativa sospensione dell&#8217;OCS, che \u00e8 molto importante per lui, come ha spiegato il pneumologo.  <\/p>\n<div class=\"wp-block-image\">\n<figure class=\"aligncenter size-full is-resized\"><a href=\"https:\/\/medizinonline.com\/wp-content\/uploads\/2024\/05\/abb1_PA2_s25.png\"><img fetchpriority=\"high\" decoding=\"async\" width=\"1467\" height=\"1006\" src=\"https:\/\/medizinonline.com\/wp-content\/uploads\/2024\/05\/abb1_PA2_s25.png\" alt=\"\" class=\"wp-image-380168\" style=\"width:500px\" srcset=\"https:\/\/medizinonline.com\/wp-content\/uploads\/2024\/05\/abb1_PA2_s25.png 1467w, https:\/\/medizinonline.com\/wp-content\/uploads\/2024\/05\/abb1_PA2_s25-800x549.png 800w, https:\/\/medizinonline.com\/wp-content\/uploads\/2024\/05\/abb1_PA2_s25-1160x795.png 1160w, https:\/\/medizinonline.com\/wp-content\/uploads\/2024\/05\/abb1_PA2_s25-120x82.png 120w, https:\/\/medizinonline.com\/wp-content\/uploads\/2024\/05\/abb1_PA2_s25-90x62.png 90w, https:\/\/medizinonline.com\/wp-content\/uploads\/2024\/05\/abb1_PA2_s25-320x219.png 320w, https:\/\/medizinonline.com\/wp-content\/uploads\/2024\/05\/abb1_PA2_s25-560x384.png 560w, https:\/\/medizinonline.com\/wp-content\/uploads\/2024\/05\/abb1_PA2_s25-240x165.png 240w, https:\/\/medizinonline.com\/wp-content\/uploads\/2024\/05\/abb1_PA2_s25-180x123.png 180w, https:\/\/medizinonline.com\/wp-content\/uploads\/2024\/05\/abb1_PA2_s25-640x439.png 640w, https:\/\/medizinonline.com\/wp-content\/uploads\/2024\/05\/abb1_PA2_s25-1120x768.png 1120w\" sizes=\"(max-width: 1467px) 100vw, 1467px\" \/><\/a><\/figure>\n<\/div>\n<p>Questo caso conferma quindi l&#8217;efficacia della somministrazione di mepolizumab nell&#8217;asma eosinofila grave e la tollerabilit\u00e0 della somministrazione contemporanea di ixekizumab&#8221;, ha riassunto Andreas Hoheisel. Tuttavia, la somministrazione contemporanea di biologici per diverse entit\u00e0 patologiche deve sempre rimanere una decisione caso per caso, che deve essere presa dopo un&#8217;attenta considerazione dei pro e dei contro e con il coinvolgimento delle discipline specialistiche interessate.<\/p>\n\n<p><em>Congresso: DGP 2024<\/em><\/p>\n\n<p>Fonte:<\/p>\n\n<ol class=\"wp-block-list\">\n<li>Hoheisel A: Combinazione di mepolizumab e ixekizumab nell&#8217;asma eosinofila grave e nella psoriasi &#8211; rapporto di un caso. 64\u00b0 Congresso della Societ\u00e0 tedesca di pneumologia e medicina respiratoria e.V., 20-24 marzo 2024, Mannheim (D); Po 205.<\/li>\n<\/ol>\n\n<p><\/p>\n\n<p class=\"has-small-font-size\"><em>InFo PNEUMOLOGIE &amp; ALLERGOLOGIE 2024; 6(2): 25 (pubblicato il 30.5.24, prima della stampa)<\/em><\/p>\n","protected":false},"excerpt":{"rendered":"<p>I biologici sono oggi opzioni terapeutiche consolidate, in particolare per le forme gravi della malattia. Tuttavia, ci sono pochi dati disponibili sulla l&#8217;efficacia e la sicurezza della somministrazione simultanea di&hellip;<\/p>\n","protected":false},"author":7,"featured_media":380668,"comment_status":"closed","ping_status":"closed","sticky":false,"template":"","format":"standard","meta":{"_acf_changed":false,"pmpro_default_level":"","cat_1_feature_home_top":false,"cat_2_editor_pick":false,"csco_eyebrow_text":"Asma grave e psoriasi","footnotes":""},"category":[11528,11351,11468,11522,11550],"tags":[13792,12293,31351,11620,12663,27409,13964],"powerkit_post_featured":[],"class_list":["post-380665","post","type-post","status-publish","format-standard","has-post-thumbnail","category-casi","category-dermatologia-e-venereologia","category-pneumologia","category-rapporti-del-congresso","category-rx-it","tag-asma-grave","tag-biologici","tag-combinazione","tag-dermatite","tag-ixekizumab-it","tag-mepolizumab-it","tag-psoriasi-it","pmpro-has-access"],"acf":[],"publishpress_future_action":{"enabled":false,"date":"2026-05-03 13:33:13","action":"change-status","newStatus":"draft","terms":[],"taxonomy":"category","extraData":[]},"publishpress_future_workflow_manual_trigger":{"enabledWorkflows":[]},"wpml_current_locale":"it_IT","wpml_translations":{"pt_PT":{"locale":"pt_PT","id":380645,"slug":"a-combinacao-de-produtos-biologicos-conduz-ao-sucesso","post_title":"A combina\u00e7\u00e3o de produtos biol\u00f3gicos conduz ao sucesso","href":"https:\/\/medizinonline.com\/pt-pt\/a-combinacao-de-produtos-biologicos-conduz-ao-sucesso\/"},"es_ES":{"locale":"es_ES","id":380640,"slug":"la-combinacion-de-biologicos-conduce-al-exito","post_title":"La combinaci\u00f3n de biol\u00f3gicos conduce al \u00e9xito","href":"https:\/\/medizinonline.com\/es\/la-combinacion-de-biologicos-conduce-al-exito\/"}},"_links":{"self":[{"href":"https:\/\/medizinonline.com\/it\/wp-json\/wp\/v2\/posts\/380665","targetHints":{"allow":["GET"]}}],"collection":[{"href":"https:\/\/medizinonline.com\/it\/wp-json\/wp\/v2\/posts"}],"about":[{"href":"https:\/\/medizinonline.com\/it\/wp-json\/wp\/v2\/types\/post"}],"author":[{"embeddable":true,"href":"https:\/\/medizinonline.com\/it\/wp-json\/wp\/v2\/users\/7"}],"replies":[{"embeddable":true,"href":"https:\/\/medizinonline.com\/it\/wp-json\/wp\/v2\/comments?post=380665"}],"version-history":[{"count":2,"href":"https:\/\/medizinonline.com\/it\/wp-json\/wp\/v2\/posts\/380665\/revisions"}],"predecessor-version":[{"id":381537,"href":"https:\/\/medizinonline.com\/it\/wp-json\/wp\/v2\/posts\/380665\/revisions\/381537"}],"wp:featuredmedia":[{"embeddable":true,"href":"https:\/\/medizinonline.com\/it\/wp-json\/wp\/v2\/media\/380668"}],"wp:attachment":[{"href":"https:\/\/medizinonline.com\/it\/wp-json\/wp\/v2\/media?parent=380665"}],"wp:term":[{"taxonomy":"category","embeddable":true,"href":"https:\/\/medizinonline.com\/it\/wp-json\/wp\/v2\/category?post=380665"},{"taxonomy":"post_tag","embeddable":true,"href":"https:\/\/medizinonline.com\/it\/wp-json\/wp\/v2\/tags?post=380665"},{"taxonomy":"powerkit_post_featured","embeddable":true,"href":"https:\/\/medizinonline.com\/it\/wp-json\/wp\/v2\/powerkit_post_featured?post=380665"}],"curies":[{"name":"wp","href":"https:\/\/api.w.org\/{rel}","templated":true}]}}