{"id":386587,"date":"2024-10-12T14:00:00","date_gmt":"2024-10-12T12:00:00","guid":{"rendered":"https:\/\/medizinonline.com\/riconoscere-e-trattare-la-perdita-uditiva-legata-alleta\/"},"modified":"2024-10-11T22:40:00","modified_gmt":"2024-10-11T20:40:00","slug":"riconoscere-e-trattare-la-perdita-uditiva-legata-alleta","status":"publish","type":"post","link":"https:\/\/medizinonline.com\/it\/riconoscere-e-trattare-la-perdita-uditiva-legata-alleta\/","title":{"rendered":"Riconoscere e trattare la perdita uditiva legata all&#8217;et\u00e0"},"content":{"rendered":"\n<p><strong>La perdita dell&#8217;udito nella gamma delle alte frequenze si verifica con l&#8217;avanzare dell&#8217;et\u00e0. A causa della sua progressione graduale, la perdita dell&#8217;udito spesso passa inosservata per molto tempo. \u00c8 dimostrato che una perdita uditiva non trattata pu\u00f2 avere conseguenze sociali, emotive e di salute di vasta portata per le persone colpite. La diagnosi precoce \u00e8 possibile grazie a semplici procedure di test diagnostici. Queste includono questionari &#8211; secondo uno studio recente, l&#8217;HHIE e l&#8217;SSQ-12, ad esempio, sono strumenti di prova adatti.      <\/strong><\/p>\n\n\n\n<!--more-->\n\n\n\n<p>A partire dai 50 anni, la probabilit\u00e0 di sviluppare una perdita uditiva aumenta in funzione dell&#8217;et\u00e0 [1]. <wpcodeself wptype=\"\">La diagnosi ICD &#8220;presbiacusia&#8221; o ipoacusia legata all&#8217;et\u00e0 (codice ICD-10: H91. 1) si riferisce a un disturbo dell&#8217;udito lentamente progressivo, cronico, per lo pi\u00f9 simmetrico, con un&#8217;enfasi sulle alte frequenze<strong> (Fig. 1)<\/strong> [1\u20133]. Inizialmente, i cosiddetti disturbi di discriminazione si presentano come un sintomo precoce; ci\u00f2 si traduce in un&#8217;alterazione degli spettri dei suoni sovratoni nelle conversazioni [4]. Con una soglia uditiva di \u226420 dB nell&#8217;orecchio migliore, si parla di udito regolare, mentre con 95 dB o pi\u00f9 si parla di perdita uditiva completa [5]. I livelli intermedi di perdita uditiva (perdita uditiva lieve, moderata e profonda) non sono classificati in modo uniforme a livello internazionale. Oltre alla gravit\u00e0 della perdita uditiva, si distingue anche tra perdita uditiva unilaterale e bilaterale. Secondo uno studio pubblicato nel 2022, condotto per conto dell&#8217;Osservatorio svizzero della salute (Obsan), la perdita dell&#8217;udito \u00e8 particolarmente diffusa in et\u00e0 avanzata: Circa un sesto delle persone di 65-74 anni e circa un terzo delle persone di 75 anni che vivono in Svizzera hanno un deficit uditivo [5].        <\/wpcodeself><\/p>\n\n\n<div class=\"wp-block-image\">\n<figure class=\"aligncenter size-full is-resized\"><a href=\"https:\/\/medizinonline.com\/wp-content\/uploads\/2024\/09\/abb1_HP9_s31.png\"><img fetchpriority=\"high\" decoding=\"async\" width=\"1460\" height=\"957\" src=\"https:\/\/medizinonline.com\/wp-content\/uploads\/2024\/09\/abb1_HP9_s31.png\" alt=\"\" class=\"wp-image-386349\" style=\"width:500px\" srcset=\"https:\/\/medizinonline.com\/wp-content\/uploads\/2024\/09\/abb1_HP9_s31.png 1460w, https:\/\/medizinonline.com\/wp-content\/uploads\/2024\/09\/abb1_HP9_s31-800x524.png 800w, https:\/\/medizinonline.com\/wp-content\/uploads\/2024\/09\/abb1_HP9_s31-1160x760.png 1160w, https:\/\/medizinonline.com\/wp-content\/uploads\/2024\/09\/abb1_HP9_s31-1120x734.png 1120w\" sizes=\"(max-width: 1460px) 100vw, 1460px\" \/><\/a><\/figure>\n<\/div>\n\n\n<p>Le cause della perdita uditiva legata all&#8217;et\u00e0 sono varie e complesse; in genere si presume che vi sia un&#8217;interazione tra i processi fisiologici dell&#8217;invecchiamento, i fattori genetici, le influenze ambientali (rumore, sostanze ototossiche) e altre caratteristiche dello stato di salute e del comportamento sanitario [5].  <\/p>\n\n\n\n<h3 id=\"prevenzione-e-screening-nel-contesto-dellassistenza-primaria\" class=\"wp-block-heading\">Prevenzione e screening nel contesto dell&#8217;assistenza primaria  <\/h3>\n\n\n\n<p>Si ritiene che la presbiacusia sia un disturbo neurosensoriale che ha origine da cambiamenti funzionali nelle cellule ciliate della coclea, dalla perdita neuronale nei gangli spirali e nelle fibre nervose associate, nonch\u00e9 da cambiamenti metabolici-atrofici nello striato.\nOggi, gli apparecchi acustici pi\u00f9 piccoli e in alcuni casi tecnologicamente avanzati sono disponibili come approccio terapeutico.\nNella risoluzione del 30 maggio 2017, l&#8217;Assemblea Mondiale della Sanit\u00e0, un organo dell&#8217;OMS, ha invitato i governi a introdurre strategie per l&#8217;assistenza otologica e audiologica all&#8217;interno dei sistemi di assistenza sanitaria primaria e a implementare programmi di prevenzione e screening per i gruppi di popolazione pi\u00f9 vulnerabili [6].    <\/p>\n\n\n\n[7,8]Secondo i dati epidemiologici, circa il 30% degli uomini e il 20% delle donne in Europa fino a 70 anni sono affetti da una perdita uditiva di \u226530 dB; tra gli ottantenni, la prevalenza corrispondente \u00e8 stimata al 55% degli uomini e al 45% delle donne.\nIn una pubblicazione pubblicata nel 2024, Ferr\u00e1n et al.\nsottolineano che alcune persone anziane affette da <em>perdita uditiva legata all&#8217;et\u00e0<\/em> (ARHL <em>)<\/em> hanno la tendenza a sopportare passivamente questa condizione [9].\nTuttavia, ritardare il trattamento pu\u00f2 essere dannoso per la salute.\nDa un lato, i problemi di comunicazione e le incomprensioni possono portare alla solitudine e alla perdita di indipendenza.\n [10,11]In secondo luogo, l&#8217;ARHL \u00e8 associata a un maggior rischio di problemi di equilibrio, cadute, isolamento sociale, depressione e deterioramento cognitivo, che possono incidere pesantemente sulla qualit\u00e0 della vita degli anziani.       <\/p>\n\n\n\n<figure class=\"wp-block-table\"><table class=\"has-background has-fixed-layout\" style=\"background-color:#0792e342\"><tbody><tr><td>[15\u201321]Alcuni studi, tra cui revisioni sistematiche e studi randomizzati controllati, hanno dimostrato che gli apparecchi acustici sono un intervento efficace dal punto di vista dei costi che ha un impatto positivo sulla qualit\u00e0 della vita dei loro utenti, portando a miglioramenti significativi in vari aspetti della vita quotidiana, del benessere funzionale e della salute emotiva.  <\/td><\/tr><tr><td>[22\u201324]- \u00c8 stato dimostrato che l&#8217;uso di apparecchi acustici riduce il rischio di dipendenza sociale e ha un effetto positivo sui disturbi depressivi .\n [25]Inoltre, un numero crescente di studi ha dimostrato che il deterioramento cognitivo pu\u00f2 essere ridotto grazie all&#8217;uso di apparecchi acustici.   <\/td><\/tr><tr><td>[26\u201328]- Esistono anche prove empiriche che gli impianti cocleari che ripristinano l&#8217;udito migliorano la qualit\u00e0 della vita; riducono la prevalenza dell&#8217;acufene e dei sintomi associati alla depressione; e migliorano le prestazioni cognitive complessive .\n [29,30]Inoltre, l&#8217;analisi costi-benefici dell&#8217;impianto cocleare \u00e8 stata supportata da una serie di revisioni sistematiche e altre ricerche.   <\/td><\/tr><\/tbody><\/table><\/figure>\n\n\n\n<h2 id=\"lo-studio-osservazionale-fornisce-risultati-interessanti\" class=\"wp-block-heading\">Lo studio osservazionale fornisce risultati interessanti  <\/h2>\n\n\n\n<p>Per il loro studio, Ferr\u00e1n et al.\npresso il Dipartimento di Otorinolaringoiatria della Cl\u00ednica Universidad de Navarra (Spagna) e attraverso un annuncio su un giornale locale, hanno reclutato un totale di 710 pazienti entro agosto 2023, che sono stati assegnati a tre gruppi [9]:   <\/p>\n\n\n\n<ul class=\"wp-block-list\">\n<li><em>Gruppo A (n=210):<\/em> Individui di et\u00e0 \u226555 anni con capacit\u00e0 uditive e di equilibrio normali, caratterizzati da una media di toni puri da 0 a 20 dB alle frequenze di 500, 1000, 2000 e 4000 Hz e con un buon controllo dell&#8217;equilibrio statico e dinamico.<\/li>\n\n\n\n<li><em>Gruppo B (n=302): <\/em>Persone di et\u00e0 \u226555 anni a cui era stato diagnosticato un disturbo dell&#8217;udito e\/o dell&#8217;equilibrio, ma che non erano in trattamento.  <\/li>\n\n\n\n<li><em>Gruppo C (n=198): <\/em>Persone di et\u00e0 \u226555 anni a cui \u00e8 stato diagnosticato un disturbo dell&#8217;udito e\/o dell&#8217;equilibrio e che hanno ricevuto un trattamento: con apparecchi acustici (HA), impianti attivi nell&#8217;orecchio medio (AMEI), impianti a conduzione ossea (BCI), impianti cocleari (CI) o riabilitazione vestibolare.<\/li>\n<\/ul>\n\n\n\n<p>La durata media della perdita uditiva nel gruppo B era di 11,8 anni e nel gruppo C di 21,0 anni.\nUn totale del 60% dei 500 pazienti con perdita uditiva non ha ricevuto alcun trattamento.\nNel gruppo C, la durata media del trattamento della perdita uditiva \u00e8 stata di 14,1 anni.\nI ricercatori volevano esaminare gli effetti del trattamento ritardato sui test audiometrici e su vari questionari.\nNon ci sono state correlazioni statisticamente significative tra il tempo di trattamento e l&#8217;audiometria vocale (p=0,471), il test HINT (p=0,784) o l&#8217;SSQ12 (p=0,637).\nTuttavia, c&#8217;\u00e8 stata un&#8217;associazione significativa con i punteggi del Digit Symbol Substitution Test (DSST) (p=0,003), suggerendo che pi\u00f9 il trattamento del paziente viene ritardato, peggiore \u00e8 la sua performance cognitiva.\nNel Gruppo B, la durata media della perdita uditiva non trattata era di 11,8 anni.        <\/p>\n\n\n\n<h3 id=\"conclusione-hhie-s-e-ssq12-come-strumenti-di-screening-praticabili\" class=\"wp-block-heading\">Conclusione: HHIE-S e SSQ12 come strumenti di screening praticabili  <\/h3>\n\n\n\n<p>Ferr\u00e1n et al.\nraccomandano un aumento dello screening per la perdita dell&#8217;udito nell&#8217;assistenza primaria, in particolare nella fascia di et\u00e0 superiore ai 60 anni [9].\nNel loro studio, hanno ottenuto una sensibilit\u00e0 di almeno il 77% con l'&#8221;Hearing Handicap Inventory for the Elderly&#8221; (HHIE), la &#8220;Speech, Spatial and Qualities of Hearing Scale&#8221; (SSQ12) e l&#8217;audiometria a toni puri a 4 kHz, con il questionario SSQ12 che aveva la sensibilit\u00e0 pi\u00f9 bassa di queste tre procedure di test e il questionario HHIE la pi\u00f9 alta.\nIn combinazione, i tre test hanno raggiunto una sensibilit\u00e0 del 90,2% e una specificit\u00e0 dell&#8217;86,4%.     <\/p>\n\n\n\n<ul class=\"wp-block-list\">\n<li>[32]&#8221;<strong>Hearing Handicap Inventory for the Elderly&#8221; (HHIE): <\/strong>si tratta di un questionario facile da compilare per i pazienti.\nTra le altre cose, determina la compromissione socio-emotiva causata dalla perdita dell&#8217;udito.\n [32]La versione di screening (HHIE-S) \u00e8 composta da 10 voci, met\u00e0 delle quali riguardano aspetti emotivi e\/o sociali o situazionali.\nIl punteggio totale dell&#8217;HHIE-S va da 0 (minimo) a 100 (massimo).\nI punteggi inferiori a 16 in ogni sottosezione non indicano alcuna disabilit\u00e0 significativa, mentre i punteggi compresi tra 17 e 42 indicano un grado di disabilit\u00e0 da lieve a moderato e i punteggi superiori a 43 indicano una disabilit\u00e0 grave.\nUn punteggio HHIE-S pi\u00f9 alto \u00e8 correlato a un grado pi\u00f9 elevato di disabilit\u00e0 dovuta all&#8217;ipoacusia.\nIn genere, i richiedenti o i beneficiari possono completare questa valutazione in circa 5 minuti.\nIl questionario completato \u00e8 stato esaminato anche da un audiologo.         <\/li>\n\n\n\n<li><strong>&#8220;Scala del linguaggio, dello spazio e delle qualit\u00e0 dell&#8217;udito&#8221; (SSQ-12): <\/strong> [33] Si tratta di un questionario in cui il paziente indica quanto riesce a sentire e a capire in varie situazioni.\nIl test contiene un totale di 12 domande, suddivise in tre sezioni: Comprensione del parlato, udito spaziale (percezione del suono nello spazio) e qualit\u00e0 (chiarezza del parlato e di altri suoni), adatto ad adulti di tutte le et\u00e0 e a bambini dai nove anni in su.\nPer ogni domanda viene utilizzata una scala di valutazione da 0 a 10, con punteggi pi\u00f9 alti che indicano prestazioni migliori.\nI risultati sono solitamente presentati come punteggi medi per ogni sezione, ma possono anche essere analizzati singolarmente o in gruppi diversi, consentendo il confronto tra due punti temporali.\nLe differenze clinicamente rilevanti possono essere riconosciute dal fatto che il punteggio di ogni sezione si sposta di 1,0 tra le sessioni di test.\nLa compilazione di questo questionario richiede in genere circa 10 minuti.       <\/li>\n<\/ul>\n\n\n\n<p>Ferr\u00e1n et al. <wpcodeself wptype=\"\">concludono che la diagnosi precoce della perdita dell&#8217;udito nelle persone anziane consente un intervento tempestivo, che pu\u00f2 aiutare a preservare meglio le capacit\u00e0 cognitive e mentali e l&#8217;autonomia di questo gruppo di popolazione, con effetti positivi sulla qualit\u00e0 della vita delle persone colpite e del loro ambiente. L&#8217;HHIE, l&#8217;SSQ12 e l&#8217;audiometria a toni puri a 4 kHz sono test poco costosi, semplici e veloci che possono essere utilizzati in un programma di individuazione precoce della perdita uditiva nei centri di assistenza sanitaria primaria. A seconda dei risultati del questionario, il medico curante potrebbe avviare il trattamento da parte di uno specialista otorinolaringoiatra, se necessario.   <\/wpcodeself><\/p>\n\n\n\n<p>Letteratura:<\/p>\n\n\n\n<ol class=\"wp-block-list\">\n<li>Hesse G, Lauber A: H\u00f6rminderung im Alter \u2013 Auspr\u00e4gung und Lokalisation. Dtsch Arztebl 2005; 102: A 286; 4\u20132868 <wpcodeself wptype=\"\" wpml_attr_0=\"\">. <\/wpcodeself><\/li>\n\n\n\n<li>L\u00f6hler J, et al.: Hearing impairment in old age\u2014detection, treatment, and associated risks. Dtsch Arztebl Int 2019; 116: 301 \u2013310.<\/li>\n\n\n\n<li>ICD-Code, <a href=\"https:\/\/www.icd-code.de\/icd\/code\/H91.-.html\" target=\"_blank\" rel=\"noreferrer noopener\">https:\/\/www.icd-code.de\/icd\/code\/H91.-.html<\/a>, (ultimo accesso 02.09.2024)<\/li>\n\n\n\n<li>\u00abH\u00f6rst\u00f6rungen im fortgeschrittenen Lebensalter\u00bb, Prof. Dr. med. habil. Leif Erik Walther, Prof. Dr. med. habil. Jan L\u00f6hler, <a href=\"\" target=\"\" rel=\"noopener\">www.laekh.de\/heftarchiv\/ausgabe\/artikel\/2024\/april-2024\/hoerstoerungen-im-fortgeschrittenen-lebensalter<\/a>, (ultimo accesso 02.09.2024).  <\/li>\n\n\n\n<li>H\u00f6glinger D, Guggisberg J, J\u00e4ggi J: H\u00f6r- und Sehbeeintr\u00e4chtigungen in der Schweiz, OBSAN BERICHT 01\/2022, <a href=\"https:\/\/www.obsan.admin.ch\/sites\/default\/files\/2022-09\/Obsan_01_2022_BERICHT.pdf\" target=\"_blank\" rel=\"noreferrer noopener\">www.obsan.admin.ch\/sites\/default\/files\/2022-09\/Obsan_01_2022_BERICHT.pdf<\/a>.<\/li>\n\n\n\n<li>World Health Organization (WHO), <a href=\"https:\/\/www.who.int\/news\/item\/30-05-2017-seventieth-world-health-assembly-update-30-may-2017\" target=\"_blank\" rel=\"noopener\">https:\/\/www.who.int\/news\/item\/30-05-2017-seventieth-world-health-assembly-update-30-may-2017<\/a> (letzter Abruf 23.09.24).<\/li>\n\n\n\n<li>Roth TN, Hanebuth D, Probst R: Prevalence of age-related hearing loss in Europe: A review. Eur Arch Oto-Rhino-Laryngol 2011; 268: 1101\u20131107. <\/li>\n\n\n\n<li>Stevens G, et al.: Global Burden of Disease Hearing Loss Expert Group Global and regional hearing impairment prevalence: An analysis of 42 studies in 29 countries. Eur J Public Health 2013; 23: 146\u2013152.<\/li>\n\n\n\n<li>Ferr\u00e1n S, et al.: Early Detection of Hearing Loss among the Elderly. Life (Basel). 2024 Apr 4;14(4): 471. doi: 10.3390\/life14040471.<\/li>\n\n\n\n<li>Murphy CFB, et al.: Auditory Processing Performance of the Middle-Aged and Elderly: Auditory or Cognitive Decline? J Am Acad Audiol 2018; 29: 005\u2013014.<\/li>\n\n\n\n<li>Griffiths TD, et al.: How Can Hearing Loss Cause Dementia? Neuron 2020; 108: 401\u2013412.<\/li>\n\n\n\n<li>Johnson JCS, et al.: Hearing and dementia: From ears to brain. Brain 2020; 144: 391\u2013401.<\/li>\n\n\n\n<li>Campbell J, Sharma A: Cross-Modal Re-Organization in Adults with Early Stage Hearing Loss. PLoS ONE 2014; 9: e90594. doi: 10.1371\/journal.pone.0090594  <\/li>\n\n\n\n<li>Bisgaard N, et al.: A model for estimating hearing aid coverage world-wide using historical data on hearing aid sales. Int J Audiol 2021; 61: 841\u2013849.<\/li>\n\n\n\n<li>Huddle MG, et al.: The Economic Impact of Adult Hearing Loss: A Systematic Review. JAMA Otolaryngol. Head Neck Surg 2017; 143: 1040\u20131048.<\/li>\n\n\n\n<li>Ye X, et al.: Cost-Effectiveness Analysis of Hearing Aids for Middle-Aged and Older Adults in China: A Randomized Controlled Trial. Otol Neurotol 2023; 44: e456\u2013e462.<\/li>\n\n\n\n<li>Hsu AK, et al.: Cost-Effectiveness of Hearing Screening in Older Adults: A Scoping Review. Res. Aging 2021; 44: 186\u2013204.<\/li>\n\n\n\n<li>Joore MA, van der Stel H, Peters HJM: The cost-effectiveness of hearing-aid fitting in the Netherlands. Arch Otolaryngol-Head Neck Surg 2003; 129: 297\u2013304. <\/li>\n\n\n\n<li>Chisolm TH, et al.: A systematic review of health-related quality of life and hearing aids: Final report of the American Academy of Audiology task force on the health-related quality of life benefits of amplification in adults. J Am Acad Audiol 2007; 18: 151\u2013183.<\/li>\n\n\n\n<li>Ciorba A, et al.: The impact of hearing loss on the quality of life of elderly adults. Clin Interv Aging 2012; 7: 159\u2013163.<\/li>\n\n\n\n<li>Kochkin S, Rogin C: Quantifying the obvious: The impact of hearing instruments on quality of life. Hear Rev 2000; 7: 6\u201334. <\/li>\n\n\n\n<li>Fisher D, et al.: Impairments in Hearing and Vision Impact on Mortality in Older People. AGES-Reyk. Study Age Ageing 2014; 43: 69\u201376.<\/li>\n\n\n\n<li>Contrera KJ, et al.: Association of Hearing Impairment and Mortality in the National Health and Nutrition Examination Survey. JAMA Otolaryngol. Head Neck Surg 2015; 141: 944\u2013946.<\/li>\n\n\n\n<li>Saito H, et al.: Hearing handicap predicts the development of depressive symptoms after three years in older community-dwelling Japanese. J Am Geriatr Soc 2010; 58: 93\u201397.<\/li>\n\n\n\n<li>Amieva H, et al.: Self-Reported Hearing Loss, Hearing Aids, and Cognitive Decline in Elderly Adults: A 25-Year Study. J Am Geriatr Soc 2015; 63: 2099\u20132104.<\/li>\n\n\n\n<li>Mosnier I, et al.: Predictive factors of cochlear implant outcomes in the elderly. Audiol Neurotol 2014; 19((Suppl. S1)): 15\u201320.<\/li>\n\n\n\n<li>Manrique R, et al.: Treatment for hearing loss among the elderly: Auditory outcomes and Impact on quality of life. Audiol Neurotol 2016; 21((Suppl. S1)): 26\u201335.<\/li>\n\n\n\n<li>Huarte A, Lezaun R, Manrique M: Quality of life outcomes for cochlear implantation in the elderly. Audiol Neurotol 2014; 19: 36\u201339. <\/li>\n\n\n\n<li>Crowson MG, et al.: Quality of Life and Cost-Effectiveness of Cochlear Implants: A Narrative Review. Audiol Neurotol 2017; 22: 236\u2013258.<\/li>\n\n\n\n<li>Turchetti G, et al.: Systematic review of the scientific literature on the economic evaluation of cochlear implants in adult patients. ACTA Otorhinolaryngol Ita Lica 2011; 31: 319\u2013327.<\/li>\n\n\n\n<li>Wang J, Puel J-L: Presbycusis: An Update on Cochlear Mechanisms and Therapies. Journal of Clinical Medicine 2020; 9(1): 218. <a href=\"\" target=\"\" rel=\"noopener\">www.mdpi.com\/2077-0383\/9\/1\/218#<\/a>, (ultimo accesso 03.09.2024) <\/li>\n\n\n\n<li>Newman CW, et al.: Test-retest reliability of the Hearing Handicap Inventory for Adults. Ear Hear 1991; 12: 355\u2013357.<\/li>\n\n\n\n<li>Noble W, Gatehouse S: Interaural asymmetry of hearing loss, Speech, Spatial and Qualities of Hearing Scale (SSQ) disabilities and handicap. Int J Audiol 2004; 43: 100\u2013114. <\/li>\n<\/ol>\n\n\n\n<p><\/p>\n\n\n\n<p class=\"has-small-font-size\"><em>HAUSARZT PRAXIS 2024; 19(9): 30-31 (pubblicato il 18.9.24, prima della stampa)<\/em><\/p>\n","protected":false},"excerpt":{"rendered":"<p>La perdita dell&#8217;udito nella gamma delle alte frequenze si verifica con l&#8217;avanzare dell&#8217;et\u00e0. A causa della sua progressione graduale, la perdita dell&#8217;udito spesso passa inosservata per molto tempo. \u00c8 dimostrato&hellip;<\/p>\n","protected":false},"author":7,"featured_media":386589,"comment_status":"closed","ping_status":"closed","sticky":false,"template":"","format":"standard","meta":{"_acf_changed":false,"pmpro_default_level":"","cat_1_feature_home_top":false,"cat_2_editor_pick":false,"csco_eyebrow_text":"Presbiacusia  ","footnotes":""},"category":[11550,11355,11540,11306,11433,11515],"tags":[78675,15379,78672,78674,78676],"powerkit_post_featured":[],"class_list":["post-386587","post","type-post","status-publish","format-standard","has-post-thumbnail","category-rx-it","category-geriatria-it","category-gestione-dello-studio","category-medicina-interna-generale","category-orl-it","category-studi","tag-hhie-it","tag-perdita-delludito","tag-perdita-delludito-legata-alleta","tag-presbiacusia-it","tag-ssq-12-it","pmpro-has-access"],"acf":[],"publishpress_future_action":{"enabled":false,"date":"2026-05-09 02:14:21","action":"change-status","newStatus":"draft","terms":[],"taxonomy":"category","extraData":[]},"publishpress_future_workflow_manual_trigger":{"enabledWorkflows":[]},"wpml_current_locale":"it_IT","wpml_translations":{"pt_PT":{"locale":"pt_PT","id":386581,"slug":"reconhecer-e-tratar-a-perda-de-audicao-relacionada-com-a-idade","post_title":"Reconhecer e tratar a perda de audi\u00e7\u00e3o relacionada com a idade","href":"https:\/\/medizinonline.com\/pt-pt\/reconhecer-e-tratar-a-perda-de-audicao-relacionada-com-a-idade\/"},"es_ES":{"locale":"es_ES","id":386574,"slug":"reconocer-y-tratar-la-perdida-de-audicion-relacionada-con-la-edad","post_title":"Reconocer y tratar la p\u00e9rdida de audici\u00f3n relacionada con la edad","href":"https:\/\/medizinonline.com\/es\/reconocer-y-tratar-la-perdida-de-audicion-relacionada-con-la-edad\/"}},"_links":{"self":[{"href":"https:\/\/medizinonline.com\/it\/wp-json\/wp\/v2\/posts\/386587","targetHints":{"allow":["GET"]}}],"collection":[{"href":"https:\/\/medizinonline.com\/it\/wp-json\/wp\/v2\/posts"}],"about":[{"href":"https:\/\/medizinonline.com\/it\/wp-json\/wp\/v2\/types\/post"}],"author":[{"embeddable":true,"href":"https:\/\/medizinonline.com\/it\/wp-json\/wp\/v2\/users\/7"}],"replies":[{"embeddable":true,"href":"https:\/\/medizinonline.com\/it\/wp-json\/wp\/v2\/comments?post=386587"}],"version-history":[{"count":3,"href":"https:\/\/medizinonline.com\/it\/wp-json\/wp\/v2\/posts\/386587\/revisions"}],"predecessor-version":[{"id":387954,"href":"https:\/\/medizinonline.com\/it\/wp-json\/wp\/v2\/posts\/386587\/revisions\/387954"}],"wp:featuredmedia":[{"embeddable":true,"href":"https:\/\/medizinonline.com\/it\/wp-json\/wp\/v2\/media\/386589"}],"wp:attachment":[{"href":"https:\/\/medizinonline.com\/it\/wp-json\/wp\/v2\/media?parent=386587"}],"wp:term":[{"taxonomy":"category","embeddable":true,"href":"https:\/\/medizinonline.com\/it\/wp-json\/wp\/v2\/category?post=386587"},{"taxonomy":"post_tag","embeddable":true,"href":"https:\/\/medizinonline.com\/it\/wp-json\/wp\/v2\/tags?post=386587"},{"taxonomy":"powerkit_post_featured","embeddable":true,"href":"https:\/\/medizinonline.com\/it\/wp-json\/wp\/v2\/powerkit_post_featured?post=386587"}],"curies":[{"name":"wp","href":"https:\/\/api.w.org\/{rel}","templated":true}]}}