{"id":394876,"date":"2025-03-14T01:05:00","date_gmt":"2025-03-14T00:05:00","guid":{"rendered":"https:\/\/medizinonline.com\/contenere-gli-attacchi-attraverso-misure-proattive\/"},"modified":"2025-03-06T10:06:08","modified_gmt":"2025-03-06T09:06:08","slug":"contenere-gli-attacchi-attraverso-misure-proattive","status":"publish","type":"post","link":"https:\/\/medizinonline.com\/it\/contenere-gli-attacchi-attraverso-misure-proattive\/","title":{"rendered":"Contenere gli attacchi attraverso misure proattive"},"content":{"rendered":"\n<p><strong>L&#8217;emicrania pu\u00f2 compromettere in modo significativo la qualit\u00e0 di vita delle persone colpite. Pertanto, se la diagnosi \u00e8 confermata, \u00e8 consigliabile un trattamento precoce. La terapia dell&#8217;emicrania pu\u00f2 essere suddivisa in tre gruppi: Terapia acuta, profilassi, misure non farmacologiche. Gli anticorpi monoclonali contro il CGRP e il recettore del CGRP sono ormai consolidati per la profilassi farmacologica a lungo termine. La nuova generazione emergente di farmaci contro l&#8217;emicrania comprende Ditane e Gepante.    <\/strong><\/p>\n\n\n\n<div class=\"pmpro\"><div class=\"pmpro_card pmpro_content_message\"><div class=\"pmpro_card_content\">Dieser Inhalt ist nur f\u00fcr Benutzer der Gruppe: Medizinische Fachperson zug\u00e4nglich <br \/><a href=\"https:\/\/medizinonline.com\/it\/il-mio-conto\/pacchetti\/\">Jetzt beitreten<\/a><\/div><div class=\"pmpro_card_actions pmpro_font-medium\">Already a member? <a href=\"https:\/\/medizinonline.com\/it\/effettuare-il-login\/?redirect_to=https%3A%2F%2Fmedizinonline.com%2Fit%2Fcontenere-gli-attacchi-attraverso-misure-proattive%2F\">Accedi<\/a><\/div><\/div><\/div>","protected":false},"excerpt":{"rendered":"<p>L&#8217;emicrania pu\u00f2 compromettere in modo significativo la qualit\u00e0 di vita delle persone colpite. Pertanto, se la diagnosi \u00e8 confermata, \u00e8 consigliabile un trattamento precoce. La terapia dell&#8217;emicrania pu\u00f2 essere suddivisa&#8230;&hellip;... <\/p>\n<div class=\"pmpro\"><div class=\"pmpro_card pmpro_content_message\"><div class=\"pmpro_card_content\">Dieser Inhalt ist nur f\u00fcr Benutzer der Gruppe: Medizinische Fachperson zug\u00e4nglich <br \/><a href=\"https:\/\/medizinonline.com\/it\/il-mio-conto\/pacchetti\/\">Jetzt beitreten<\/a><\/div><div class=\"pmpro_card_actions pmpro_font-medium\">Already a member? <a href=\"https:\/\/medizinonline.com\/it\/effettuare-il-login\/?redirect_to=https%3A%2F%2Fmedizinonline.com%2Fit%2Fcontenere-gli-attacchi-attraverso-misure-proattive%2F\">Accedi<\/a><\/div><\/div><\/div>","protected":false},"author":7,"featured_media":394877,"comment_status":"closed","ping_status":"closed","sticky":false,"template":"","format":"standard","meta":{"_acf_changed":false,"pmpro_default_level":"","cat_1_feature_home_top":false,"cat_2_editor_pick":false,"csco_eyebrow_text":"Emicrania  ","footnotes":""},"category":[11550,11306,11371,11522,11515],"tags":[13783,72515,20842,7599,19781,81157,81070,13884,81158,13883,81156,23997,20029,24008],"powerkit_post_featured":[],"class_list":["post-394876","post","type-post","status-publish","format-standard","has-post-thumbnail","category-rx-it","category-medicina-interna-generale","category-neurologia-it","category-rapporti-del-congresso","category-studi","tag-anticorpo","tag-attacchi","tag-cefalea-a-grappolo","tag-cgrp","tag-cgrp-it","tag-ditane-it","tag-ditane","tag-emicrania","tag-ghepardo","tag-mal-di-testa","tag-misure-proattive","tag-profilassi","tag-terapia-acuta","tag-terapia-dellemicrania","pmpro-level-required","pmpro-level-1","pmpro-no-access"],"acf":[],"publishpress_future_action":{"enabled":false,"date":"2026-05-03 20:30:24","action":"change-status","newStatus":"draft","terms":[],"taxonomy":"category","extraData":[]},"publishpress_future_workflow_manual_trigger":{"enabledWorkflows":[]},"wpml_current_locale":"it_IT","wpml_translations":{"pt_PT":{"locale":"pt_PT","id":394873,"slug":"contenha-os-ataques-atraves-de-medidas-proactivas","post_title":"Contenha os ataques atrav\u00e9s de medidas proactivas","href":"https:\/\/medizinonline.com\/pt-pt\/contenha-os-ataques-atraves-de-medidas-proactivas\/"},"es_ES":{"locale":"es_ES","id":394870,"slug":"contener-los-ataques-mediante-medidas-proactivas","post_title":"Contener los ataques mediante medidas proactivas","href":"https:\/\/medizinonline.com\/es\/contener-los-ataques-mediante-medidas-proactivas\/"}},"_links":{"self":[{"href":"https:\/\/medizinonline.com\/it\/wp-json\/wp\/v2\/posts\/394876","targetHints":{"allow":["GET"]}}],"collection":[{"href":"https:\/\/medizinonline.com\/it\/wp-json\/wp\/v2\/posts"}],"about":[{"href":"https:\/\/medizinonline.com\/it\/wp-json\/wp\/v2\/types\/post"}],"author":[{"embeddable":true,"href":"https:\/\/medizinonline.com\/it\/wp-json\/wp\/v2\/users\/7"}],"replies":[{"embeddable":true,"href":"https:\/\/medizinonline.com\/it\/wp-json\/wp\/v2\/comments?post=394876"}],"version-history":[{"count":3,"href":"https:\/\/medizinonline.com\/it\/wp-json\/wp\/v2\/posts\/394876\/revisions"}],"predecessor-version":[{"id":396474,"href":"https:\/\/medizinonline.com\/it\/wp-json\/wp\/v2\/posts\/394876\/revisions\/396474"}],"wp:featuredmedia":[{"embeddable":true,"href":"https:\/\/medizinonline.com\/it\/wp-json\/wp\/v2\/media\/394877"}],"wp:attachment":[{"href":"https:\/\/medizinonline.com\/it\/wp-json\/wp\/v2\/media?parent=394876"}],"wp:term":[{"taxonomy":"category","embeddable":true,"href":"https:\/\/medizinonline.com\/it\/wp-json\/wp\/v2\/category?post=394876"},{"taxonomy":"post_tag","embeddable":true,"href":"https:\/\/medizinonline.com\/it\/wp-json\/wp\/v2\/tags?post=394876"},{"taxonomy":"powerkit_post_featured","embeddable":true,"href":"https:\/\/medizinonline.com\/it\/wp-json\/wp\/v2\/powerkit_post_featured?post=394876"}],"curies":[{"name":"wp","href":"https:\/\/api.w.org\/{rel}","templated":true}]}}