{"id":395288,"date":"2025-02-27T00:01:00","date_gmt":"2025-02-26T23:01:00","guid":{"rendered":"https:\/\/medizinonline.com\/?p=395288"},"modified":"2025-02-27T12:41:51","modified_gmt":"2025-02-27T11:41:51","slug":"studio-prospettico-nellassistenza-primaria","status":"publish","type":"post","link":"https:\/\/medizinonline.com\/it\/studio-prospettico-nellassistenza-primaria\/","title":{"rendered":"Studio prospettico nell&#8217;assistenza primaria"},"content":{"rendered":"\n<p><strong>La polmonite acquisita in comunit\u00e0 \u00e8 una delle malattie infettive pi\u00f9 comuni con un&#8217;elevata mortalit\u00e0 e morbilit\u00e0 in tutto il mondo. In uno studio condotto in Francia, sono state caratterizzate le caratteristiche cliniche e microbiologiche dei pazienti con polmonite acquisita in comunit\u00e0 confermata radiologicamente nell&#8217;ambito dell&#8217;assistenza primaria. Lo studio si \u00e8 concentrato sulla polmonite causata da pneumococchi <em>(Streptococcus pneumoniae)<\/em>, poich\u00e9 questi ultimi sono gli agenti causali pi\u00f9 comuni delle forme gravi della malattia.    <\/strong><\/p>\n\n\n\n<div class=\"pmpro\"><div class=\"pmpro_card pmpro_content_message\"><div class=\"pmpro_card_content\">Dieser Inhalt ist nur f\u00fcr Benutzer der Gruppe: Medizinische Fachperson zug\u00e4nglich <br \/><a href=\"https:\/\/medizinonline.com\/it\/il-mio-conto\/pacchetti\/\">Jetzt beitreten<\/a><\/div><div class=\"pmpro_card_actions pmpro_font-medium\">Already a member? <a href=\"https:\/\/medizinonline.com\/it\/effettuare-il-login\/?redirect_to=https%3A%2F%2Fmedizinonline.com%2Fit%2Fstudio-prospettico-nellassistenza-primaria%2F\">Accedi<\/a><\/div><\/div><\/div>","protected":false},"excerpt":{"rendered":"<p>La polmonite acquisita in comunit\u00e0 \u00e8 una delle malattie infettive pi\u00f9 comuni con un&#8217;elevata mortalit\u00e0 e morbilit\u00e0 in tutto il mondo. In uno studio condotto in Francia, sono state caratterizzate&#8230;&hellip;... <\/p>\n<div class=\"pmpro\"><div class=\"pmpro_card pmpro_content_message\"><div class=\"pmpro_card_content\">Dieser Inhalt ist nur f\u00fcr Benutzer der Gruppe: Medizinische Fachperson zug\u00e4nglich <br \/><a href=\"https:\/\/medizinonline.com\/it\/il-mio-conto\/pacchetti\/\">Jetzt beitreten<\/a><\/div><div class=\"pmpro_card_actions pmpro_font-medium\">Already a member? <a href=\"https:\/\/medizinonline.com\/it\/effettuare-il-login\/?redirect_to=https%3A%2F%2Fmedizinonline.com%2Fit%2Fstudio-prospettico-nellassistenza-primaria%2F\">Accedi<\/a><\/div><\/div><\/div>","protected":false},"author":7,"featured_media":395290,"comment_status":"closed","ping_status":"closed","sticky":false,"template":"","format":"standard","meta":{"_acf_changed":false,"pmpro_default_level":"","cat_1_feature_home_top":false,"cat_2_editor_pick":false,"csco_eyebrow_text":"Polmonite acquisita in comunit\u00e0  ","footnotes":""},"category":[11519,11415,11306,11468,11550,11515],"tags":[77158,15074,79618,72194,81225],"powerkit_post_featured":[],"class_list":["post-395288","post","type-post","status-publish","format-standard","has-post-thumbnail","category-formazione-continua","category-infettivologia","category-medicina-interna-generale","category-pneumologia","category-rx-it","category-studi","tag-assistenza-primaria","tag-pneumococco","tag-polmonite-acquisita-in-comunita-it","tag-streptococcus-pneumoniae-it","tag-studio-prospettico","pmpro-level-required","pmpro-level-1","pmpro-no-access"],"acf":[],"publishpress_future_action":{"enabled":false,"date":"2026-05-05 12:56:38","action":"change-status","newStatus":"draft","terms":[],"taxonomy":"category","extraData":[]},"publishpress_future_workflow_manual_trigger":{"enabledWorkflows":[]},"wpml_current_locale":"it_IT","wpml_translations":{"pt_PT":{"locale":"pt_PT","id":395287,"slug":"estudo-prospetivo-em-cuidados-primarios","post_title":"Estudo prospetivo em cuidados prim\u00e1rios","href":"https:\/\/medizinonline.com\/pt-pt\/estudo-prospetivo-em-cuidados-primarios\/"},"es_ES":{"locale":"es_ES","id":395339,"slug":"estudio-prospectivo-en-atencion-primaria","post_title":"Estudio prospectivo en atenci\u00f3n primaria","href":"https:\/\/medizinonline.com\/es\/estudio-prospectivo-en-atencion-primaria\/"}},"_links":{"self":[{"href":"https:\/\/medizinonline.com\/it\/wp-json\/wp\/v2\/posts\/395288","targetHints":{"allow":["GET"]}}],"collection":[{"href":"https:\/\/medizinonline.com\/it\/wp-json\/wp\/v2\/posts"}],"about":[{"href":"https:\/\/medizinonline.com\/it\/wp-json\/wp\/v2\/types\/post"}],"author":[{"embeddable":true,"href":"https:\/\/medizinonline.com\/it\/wp-json\/wp\/v2\/users\/7"}],"replies":[{"embeddable":true,"href":"https:\/\/medizinonline.com\/it\/wp-json\/wp\/v2\/comments?post=395288"}],"version-history":[{"count":3,"href":"https:\/\/medizinonline.com\/it\/wp-json\/wp\/v2\/posts\/395288\/revisions"}],"predecessor-version":[{"id":396185,"href":"https:\/\/medizinonline.com\/it\/wp-json\/wp\/v2\/posts\/395288\/revisions\/396185"}],"wp:featuredmedia":[{"embeddable":true,"href":"https:\/\/medizinonline.com\/it\/wp-json\/wp\/v2\/media\/395290"}],"wp:attachment":[{"href":"https:\/\/medizinonline.com\/it\/wp-json\/wp\/v2\/media?parent=395288"}],"wp:term":[{"taxonomy":"category","embeddable":true,"href":"https:\/\/medizinonline.com\/it\/wp-json\/wp\/v2\/category?post=395288"},{"taxonomy":"post_tag","embeddable":true,"href":"https:\/\/medizinonline.com\/it\/wp-json\/wp\/v2\/tags?post=395288"},{"taxonomy":"powerkit_post_featured","embeddable":true,"href":"https:\/\/medizinonline.com\/it\/wp-json\/wp\/v2\/powerkit_post_featured?post=395288"}],"curies":[{"name":"wp","href":"https:\/\/api.w.org\/{rel}","templated":true}]}}