{"id":395822,"date":"2025-04-23T01:05:00","date_gmt":"2025-04-22T23:05:00","guid":{"rendered":"https:\/\/medizinonline.com\/casi-di-studio-dalla-dermatologia-pediatrica\/"},"modified":"2025-04-22T21:40:33","modified_gmt":"2025-04-22T19:40:33","slug":"casi-di-studio-dalla-dermatologia-pediatrica","status":"publish","type":"post","link":"https:\/\/medizinonline.com\/it\/casi-di-studio-dalla-dermatologia-pediatrica\/","title":{"rendered":"Casi di studio dalla dermatologia pediatrica"},"content":{"rendered":"\n<p><strong>La prevalenza nell&#8217;arco della vita dell&#8217;orticaria \u00e8 quasi del 20%. Gli antistaminici di seconda generazione sono raccomandati come trattamento di prima scelta per i pazienti pediatrici. Tuttavia, i pazienti pediatrici con prurito non sono sempre affetti da una forma (classica) di orticaria, come dimostrano chiaramente i rapporti dell&#8217;ospedale pediatrico e la letteratura specializzata.  <\/strong><\/p>\n\n<div class=\"pmpro\"><div class=\"pmpro_card pmpro_content_message\"><div class=\"pmpro_card_content\">Dieser Inhalt ist nur f\u00fcr Benutzer der Gruppe: Medizinische Fachperson zug\u00e4nglich <br \/><a href=\"https:\/\/medizinonline.com\/it\/il-mio-conto\/pacchetti\/\">Jetzt beitreten<\/a><\/div><div class=\"pmpro_card_actions pmpro_font-medium\">Already a member? <a href=\"https:\/\/medizinonline.com\/it\/effettuare-il-login\/?redirect_to=https%3A%2F%2Fmedizinonline.com%2Fit%2Fcasi-di-studio-dalla-dermatologia-pediatrica%2F\">Accedi<\/a><\/div><\/div><\/div>","protected":false},"excerpt":{"rendered":"<p>La prevalenza nell&#8217;arco della vita dell&#8217;orticaria \u00e8 quasi del 20%. Gli antistaminici di seconda generazione sono raccomandati come trattamento di prima scelta per i pazienti pediatrici. Tuttavia, i pazienti pediatrici&#8230;&hellip;... <\/p>\n<div class=\"pmpro\"><div class=\"pmpro_card pmpro_content_message\"><div class=\"pmpro_card_content\">Dieser Inhalt ist nur f\u00fcr Benutzer der Gruppe: Medizinische Fachperson zug\u00e4nglich <br \/><a href=\"https:\/\/medizinonline.com\/it\/il-mio-conto\/pacchetti\/\">Jetzt beitreten<\/a><\/div><div class=\"pmpro_card_actions pmpro_font-medium\">Already a member? <a href=\"https:\/\/medizinonline.com\/it\/effettuare-il-login\/?redirect_to=https%3A%2F%2Fmedizinonline.com%2Fit%2Fcasi-di-studio-dalla-dermatologia-pediatrica%2F\">Accedi<\/a><\/div><\/div><\/div>","protected":false},"author":7,"featured_media":398508,"comment_status":"closed","ping_status":"closed","sticky":false,"template":"","format":"standard","meta":{"_acf_changed":false,"pmpro_default_level":"","cat_1_feature_home_top":false,"cat_2_editor_pick":false,"csco_eyebrow_text":"Orticaria e esantema simile all'orticaria","footnotes":""},"category":[11550,11343,11528,11351,11443,11522],"tags":[14870,81619,18101,18100,81620,81617,18102,18099,13986,81618],"powerkit_post_featured":[],"class_list":["post-395822","post","type-post","status-publish","format-standard","has-post-thumbnail","category-rx-it","category-allergologia-e-immunologia-clinica","category-casi","category-dermatologia-e-venereologia","category-pediatria-it","category-rapporti-del-congresso","tag-antistaminici","tag-bilastina-it","tag-cetirizina","tag-desloratadina","tag-fexofenadina-it","tag-giornata-della-pelle-dei-bambini-a-zurigo","tag-levocetirizina","tag-loratadina","tag-orticaria","tag-orticaria-da-freddo","pmpro-level-required","pmpro-level-1","pmpro-no-access"],"acf":[],"publishpress_future_action":{"enabled":false,"date":"2026-05-07 18:14:28","action":"change-status","newStatus":"draft","terms":[],"taxonomy":"category","extraData":[]},"publishpress_future_workflow_manual_trigger":{"enabledWorkflows":[]},"wpml_current_locale":"it_IT","wpml_translations":{"pt_PT":{"locale":"pt_PT","id":395799,"slug":"estudos-de-casos-de-dermatologia-pediatrica","post_title":"Estudos de casos de dermatologia pedi\u00e1trica","href":"https:\/\/medizinonline.com\/pt-pt\/estudos-de-casos-de-dermatologia-pediatrica\/"},"es_ES":{"locale":"es_ES","id":395792,"slug":"casos-practicos-de-dermatologia-pediatrica","post_title":"Casos pr\u00e1cticos de dermatolog\u00eda pedi\u00e1trica","href":"https:\/\/medizinonline.com\/es\/casos-practicos-de-dermatologia-pediatrica\/"}},"_links":{"self":[{"href":"https:\/\/medizinonline.com\/it\/wp-json\/wp\/v2\/posts\/395822","targetHints":{"allow":["GET"]}}],"collection":[{"href":"https:\/\/medizinonline.com\/it\/wp-json\/wp\/v2\/posts"}],"about":[{"href":"https:\/\/medizinonline.com\/it\/wp-json\/wp\/v2\/types\/post"}],"author":[{"embeddable":true,"href":"https:\/\/medizinonline.com\/it\/wp-json\/wp\/v2\/users\/7"}],"replies":[{"embeddable":true,"href":"https:\/\/medizinonline.com\/it\/wp-json\/wp\/v2\/comments?post=395822"}],"version-history":[{"count":1,"href":"https:\/\/medizinonline.com\/it\/wp-json\/wp\/v2\/posts\/395822\/revisions"}],"predecessor-version":[{"id":395826,"href":"https:\/\/medizinonline.com\/it\/wp-json\/wp\/v2\/posts\/395822\/revisions\/395826"}],"wp:featuredmedia":[{"embeddable":true,"href":"https:\/\/medizinonline.com\/it\/wp-json\/wp\/v2\/media\/398508"}],"wp:attachment":[{"href":"https:\/\/medizinonline.com\/it\/wp-json\/wp\/v2\/media?parent=395822"}],"wp:term":[{"taxonomy":"category","embeddable":true,"href":"https:\/\/medizinonline.com\/it\/wp-json\/wp\/v2\/category?post=395822"},{"taxonomy":"post_tag","embeddable":true,"href":"https:\/\/medizinonline.com\/it\/wp-json\/wp\/v2\/tags?post=395822"},{"taxonomy":"powerkit_post_featured","embeddable":true,"href":"https:\/\/medizinonline.com\/it\/wp-json\/wp\/v2\/powerkit_post_featured?post=395822"}],"curies":[{"name":"wp","href":"https:\/\/api.w.org\/{rel}","templated":true}]}}