{"id":401691,"date":"2025-06-21T01:05:00","date_gmt":"2025-06-20T23:05:00","guid":{"rendered":"https:\/\/medizinonline.com\/?p=401691"},"modified":"2025-06-20T22:10:52","modified_gmt":"2025-06-20T20:10:52","slug":"sarcopenia-e-malnutrizione-nel-contesto-della-riabilitazione-pneumologica-2","status":"publish","type":"post","link":"https:\/\/medizinonline.com\/it\/sarcopenia-e-malnutrizione-nel-contesto-della-riabilitazione-pneumologica-2\/","title":{"rendered":"Sarcopenia e malnutrizione nel contesto della riabilitazione pneumologica"},"content":{"rendered":"\n<p><strong>La malnutrizione e la sarcopenia sono due complicazioni comuni, ma spesso sottovalutate, nei pazienti con malattie polmonari croniche come la BPCO, la fibrosi polmonare o altre patologie respiratorie. Entrambe le condizioni hanno un profondo impatto sulla qualit\u00e0 di vita e sulla sopravvivenza delle persone colpite. L&#8217;elevata incidenza di malnutrizione nelle malattie polmonari \u00e8 una conseguenza dell&#8217;aumento del fabbisogno energetico dovuto, tra l&#8217;altro, alla maggiore attivit\u00e0 dei muscoli respiratori.  <\/strong><\/p>\n\n<div class=\"pmpro\"><div class=\"pmpro_card pmpro_content_message\"><div class=\"pmpro_card_content\">Dieser Inhalt ist nur f\u00fcr Benutzer der Gruppe: Medizinische Fachperson zug\u00e4nglich <br \/><a href=\"https:\/\/medizinonline.com\/it\/il-mio-conto\/pacchetti\/\">Jetzt beitreten<\/a><\/div><div class=\"pmpro_card_actions pmpro_font-medium\">Already a member? <a href=\"https:\/\/medizinonline.com\/it\/effettuare-il-login\/?redirect_to=https%3A%2F%2Fmedizinonline.com%2Fit%2Fsarcopenia-e-malnutrizione-nel-contesto-della-riabilitazione-pneumologica-2%2F\">Accedi<\/a><\/div><\/div><\/div>","protected":false},"excerpt":{"rendered":"<p>La malnutrizione e la sarcopenia sono due complicazioni comuni, ma spesso sottovalutate, nei pazienti con malattie polmonari croniche come la BPCO, la fibrosi polmonare o altre patologie respiratorie. Entrambe le&#8230;&hellip;... <\/p>\n<div class=\"pmpro\"><div class=\"pmpro_card pmpro_content_message\"><div class=\"pmpro_card_content\">Dieser Inhalt ist nur f\u00fcr Benutzer der Gruppe: Medizinische Fachperson zug\u00e4nglich <br \/><a href=\"https:\/\/medizinonline.com\/it\/il-mio-conto\/pacchetti\/\">Jetzt beitreten<\/a><\/div><div class=\"pmpro_card_actions pmpro_font-medium\">Already a member? <a href=\"https:\/\/medizinonline.com\/it\/effettuare-il-login\/?redirect_to=https%3A%2F%2Fmedizinonline.com%2Fit%2Fsarcopenia-e-malnutrizione-nel-contesto-della-riabilitazione-pneumologica-2%2F\">Accedi<\/a><\/div><\/div><\/div>","protected":false},"author":7,"featured_media":401693,"comment_status":"closed","ping_status":"closed","sticky":false,"template":"","format":"standard","meta":{"_acf_changed":false,"pmpro_default_level":"","cat_1_feature_home_top":false,"cat_2_editor_pick":false,"csco_eyebrow_text":"Malattie polmonari croniche  ","footnotes":""},"category":[22617,11355,11317,11306,11395,11468,11550,11515],"tags":[12098,12986,36518],"powerkit_post_featured":[],"class_list":["post-401691","post","type-post","status-publish","format-standard","has-post-thumbnail","category-formazione-ecm","category-geriatria-it","category-medicina-dello-sport","category-medicina-interna-generale","category-nutrizione","category-pneumologia","category-rx-it","category-studi","tag-bpco-it","tag-malnutrizione","tag-sarcopenia-it","pmpro-level-required","pmpro-level-1","pmpro-no-access"],"acf":[],"publishpress_future_action":{"enabled":false,"date":"2026-05-02 08:22:45","action":"change-status","newStatus":"draft","terms":[],"taxonomy":"category","extraData":[]},"publishpress_future_workflow_manual_trigger":{"enabledWorkflows":[]},"wpml_current_locale":"it_IT","wpml_translations":{"pt_PT":{"locale":"pt_PT","id":401685,"slug":"sarcopenia-e-desnutricao-no-contexto-da-reabilitacao-pneumologica-2","post_title":"Sarcop\u00e9nia e desnutri\u00e7\u00e3o no contexto da reabilita\u00e7\u00e3o pneumol\u00f3gica","href":"https:\/\/medizinonline.com\/pt-pt\/sarcopenia-e-desnutricao-no-contexto-da-reabilitacao-pneumologica-2\/"},"es_ES":{"locale":"es_ES","id":401678,"slug":"sarcopenia-y-malnutricion-en-el-contexto-de-la-rehabilitacion-neumologica-2","post_title":"Sarcopenia y malnutrici\u00f3n en el contexto de la rehabilitaci\u00f3n neumol\u00f3gica","href":"https:\/\/medizinonline.com\/es\/sarcopenia-y-malnutricion-en-el-contexto-de-la-rehabilitacion-neumologica-2\/"}},"_links":{"self":[{"href":"https:\/\/medizinonline.com\/it\/wp-json\/wp\/v2\/posts\/401691","targetHints":{"allow":["GET"]}}],"collection":[{"href":"https:\/\/medizinonline.com\/it\/wp-json\/wp\/v2\/posts"}],"about":[{"href":"https:\/\/medizinonline.com\/it\/wp-json\/wp\/v2\/types\/post"}],"author":[{"embeddable":true,"href":"https:\/\/medizinonline.com\/it\/wp-json\/wp\/v2\/users\/7"}],"replies":[{"embeddable":true,"href":"https:\/\/medizinonline.com\/it\/wp-json\/wp\/v2\/comments?post=401691"}],"version-history":[{"count":2,"href":"https:\/\/medizinonline.com\/it\/wp-json\/wp\/v2\/posts\/401691\/revisions"}],"predecessor-version":[{"id":403809,"href":"https:\/\/medizinonline.com\/it\/wp-json\/wp\/v2\/posts\/401691\/revisions\/403809"}],"wp:featuredmedia":[{"embeddable":true,"href":"https:\/\/medizinonline.com\/it\/wp-json\/wp\/v2\/media\/401693"}],"wp:attachment":[{"href":"https:\/\/medizinonline.com\/it\/wp-json\/wp\/v2\/media?parent=401691"}],"wp:term":[{"taxonomy":"category","embeddable":true,"href":"https:\/\/medizinonline.com\/it\/wp-json\/wp\/v2\/category?post=401691"},{"taxonomy":"post_tag","embeddable":true,"href":"https:\/\/medizinonline.com\/it\/wp-json\/wp\/v2\/tags?post=401691"},{"taxonomy":"powerkit_post_featured","embeddable":true,"href":"https:\/\/medizinonline.com\/it\/wp-json\/wp\/v2\/powerkit_post_featured?post=401691"}],"curies":[{"name":"wp","href":"https:\/\/api.w.org\/{rel}","templated":true}]}}