{"id":408331,"date":"2025-10-19T13:30:00","date_gmt":"2025-10-19T11:30:00","guid":{"rendered":"https:\/\/medizinonline.com\/?p=408331"},"modified":"2025-09-11T10:22:35","modified_gmt":"2025-09-11T08:22:35","slug":"carcinoma-colorettale-her2-positivo-con-componente-micropapillare-invasivo","status":"publish","type":"post","link":"https:\/\/medizinonline.com\/it\/carcinoma-colorettale-her2-positivo-con-componente-micropapillare-invasivo\/","title":{"rendered":"Carcinoma colorettale HER2-positivo con componente micropapillare invasivo"},"content":{"rendered":"\n<p><strong>Il carcinoma colorettale (CRC) \u00e8 uno dei tumori pi\u00f9 comuni e pi\u00f9 letali al mondo. I sottogruppi molecolari sono sempre pi\u00f9 importanti per la prognosi e la terapia. Oltre ai marcatori consolidati come RAS, BRAF e MSI, anche HER2 sta diventando un bersaglio terapeutico. Varianti istologiche particolarmente rare come il carcinoma micropapillare invasivo (IMPC) sollevano nuovi interrogativi. Un recente caso clinico proveniente dal Giappone descrive per la prima volta un paziente con carcinoma colorettale HER2-positivo e una componente micropapillare. Questo articolo riassume i dati disponibili e discute il significato clinico di questa costellazione.     <\/strong><\/p>\n\n<div class=\"pmpro\"><div class=\"pmpro_card pmpro_content_message\"><div class=\"pmpro_card_content\">Dieser Inhalt ist nur f\u00fcr Benutzer der Gruppe: Medizinische Fachperson zug\u00e4nglich <br \/><a href=\"https:\/\/medizinonline.com\/it\/il-mio-conto\/pacchetti\/\">Jetzt beitreten<\/a><\/div><div class=\"pmpro_card_actions pmpro_font-medium\">Already a member? <a href=\"https:\/\/medizinonline.com\/it\/effettuare-il-login\/?redirect_to=https%3A%2F%2Fmedizinonline.com%2Fit%2Fcarcinoma-colorettale-her2-positivo-con-componente-micropapillare-invasivo%2F\">Accedi<\/a><\/div><\/div><\/div>","protected":false},"excerpt":{"rendered":"<p>Il carcinoma colorettale (CRC) \u00e8 uno dei tumori pi\u00f9 comuni e pi\u00f9 letali al mondo. I sottogruppi molecolari sono sempre pi\u00f9 importanti per la prognosi e la terapia. Oltre ai&#8230;&hellip;... <\/p>\n<div class=\"pmpro\"><div class=\"pmpro_card pmpro_content_message\"><div class=\"pmpro_card_content\">Dieser Inhalt ist nur f\u00fcr Benutzer der Gruppe: Medizinische Fachperson zug\u00e4nglich <br \/><a href=\"https:\/\/medizinonline.com\/it\/il-mio-conto\/pacchetti\/\">Jetzt beitreten<\/a><\/div><div class=\"pmpro_card_actions pmpro_font-medium\">Already a member? <a href=\"https:\/\/medizinonline.com\/it\/effettuare-il-login\/?redirect_to=https%3A%2F%2Fmedizinonline.com%2Fit%2Fcarcinoma-colorettale-her2-positivo-con-componente-micropapillare-invasivo%2F\">Accedi<\/a><\/div><\/div><\/div>","protected":false},"author":7,"featured_media":408332,"comment_status":"closed","ping_status":"closed","sticky":false,"template":"","format":"standard","meta":{"_acf_changed":false,"pmpro_default_level":"","cat_1_feature_home_top":false,"cat_2_editor_pick":false,"csco_eyebrow_text":"Rapporto di caso, base molecolare e implicazioni terapeutiche","footnotes":""},"category":[11528,11519,11401,11376,11550,11515],"tags":[13698,85212,45394,16482,85211,85213,13699],"powerkit_post_featured":[],"class_list":["post-408331","post","type-post","status-publish","format-standard","has-post-thumbnail","category-casi","category-formazione-continua","category-gastroenterologia-ed-epatologia","category-oncologia-it","category-rx-it","category-studi","tag-carcinoma-del-colon","tag-carcinoma-micropapillare-invasivo","tag-crc-it","tag-her2-it","tag-impc-it","tag-msi-it","tag-ras-it","pmpro-level-required","pmpro-level-1","pmpro-no-access"],"acf":[],"publishpress_future_action":{"enabled":false,"date":"2026-05-04 04:43:40","action":"change-status","newStatus":"draft","terms":[],"taxonomy":"category","extraData":[]},"publishpress_future_workflow_manual_trigger":{"enabledWorkflows":[]},"wpml_current_locale":"it_IT","wpml_translations":{"pt_PT":{"locale":"pt_PT","id":408328,"slug":"carcinoma-colorrectal-her2-positivo-com-componente-micropapilar-invasivo","post_title":"Carcinoma colorrectal HER2-positivo com componente micropapilar invasivo","href":"https:\/\/medizinonline.com\/pt-pt\/carcinoma-colorrectal-her2-positivo-com-componente-micropapilar-invasivo\/"},"es_ES":{"locale":"es_ES","id":408340,"slug":"carcinoma-colorrectal-her2-positivo-con-componente-micropapilar-invasivo","post_title":"Carcinoma colorrectal HER2-positivo con componente micropapilar invasivo","href":"https:\/\/medizinonline.com\/es\/carcinoma-colorrectal-her2-positivo-con-componente-micropapilar-invasivo\/"}},"_links":{"self":[{"href":"https:\/\/medizinonline.com\/it\/wp-json\/wp\/v2\/posts\/408331","targetHints":{"allow":["GET"]}}],"collection":[{"href":"https:\/\/medizinonline.com\/it\/wp-json\/wp\/v2\/posts"}],"about":[{"href":"https:\/\/medizinonline.com\/it\/wp-json\/wp\/v2\/types\/post"}],"author":[{"embeddable":true,"href":"https:\/\/medizinonline.com\/it\/wp-json\/wp\/v2\/users\/7"}],"replies":[{"embeddable":true,"href":"https:\/\/medizinonline.com\/it\/wp-json\/wp\/v2\/comments?post=408331"}],"version-history":[{"count":1,"href":"https:\/\/medizinonline.com\/it\/wp-json\/wp\/v2\/posts\/408331\/revisions"}],"predecessor-version":[{"id":408333,"href":"https:\/\/medizinonline.com\/it\/wp-json\/wp\/v2\/posts\/408331\/revisions\/408333"}],"wp:featuredmedia":[{"embeddable":true,"href":"https:\/\/medizinonline.com\/it\/wp-json\/wp\/v2\/media\/408332"}],"wp:attachment":[{"href":"https:\/\/medizinonline.com\/it\/wp-json\/wp\/v2\/media?parent=408331"}],"wp:term":[{"taxonomy":"category","embeddable":true,"href":"https:\/\/medizinonline.com\/it\/wp-json\/wp\/v2\/category?post=408331"},{"taxonomy":"post_tag","embeddable":true,"href":"https:\/\/medizinonline.com\/it\/wp-json\/wp\/v2\/tags?post=408331"},{"taxonomy":"powerkit_post_featured","embeddable":true,"href":"https:\/\/medizinonline.com\/it\/wp-json\/wp\/v2\/powerkit_post_featured?post=408331"}],"curies":[{"name":"wp","href":"https:\/\/api.w.org\/{rel}","templated":true}]}}