{"id":410439,"date":"2025-10-29T00:30:00","date_gmt":"2025-10-28T23:30:00","guid":{"rendered":"https:\/\/medizinonline.com\/?p=410439"},"modified":"2025-10-24T14:39:02","modified_gmt":"2025-10-24T12:39:02","slug":"concentrarsi-su-un-approccio-terapeutico-razionale-al-di-la-degli-antibiotici","status":"publish","type":"post","link":"https:\/\/medizinonline.com\/it\/concentrarsi-su-un-approccio-terapeutico-razionale-al-di-la-degli-antibiotici\/","title":{"rendered":"Concentrarsi su un approccio terapeutico razionale, al di l\u00e0 degli antibiotici."},"content":{"rendered":"\n<p><strong>Uno studio di coorte retrospettivo pubblicato nel 2024 ha analizzato i dati dei pazienti con sinusite acuta in assistenza di routine. Da un lato, \u00e8 emerso che oltre il 70% dei pazienti ha ricevuto una prescrizione di antibiotici, contrariamente alle raccomandazioni delle linee guida. In secondo luogo, l&#8217;analisi ha mostrato che, sebbene una medicina a base di erbe contenente un estratto delle radici di <em>Pelargonium sidoides<\/em> sia stata utilizzata molto meno frequentemente rispetto agli antibiotici, ai corticosteroidi intranasali e ad altri spray nasali, ha ottenuto un punteggio elevato in termini di effetti favorevoli a breve e lungo termine.    <\/strong><\/p>\n\n<div class=\"pmpro\"><div class=\"pmpro_card pmpro_content_message\"><div class=\"pmpro_card_content\">Dieser Inhalt ist nur f\u00fcr Benutzer der Gruppe: Medizinische Fachperson zug\u00e4nglich <br \/><a href=\"https:\/\/medizinonline.com\/it\/il-mio-conto\/pacchetti\/\">Jetzt beitreten<\/a><\/div><div class=\"pmpro_card_actions pmpro_font-medium\">Already a member? <a href=\"https:\/\/medizinonline.com\/it\/effettuare-il-login\/?redirect_to=https%3A%2F%2Fmedizinonline.com%2Fit%2Fconcentrarsi-su-un-approccio-terapeutico-razionale-al-di-la-degli-antibiotici%2F\">Accedi<\/a><\/div><\/div><\/div>","protected":false},"excerpt":{"rendered":"<p>Uno studio di coorte retrospettivo pubblicato nel 2024 ha analizzato i dati dei pazienti con sinusite acuta in assistenza di routine. Da un lato, \u00e8 emerso che oltre il 70%&#8230;&hellip;... <\/p>\n<div class=\"pmpro\"><div class=\"pmpro_card pmpro_content_message\"><div class=\"pmpro_card_content\">Dieser Inhalt ist nur f\u00fcr Benutzer der Gruppe: Medizinische Fachperson zug\u00e4nglich <br \/><a href=\"https:\/\/medizinonline.com\/it\/il-mio-conto\/pacchetti\/\">Jetzt beitreten<\/a><\/div><div class=\"pmpro_card_actions pmpro_font-medium\">Already a member? <a href=\"https:\/\/medizinonline.com\/it\/effettuare-il-login\/?redirect_to=https%3A%2F%2Fmedizinonline.com%2Fit%2Fconcentrarsi-su-un-approccio-terapeutico-razionale-al-di-la-degli-antibiotici%2F\">Accedi<\/a><\/div><\/div><\/div>","protected":false},"author":7,"featured_media":410442,"comment_status":"closed","ping_status":"closed","sticky":false,"template":"","format":"standard","meta":{"_acf_changed":false,"pmpro_default_level":"","cat_1_feature_home_top":false,"cat_2_editor_pick":false,"csco_eyebrow_text":"Sinusite acuta: studio real-world sulla terapia di prima linea","footnotes":""},"category":[11519,11415,11457,11306,11433,11468,11550,11515],"tags":[12248,18285,35892,85683,80063,11948],"powerkit_post_featured":[],"class_list":["post-410439","post","type-post","status-publish","format-standard","has-post-thumbnail","category-formazione-continua","category-infettivologia","category-medicina-farmaceutica-it","category-medicina-interna-generale","category-orl-it","category-pneumologia","category-rx-it","category-studi","tag-antibiotici","tag-pelargonium-sidoides-it","tag-sinusite-it","tag-sinusite-acuta","tag-studio-sul-mondo-reale","tag-terapia-di-prima-linea","pmpro-level-required","pmpro-level-1","pmpro-no-access"],"acf":[],"publishpress_future_action":{"enabled":false,"date":"2026-05-06 02:00:03","action":"change-status","newStatus":"draft","terms":[],"taxonomy":"category","extraData":[]},"publishpress_future_workflow_manual_trigger":{"enabledWorkflows":[]},"wpml_current_locale":"it_IT","wpml_translations":{"pt_PT":{"locale":"pt_PT","id":410376,"slug":"centrar-se-numa-abordagem-terapeutica-racional-para-alem-dos-antibioticos","post_title":"Centrar-se numa abordagem terap\u00eautica racional para al\u00e9m dos antibi\u00f3ticos","href":"https:\/\/medizinonline.com\/pt-pt\/centrar-se-numa-abordagem-terapeutica-racional-para-alem-dos-antibioticos\/"},"es_ES":{"locale":"es_ES","id":410369,"slug":"centrarse-en-un-enfoque-terapeutico-racional-mas-alla-de-los-antibioticos","post_title":"Centrarse en un enfoque terap\u00e9utico racional m\u00e1s all\u00e1 de los antibi\u00f3ticos","href":"https:\/\/medizinonline.com\/es\/centrarse-en-un-enfoque-terapeutico-racional-mas-alla-de-los-antibioticos\/"}},"_links":{"self":[{"href":"https:\/\/medizinonline.com\/it\/wp-json\/wp\/v2\/posts\/410439","targetHints":{"allow":["GET"]}}],"collection":[{"href":"https:\/\/medizinonline.com\/it\/wp-json\/wp\/v2\/posts"}],"about":[{"href":"https:\/\/medizinonline.com\/it\/wp-json\/wp\/v2\/types\/post"}],"author":[{"embeddable":true,"href":"https:\/\/medizinonline.com\/it\/wp-json\/wp\/v2\/users\/7"}],"replies":[{"embeddable":true,"href":"https:\/\/medizinonline.com\/it\/wp-json\/wp\/v2\/comments?post=410439"}],"version-history":[{"count":1,"href":"https:\/\/medizinonline.com\/it\/wp-json\/wp\/v2\/posts\/410439\/revisions"}],"predecessor-version":[{"id":410443,"href":"https:\/\/medizinonline.com\/it\/wp-json\/wp\/v2\/posts\/410439\/revisions\/410443"}],"wp:featuredmedia":[{"embeddable":true,"href":"https:\/\/medizinonline.com\/it\/wp-json\/wp\/v2\/media\/410442"}],"wp:attachment":[{"href":"https:\/\/medizinonline.com\/it\/wp-json\/wp\/v2\/media?parent=410439"}],"wp:term":[{"taxonomy":"category","embeddable":true,"href":"https:\/\/medizinonline.com\/it\/wp-json\/wp\/v2\/category?post=410439"},{"taxonomy":"post_tag","embeddable":true,"href":"https:\/\/medizinonline.com\/it\/wp-json\/wp\/v2\/tags?post=410439"},{"taxonomy":"powerkit_post_featured","embeddable":true,"href":"https:\/\/medizinonline.com\/it\/wp-json\/wp\/v2\/powerkit_post_featured?post=410439"}],"curies":[{"name":"wp","href":"https:\/\/api.w.org\/{rel}","templated":true}]}}