{"id":411019,"date":"2025-11-01T13:30:00","date_gmt":"2025-11-01T12:30:00","guid":{"rendered":"https:\/\/medizinonline.com\/?p=411019"},"modified":"2025-10-27T17:06:08","modified_gmt":"2025-10-27T16:06:08","slug":"affrontare-il-trauma-dopo-la-perdita-di-un-suicida-quali-sono-le-esperienze-efficaci-delle-persone-in-lutto","status":"publish","type":"post","link":"https:\/\/medizinonline.com\/it\/affrontare-il-trauma-dopo-la-perdita-di-un-suicida-quali-sono-le-esperienze-efficaci-delle-persone-in-lutto\/","title":{"rendered":"Affrontare il trauma dopo la perdita di un suicida: quali sono le esperienze efficaci delle persone in lutto?"},"content":{"rendered":"\n<p><strong>Ogni anno, oltre 100 milioni di persone nel mondo sono colpite dal suicidio. I sopravvissuti spesso subiscono traumi gravi e di lunga durata e hanno un rischio maggiore di malattie mentali e di pensieri suicidi. Una nuova meta-etnografia offre ora un modello per comprendere questo carico psicologico.  <\/strong><\/p>\n\n<div class=\"pmpro\"><div class=\"pmpro_card pmpro_content_message\"><div class=\"pmpro_card_content\">Dieser Inhalt ist nur f\u00fcr Benutzer der Gruppe: Medizinische Fachperson zug\u00e4nglich <br \/><a href=\"https:\/\/medizinonline.com\/it\/il-mio-conto\/pacchetti\/\">Jetzt beitreten<\/a><\/div><div class=\"pmpro_card_actions pmpro_font-medium\">Already a member? <a href=\"https:\/\/medizinonline.com\/it\/effettuare-il-login\/?redirect_to=https%3A%2F%2Fmedizinonline.com%2Fit%2Faffrontare-il-trauma-dopo-la-perdita-di-un-suicida-quali-sono-le-esperienze-efficaci-delle-persone-in-lutto%2F\">Accedi<\/a><\/div><\/div><\/div>","protected":false},"excerpt":{"rendered":"<p>Ogni anno, oltre 100 milioni di persone nel mondo sono colpite dal suicidio. I sopravvissuti spesso subiscono traumi gravi e di lunga durata e hanno un rischio maggiore di malattie&#8230;&hellip;... <\/p>\n<div class=\"pmpro\"><div class=\"pmpro_card pmpro_content_message\"><div class=\"pmpro_card_content\">Dieser Inhalt ist nur f\u00fcr Benutzer der Gruppe: Medizinische Fachperson zug\u00e4nglich <br \/><a href=\"https:\/\/medizinonline.com\/it\/il-mio-conto\/pacchetti\/\">Jetzt beitreten<\/a><\/div><div class=\"pmpro_card_actions pmpro_font-medium\">Already a member? <a href=\"https:\/\/medizinonline.com\/it\/effettuare-il-login\/?redirect_to=https%3A%2F%2Fmedizinonline.com%2Fit%2Faffrontare-il-trauma-dopo-la-perdita-di-un-suicida-quali-sono-le-esperienze-efficaci-delle-persone-in-lutto%2F\">Accedi<\/a><\/div><\/div><\/div>","protected":false},"author":7,"featured_media":411020,"comment_status":"closed","ping_status":"closed","sticky":false,"template":"","format":"standard","meta":{"_acf_changed":false,"pmpro_default_level":"","cat_1_feature_home_top":false,"cat_2_editor_pick":false,"csco_eyebrow_text":"Suicidio","footnotes":""},"category":[11452,11519,11473,11479,11550,11515],"tags":[85833,18189,24111],"powerkit_post_featured":[],"class_list":["post-411019","post","type-post","status-publish","format-standard","has-post-thumbnail","category-farmacologia-e-tossicologia","category-formazione-continua","category-prevenzione-e-assistenza-sanitaria","category-psichiatria-e-psicoterapia","category-rx-it","category-studi","tag-i-sopravvissuti","tag-lutto","tag-suicidio","pmpro-level-required","pmpro-level-1","pmpro-no-access"],"acf":[],"publishpress_future_action":{"enabled":false,"date":"2026-05-05 08:24:16","action":"change-status","newStatus":"draft","terms":[],"taxonomy":"category","extraData":[]},"publishpress_future_workflow_manual_trigger":{"enabledWorkflows":[]},"wpml_current_locale":"it_IT","wpml_translations":{"pt_PT":{"locale":"pt_PT","id":411011,"slug":"lidar-com-o-trauma-apos-a-perda-por-suicidio-o-que-e-que-as-pessoas-em-luto-consideram-eficaz","post_title":"Lidar com o trauma ap\u00f3s a perda por suic\u00eddio: o que \u00e9 que as pessoas em luto consideram eficaz?","href":"https:\/\/medizinonline.com\/pt-pt\/lidar-com-o-trauma-apos-a-perda-por-suicidio-o-que-e-que-as-pessoas-em-luto-consideram-eficaz\/"},"es_ES":{"locale":"es_ES","id":411022,"slug":"afrontar-el-trauma-tras-la-perdida-por-suicidio-que-experimentan-las-personas-en-duelo-como-eficaz","post_title":"Afrontar el trauma tras la p\u00e9rdida por suicidio: \u00bfQu\u00e9 experimentan las personas en duelo como eficaz?","href":"https:\/\/medizinonline.com\/es\/afrontar-el-trauma-tras-la-perdida-por-suicidio-que-experimentan-las-personas-en-duelo-como-eficaz\/"}},"_links":{"self":[{"href":"https:\/\/medizinonline.com\/it\/wp-json\/wp\/v2\/posts\/411019","targetHints":{"allow":["GET"]}}],"collection":[{"href":"https:\/\/medizinonline.com\/it\/wp-json\/wp\/v2\/posts"}],"about":[{"href":"https:\/\/medizinonline.com\/it\/wp-json\/wp\/v2\/types\/post"}],"author":[{"embeddable":true,"href":"https:\/\/medizinonline.com\/it\/wp-json\/wp\/v2\/users\/7"}],"replies":[{"embeddable":true,"href":"https:\/\/medizinonline.com\/it\/wp-json\/wp\/v2\/comments?post=411019"}],"version-history":[{"count":3,"href":"https:\/\/medizinonline.com\/it\/wp-json\/wp\/v2\/posts\/411019\/revisions"}],"predecessor-version":[{"id":411026,"href":"https:\/\/medizinonline.com\/it\/wp-json\/wp\/v2\/posts\/411019\/revisions\/411026"}],"wp:featuredmedia":[{"embeddable":true,"href":"https:\/\/medizinonline.com\/it\/wp-json\/wp\/v2\/media\/411020"}],"wp:attachment":[{"href":"https:\/\/medizinonline.com\/it\/wp-json\/wp\/v2\/media?parent=411019"}],"wp:term":[{"taxonomy":"category","embeddable":true,"href":"https:\/\/medizinonline.com\/it\/wp-json\/wp\/v2\/category?post=411019"},{"taxonomy":"post_tag","embeddable":true,"href":"https:\/\/medizinonline.com\/it\/wp-json\/wp\/v2\/tags?post=411019"},{"taxonomy":"powerkit_post_featured","embeddable":true,"href":"https:\/\/medizinonline.com\/it\/wp-json\/wp\/v2\/powerkit_post_featured?post=411019"}],"curies":[{"name":"wp","href":"https:\/\/api.w.org\/{rel}","templated":true}]}}