{"id":458551,"date":"2026-01-21T00:30:00","date_gmt":"2026-01-20T23:30:00","guid":{"rendered":"https:\/\/medizinonline.com\/una-selezione-piu-ampia-di-profilattici-innovativi-per-lemicrania-e-di-terapie-acute\/"},"modified":"2026-01-20T22:23:05","modified_gmt":"2026-01-20T21:23:05","slug":"una-selezione-piu-ampia-di-profilattici-innovativi-per-lemicrania-e-di-terapie-acute","status":"publish","type":"post","link":"https:\/\/medizinonline.com\/it\/una-selezione-piu-ampia-di-profilattici-innovativi-per-lemicrania-e-di-terapie-acute\/","title":{"rendered":"Una selezione pi\u00f9 ampia di profilattici innovativi per l&#8217;emicrania e di terapie acute."},"content":{"rendered":"\n<p><strong>Il fatto che la terapia dell&#8217;emicrania stia cambiando si riflette anche nella recente pubblicazione della linea guida S1 aggiornata &#8220;Trattamento degli attacchi di emicrania e profilassi dell&#8217;emicrania&#8221;. Sebbene i triptani siano ancora i farmaci standard per il trattamento degli attacchi di emicrania acuta, nuovi principi attivi stanno ampliando l&#8217;arsenale terapeutico. Sono stati fatti progressi anche nella profilassi dell&#8217;emicrania &#8211; ad esempio, due nuovi antagonisti orali del recettore CGRP si sono affermati come alternative terapeutiche. Queste sono solo alcune delle innovazioni che dovrebbero contribuire a ottimizzare la cura dei pazienti affetti da emicrania.   <\/strong><\/p>\n\n<div class=\"pmpro\"><div class=\"pmpro_card pmpro_content_message\"><div class=\"pmpro_card_content\">Dieser Inhalt ist nur f\u00fcr Benutzer der Gruppe: Medizinische Fachperson zug\u00e4nglich <br \/><a href=\"https:\/\/medizinonline.com\/it\/il-mio-conto\/pacchetti\/\">Jetzt beitreten<\/a><\/div><div class=\"pmpro_card_actions pmpro_font-medium\">Already a member? <a href=\"https:\/\/medizinonline.com\/it\/effettuare-il-login\/?redirect_to=https%3A%2F%2Fmedizinonline.com%2Fit%2Funa-selezione-piu-ampia-di-profilattici-innovativi-per-lemicrania-e-di-terapie-acute%2F\">Accedi<\/a><\/div><\/div><\/div>","protected":false},"excerpt":{"rendered":"<p>Il fatto che la terapia dell&#8217;emicrania stia cambiando si riflette anche nella recente pubblicazione della linea guida S1 aggiornata &#8220;Trattamento degli attacchi di emicrania e profilassi dell&#8217;emicrania&#8221;. Sebbene i triptani&#8230;&hellip;... <\/p>\n<div class=\"pmpro\"><div class=\"pmpro_card pmpro_content_message\"><div class=\"pmpro_card_content\">Dieser Inhalt ist nur f\u00fcr Benutzer der Gruppe: Medizinische Fachperson zug\u00e4nglich <br \/><a href=\"https:\/\/medizinonline.com\/it\/il-mio-conto\/pacchetti\/\">Jetzt beitreten<\/a><\/div><div class=\"pmpro_card_actions pmpro_font-medium\">Already a member? <a href=\"https:\/\/medizinonline.com\/it\/effettuare-il-login\/?redirect_to=https%3A%2F%2Fmedizinonline.com%2Fit%2Funa-selezione-piu-ampia-di-profilattici-innovativi-per-lemicrania-e-di-terapie-acute%2F\">Accedi<\/a><\/div><\/div><\/div>","protected":false},"author":7,"featured_media":458552,"comment_status":"closed","ping_status":"closed","sticky":false,"template":"","format":"standard","meta":{"_acf_changed":false,"pmpro_default_level":"","cat_1_feature_home_top":false,"cat_2_editor_pick":false,"csco_eyebrow_text":"Emicrania: migliore qualit\u00e0 di vita grazie alla cura multimodale","footnotes":""},"category":[11452,11371,11522,11550,11515],"tags":[87183,87180,19781,13884,81158,81454,87182,16137,20029,24008,87181],"powerkit_post_featured":[],"class_list":["post-458551","post","type-post","status-publish","format-standard","has-post-thumbnail","category-farmacologia-e-tossicologia","category-neurologia-it","category-rapporti-del-congresso","category-rx-it","category-studi","tag-antagonisti-orali-del-recettore-cgrp","tag-atogepant","tag-cgrp-it","tag-emicrania","tag-ghepardo","tag-linea-guida-s1","tag-profilassi-dellemicrania-2","tag-profilassi-dellemicrania","tag-terapia-acuta","tag-terapia-dellemicrania","tag-terapie-acute","pmpro-level-required","pmpro-level-1","pmpro-no-access"],"acf":[],"publishpress_future_action":{"enabled":false,"date":"2026-05-03 13:02:31","action":"change-status","newStatus":"draft","terms":[],"taxonomy":"category","extraData":[]},"publishpress_future_workflow_manual_trigger":{"enabledWorkflows":[]},"wpml_current_locale":"it_IT","wpml_translations":{"pt_PT":{"locale":"pt_PT","id":458628,"slug":"maior-selecao-de-profilacticos-inovadores-para-a-enxaqueca-e-terapias-agudas","post_title":"Maior sele\u00e7\u00e3o de profil\u00e1cticos inovadores para a enxaqueca e terapias agudas","href":"https:\/\/medizinonline.com\/pt-pt\/maior-selecao-de-profilacticos-inovadores-para-a-enxaqueca-e-terapias-agudas\/"},"es_ES":{"locale":"es_ES","id":458548,"slug":"una-seleccion-mas-amplia-de-profilacticos-innovadores-para-la-migrana-y-terapias-agudas","post_title":"Una selecci\u00f3n m\u00e1s amplia de profil\u00e1cticos innovadores para la migra\u00f1a y terapias agudas","href":"https:\/\/medizinonline.com\/es\/una-seleccion-mas-amplia-de-profilacticos-innovadores-para-la-migrana-y-terapias-agudas\/"}},"_links":{"self":[{"href":"https:\/\/medizinonline.com\/it\/wp-json\/wp\/v2\/posts\/458551","targetHints":{"allow":["GET"]}}],"collection":[{"href":"https:\/\/medizinonline.com\/it\/wp-json\/wp\/v2\/posts"}],"about":[{"href":"https:\/\/medizinonline.com\/it\/wp-json\/wp\/v2\/types\/post"}],"author":[{"embeddable":true,"href":"https:\/\/medizinonline.com\/it\/wp-json\/wp\/v2\/users\/7"}],"replies":[{"embeddable":true,"href":"https:\/\/medizinonline.com\/it\/wp-json\/wp\/v2\/comments?post=458551"}],"version-history":[{"count":1,"href":"https:\/\/medizinonline.com\/it\/wp-json\/wp\/v2\/posts\/458551\/revisions"}],"predecessor-version":[{"id":458553,"href":"https:\/\/medizinonline.com\/it\/wp-json\/wp\/v2\/posts\/458551\/revisions\/458553"}],"wp:featuredmedia":[{"embeddable":true,"href":"https:\/\/medizinonline.com\/it\/wp-json\/wp\/v2\/media\/458552"}],"wp:attachment":[{"href":"https:\/\/medizinonline.com\/it\/wp-json\/wp\/v2\/media?parent=458551"}],"wp:term":[{"taxonomy":"category","embeddable":true,"href":"https:\/\/medizinonline.com\/it\/wp-json\/wp\/v2\/category?post=458551"},{"taxonomy":"post_tag","embeddable":true,"href":"https:\/\/medizinonline.com\/it\/wp-json\/wp\/v2\/tags?post=458551"},{"taxonomy":"powerkit_post_featured","embeddable":true,"href":"https:\/\/medizinonline.com\/it\/wp-json\/wp\/v2\/powerkit_post_featured?post=458551"}],"curies":[{"name":"wp","href":"https:\/\/api.w.org\/{rel}","templated":true}]}}