{"id":459081,"date":"2026-01-18T00:30:00","date_gmt":"2026-01-17T23:30:00","guid":{"rendered":"https:\/\/medizinonline.com\/promuovere-lalfabetizzazione-sanitaria-dal-livello-astratto-a-quello-concreto\/"},"modified":"2026-01-18T14:54:48","modified_gmt":"2026-01-18T13:54:48","slug":"promuovere-lalfabetizzazione-sanitaria-dal-livello-astratto-a-quello-concreto","status":"publish","type":"post","link":"https:\/\/medizinonline.com\/it\/promuovere-lalfabetizzazione-sanitaria-dal-livello-astratto-a-quello-concreto\/","title":{"rendered":"Promuovere l&#8217;alfabetizzazione sanitaria: dal livello astratto a quello concreto"},"content":{"rendered":"\n<p><strong>La strategia di politica sanitaria del Consiglio federale &#8220;Salute 2030&#8221; definisce un quadro d&#8217;azione per la politica sanitaria volto a garantire l&#8217;assistenza sanitaria nei prossimi anni. Il secondo degli otto obiettivi della strategia riguarda il rafforzamento dell&#8217;alfabetizzazione sanitaria della popolazione residente in Svizzera. <\/strong><\/p>\n\n\n\n<div class=\"pmpro\"><div class=\"pmpro_card pmpro_content_message\"><div class=\"pmpro_card_content\">Dieser Inhalt ist nur f\u00fcr Benutzer der Gruppe: Medizinische Fachperson zug\u00e4nglich <br \/><a href=\"https:\/\/medizinonline.com\/it\/il-mio-conto\/pacchetti\/\">Jetzt beitreten<\/a><\/div><div class=\"pmpro_card_actions pmpro_font-medium\">Already a member? <a href=\"https:\/\/medizinonline.com\/it\/effettuare-il-login\/?redirect_to=https%3A%2F%2Fmedizinonline.com%2Fit%2Fpromuovere-lalfabetizzazione-sanitaria-dal-livello-astratto-a-quello-concreto%2F\">Accedi<\/a><\/div><\/div><\/div>","protected":false},"excerpt":{"rendered":"<p>La strategia di politica sanitaria del Consiglio federale &#8220;Salute 2030&#8221; definisce un quadro d&#8217;azione per la politica sanitaria volto a garantire l&#8217;assistenza sanitaria nei prossimi anni. Il secondo degli otto&#8230;&hellip;... <\/p>\n<div class=\"pmpro\"><div class=\"pmpro_card pmpro_content_message\"><div class=\"pmpro_card_content\">Dieser Inhalt ist nur f\u00fcr Benutzer der Gruppe: Medizinische Fachperson zug\u00e4nglich <br \/><a href=\"https:\/\/medizinonline.com\/it\/il-mio-conto\/pacchetti\/\">Jetzt beitreten<\/a><\/div><div class=\"pmpro_card_actions pmpro_font-medium\">Already a member? <a href=\"https:\/\/medizinonline.com\/it\/effettuare-il-login\/?redirect_to=https%3A%2F%2Fmedizinonline.com%2Fit%2Fpromuovere-lalfabetizzazione-sanitaria-dal-livello-astratto-a-quello-concreto%2F\">Accedi<\/a><\/div><\/div><\/div>","protected":false},"author":7,"featured_media":459086,"comment_status":"closed","ping_status":"closed","sticky":false,"template":"","format":"standard","meta":{"_acf_changed":false,"pmpro_default_level":"","cat_1_feature_home_top":false,"cat_2_editor_pick":false,"csco_eyebrow_text":"Alfabetizzazione sanitaria","footnotes":""},"category":[11540,11306,11473,11550,11515],"tags":[12342,65273,87340],"powerkit_post_featured":[],"class_list":["post-459081","post","type-post","status-publish","format-standard","has-post-thumbnail","category-gestione-dello-studio","category-medicina-interna-generale","category-prevenzione-e-assistenza-sanitaria","category-rx-it","category-studi","tag-alfabetizzazione-sanitaria","tag-alfabetizzazione-sanitaria-it","tag-salute-2030","pmpro-level-required","pmpro-level-1","pmpro-no-access"],"acf":[],"publishpress_future_action":{"enabled":false,"date":"2026-05-03 15:38:18","action":"change-status","newStatus":"draft","terms":[],"taxonomy":"category","extraData":[]},"publishpress_future_workflow_manual_trigger":{"enabledWorkflows":[]},"wpml_current_locale":"it_IT","wpml_translations":{"pt_PT":{"locale":"pt_PT","id":459095,"slug":"promover-a-literacia-em-saude-do-nivel-abstrato-ao-nivel-concreto","post_title":"Promover a literacia em sa\u00fade: do n\u00edvel abstrato ao n\u00edvel concreto","href":"https:\/\/medizinonline.com\/pt-pt\/promover-a-literacia-em-saude-do-nivel-abstrato-ao-nivel-concreto\/"},"es_ES":{"locale":"es_ES","id":459098,"slug":"promover-la-alfabetizacion-sanitaria-de-lo-abstracto-a-lo-concreto","post_title":"Promover la alfabetizaci\u00f3n sanitaria: de lo abstracto a lo concreto","href":"https:\/\/medizinonline.com\/es\/promover-la-alfabetizacion-sanitaria-de-lo-abstracto-a-lo-concreto\/"}},"_links":{"self":[{"href":"https:\/\/medizinonline.com\/it\/wp-json\/wp\/v2\/posts\/459081","targetHints":{"allow":["GET"]}}],"collection":[{"href":"https:\/\/medizinonline.com\/it\/wp-json\/wp\/v2\/posts"}],"about":[{"href":"https:\/\/medizinonline.com\/it\/wp-json\/wp\/v2\/types\/post"}],"author":[{"embeddable":true,"href":"https:\/\/medizinonline.com\/it\/wp-json\/wp\/v2\/users\/7"}],"replies":[{"embeddable":true,"href":"https:\/\/medizinonline.com\/it\/wp-json\/wp\/v2\/comments?post=459081"}],"version-history":[{"count":2,"href":"https:\/\/medizinonline.com\/it\/wp-json\/wp\/v2\/posts\/459081\/revisions"}],"predecessor-version":[{"id":460830,"href":"https:\/\/medizinonline.com\/it\/wp-json\/wp\/v2\/posts\/459081\/revisions\/460830"}],"wp:featuredmedia":[{"embeddable":true,"href":"https:\/\/medizinonline.com\/it\/wp-json\/wp\/v2\/media\/459086"}],"wp:attachment":[{"href":"https:\/\/medizinonline.com\/it\/wp-json\/wp\/v2\/media?parent=459081"}],"wp:term":[{"taxonomy":"category","embeddable":true,"href":"https:\/\/medizinonline.com\/it\/wp-json\/wp\/v2\/category?post=459081"},{"taxonomy":"post_tag","embeddable":true,"href":"https:\/\/medizinonline.com\/it\/wp-json\/wp\/v2\/tags?post=459081"},{"taxonomy":"powerkit_post_featured","embeddable":true,"href":"https:\/\/medizinonline.com\/it\/wp-json\/wp\/v2\/powerkit_post_featured?post=459081"}],"curies":[{"name":"wp","href":"https:\/\/api.w.org\/{rel}","templated":true}]}}