{"id":459162,"date":"2025-12-18T00:30:00","date_gmt":"2025-12-17T23:30:00","guid":{"rendered":"https:\/\/medizinonline.com\/?p=459162"},"modified":"2025-12-11T16:16:11","modified_gmt":"2025-12-11T15:16:11","slug":"dalla-%ce%b2-cellula-al-centro-il-ruolo-versatile-dellamilina-2","status":"publish","type":"post","link":"https:\/\/medizinonline.com\/it\/dalla-%ce%b2-cellula-al-centro-il-ruolo-versatile-dellamilina-2\/","title":{"rendered":"Dalla \u03b2-cellula al centro: il ruolo versatile dell&#8217;amilina"},"content":{"rendered":"\n<p><strong>Sebbene l&#8217;amilina sia stata scoperta decenni fa, la sua importanza nella pratica clinica quotidiana \u00e8 stata a lungo sottovalutata. I nuovi sviluppi farmacologici stanno portando l&#8217;amilina sempre pi\u00f9 al centro della terapia del diabete e dell&#8217;obesit\u00e0 e gli analoghi dell&#8217;amilina, alcuni dei quali sono gi\u00e0 stati sottoposti a studi clinici di fase 3, sono ora tra gli approcci pi\u00f9 promettenti nella farmacoterapia del sovrappeso e dell&#8217;obesit\u00e0. <\/strong><\/p>\n\n\n\n<div class=\"pmpro\"><div class=\"pmpro_card pmpro_content_message\"><div class=\"pmpro_card_content\">Dieser Inhalt ist nur f\u00fcr Benutzer der Gruppe: Medizinische Fachperson zug\u00e4nglich <br \/><a href=\"https:\/\/medizinonline.com\/it\/il-mio-conto\/pacchetti\/\">Jetzt beitreten<\/a><\/div><div class=\"pmpro_card_actions pmpro_font-medium\">Already a member? <a href=\"https:\/\/medizinonline.com\/it\/effettuare-il-login\/?redirect_to=https%3A%2F%2Fmedizinonline.com%2Fit%2Fdalla-%25ce%25b2-cellula-al-centro-il-ruolo-versatile-dellamilina-2%2F\">Accedi<\/a><\/div><\/div><\/div>","protected":false},"excerpt":{"rendered":"<p>Sebbene l&#8217;amilina sia stata scoperta decenni fa, la sua importanza nella pratica clinica quotidiana \u00e8 stata a lungo sottovalutata. I nuovi sviluppi farmacologici stanno portando l&#8217;amilina sempre pi\u00f9 al centro&#8230;&hellip;... <\/p>\n<div class=\"pmpro\"><div class=\"pmpro_card pmpro_content_message\"><div class=\"pmpro_card_content\">Dieser Inhalt ist nur f\u00fcr Benutzer der Gruppe: Medizinische Fachperson zug\u00e4nglich <br \/><a href=\"https:\/\/medizinonline.com\/it\/il-mio-conto\/pacchetti\/\">Jetzt beitreten<\/a><\/div><div class=\"pmpro_card_actions pmpro_font-medium\">Already a member? <a href=\"https:\/\/medizinonline.com\/it\/effettuare-il-login\/?redirect_to=https%3A%2F%2Fmedizinonline.com%2Fit%2Fdalla-%25ce%25b2-cellula-al-centro-il-ruolo-versatile-dellamilina-2%2F\">Accedi<\/a><\/div><\/div><\/div>","protected":false},"author":7,"featured_media":459175,"comment_status":"closed","ping_status":"closed","sticky":false,"template":"","format":"standard","meta":{"_acf_changed":false,"pmpro_default_level":"","cat_1_feature_home_top":false,"cat_2_editor_pick":false,"csco_eyebrow_text":"Alternativa all'insulina e al GLP1","footnotes":""},"category":[11392,22617,11550,11515],"tags":[86639,86639,86633,12013,86636,74234,11671,12431,86640,86640,86638],"powerkit_post_featured":[],"class_list":{"0":"post-459162","1":"post","2":"type-post","3":"status-publish","4":"format-standard","5":"has-post-thumbnail","6":"category-endocrinologia-e-diabetologia","7":"category-formazione-ecm","8":"category-rx-it","9":"category-studi","10":"tag-amilina","12":"tag-cellule-","13":"tag-diabete-di-tipo-2-it","14":"tag-formazione-di-amiloide","15":"tag-glp1-ra-it","16":"tag-insulina-it","17":"tag-obesita","18":"tag-pramlintide","20":"tag-secrezione-di-glucagone","21":"pmpro-level-required","22":"pmpro-level-1","23":"pmpro-no-access"},"acf":[],"publishpress_future_action":{"enabled":false,"date":"2026-05-03 16:06:17","action":"change-status","newStatus":"draft","terms":[],"taxonomy":"category","extraData":[]},"publishpress_future_workflow_manual_trigger":{"enabledWorkflows":[]},"wpml_current_locale":"it_IT","wpml_translations":{"pt_PT":{"locale":"pt_PT","id":459163,"slug":"da-celula-%ce%b2-ao-centro-o-papel-versatil-da-amilina-2","post_title":"Da c\u00e9lula \u03b2 ao centro: o papel vers\u00e1til da amilina","href":"https:\/\/medizinonline.com\/pt-pt\/da-celula-%ce%b2-ao-centro-o-papel-versatil-da-amilina-2\/"},"es_ES":{"locale":"es_ES","id":459164,"slug":"de-la-celula-%ce%b2-al-centro-el-papel-versatil-de-la-amilina-2","post_title":"De la c\u00e9lula \u03b2 al centro: el papel vers\u00e1til de la amilina","href":"https:\/\/medizinonline.com\/es\/de-la-celula-%ce%b2-al-centro-el-papel-versatil-de-la-amilina-2\/"}},"_links":{"self":[{"href":"https:\/\/medizinonline.com\/it\/wp-json\/wp\/v2\/posts\/459162","targetHints":{"allow":["GET"]}}],"collection":[{"href":"https:\/\/medizinonline.com\/it\/wp-json\/wp\/v2\/posts"}],"about":[{"href":"https:\/\/medizinonline.com\/it\/wp-json\/wp\/v2\/types\/post"}],"author":[{"embeddable":true,"href":"https:\/\/medizinonline.com\/it\/wp-json\/wp\/v2\/users\/7"}],"replies":[{"embeddable":true,"href":"https:\/\/medizinonline.com\/it\/wp-json\/wp\/v2\/comments?post=459162"}],"version-history":[{"count":2,"href":"https:\/\/medizinonline.com\/it\/wp-json\/wp\/v2\/posts\/459162\/revisions"}],"predecessor-version":[{"id":459254,"href":"https:\/\/medizinonline.com\/it\/wp-json\/wp\/v2\/posts\/459162\/revisions\/459254"}],"wp:featuredmedia":[{"embeddable":true,"href":"https:\/\/medizinonline.com\/it\/wp-json\/wp\/v2\/media\/459175"}],"wp:attachment":[{"href":"https:\/\/medizinonline.com\/it\/wp-json\/wp\/v2\/media?parent=459162"}],"wp:term":[{"taxonomy":"category","embeddable":true,"href":"https:\/\/medizinonline.com\/it\/wp-json\/wp\/v2\/category?post=459162"},{"taxonomy":"post_tag","embeddable":true,"href":"https:\/\/medizinonline.com\/it\/wp-json\/wp\/v2\/tags?post=459162"},{"taxonomy":"powerkit_post_featured","embeddable":true,"href":"https:\/\/medizinonline.com\/it\/wp-json\/wp\/v2\/powerkit_post_featured?post=459162"}],"curies":[{"name":"wp","href":"https:\/\/api.w.org\/{rel}","templated":true}]}}