{"id":459788,"date":"2026-01-09T13:25:00","date_gmt":"2026-01-09T12:25:00","guid":{"rendered":"https:\/\/medizinonline.com\/inibizione-dellil-23-nella-psoriasi-del-cuoio-capelluto-cosa-ce-di-nuovo\/"},"modified":"2026-01-09T14:41:34","modified_gmt":"2026-01-09T13:41:34","slug":"inibizione-dellil-23-nella-psoriasi-del-cuoio-capelluto-cosa-ce-di-nuovo","status":"publish","type":"post","link":"https:\/\/medizinonline.com\/it\/inibizione-dellil-23-nella-psoriasi-del-cuoio-capelluto-cosa-ce-di-nuovo\/","title":{"rendered":"Inibizione dell&#8217;IL-23 nella psoriasi del cuoio capelluto: cosa c&#8217;\u00e8 di nuovo?"},"content":{"rendered":"\n<p class=\"wp-block-paragraph\"><strong>Il coinvolgimento del cuoio capelluto \u00e8 comune nei pazienti affetti da psoriasi e pu\u00f2 indurre un notevole disagio con effetti talvolta significativi sulla qualit\u00e0 della vita. Oltre ai nuovi risultati degli studi sui tre inibitori dell&#8217;interleuchina (IL)-23p19 gi\u00e0 affermati, guselkumab, tildrakizumab e risankizumab, al <em>Meeting annuale dell&#8217;EADV<\/em> di quest&#8217;anno sono state presentate anche nuove analisi post-hoc dei dati di fase III su picankibart. <\/strong><\/p>\n\n<div class=\"pmpro\"><div class=\"pmpro_card pmpro_content_message\"><div class=\"pmpro_card_content\">Dieser Inhalt ist nur f\u00fcr Benutzer der Gruppe: Medizinische Fachperson zug\u00e4nglich <br \/><a href=\"https:\/\/medizinonline.com\/it\/il-mio-conto\/pacchetti\/\">Jetzt beitreten<\/a><\/div><div class=\"pmpro_card_actions pmpro_font-medium\">Already a member? <a href=\"https:\/\/medizinonline.com\/it\/effettuare-il-login\/?redirect_to=https%3A%2F%2Fmedizinonline.com%2Fit%2Finibizione-dellil-23-nella-psoriasi-del-cuoio-capelluto-cosa-ce-di-nuovo%2F\">Accedi<\/a><\/div><\/div><\/div>","protected":false},"excerpt":{"rendered":"<p>Il coinvolgimento del cuoio capelluto \u00e8 comune nei pazienti affetti da psoriasi e pu\u00f2 indurre un notevole disagio con effetti talvolta significativi sulla qualit\u00e0 della vita. Oltre ai nuovi risultati&#8230;&hellip;... <\/p>\n<div class=\"pmpro\"><div class=\"pmpro_card pmpro_content_message\"><div class=\"pmpro_card_content\">Dieser Inhalt ist nur f\u00fcr Benutzer der Gruppe: Medizinische Fachperson zug\u00e4nglich <br \/><a href=\"https:\/\/medizinonline.com\/it\/il-mio-conto\/pacchetti\/\">Jetzt beitreten<\/a><\/div><div class=\"pmpro_card_actions pmpro_font-medium\">Already a member? <a href=\"https:\/\/medizinonline.com\/it\/effettuare-il-login\/?redirect_to=https%3A%2F%2Fmedizinonline.com%2Fit%2Finibizione-dellil-23-nella-psoriasi-del-cuoio-capelluto-cosa-ce-di-nuovo%2F\">Accedi<\/a><\/div><\/div><\/div>","protected":false},"author":7,"featured_media":459796,"comment_status":"closed","ping_status":"closed","sticky":false,"template":"","format":"standard","meta":{"_acf_changed":false,"pmpro_default_level":"","cat_1_feature_home_top":false,"cat_2_editor_pick":false,"csco_eyebrow_text":"Terapia basata sull'evidenza per la psoriasi nelle localizzazioni difficili","footnotes":"","_members_access_role":[],"_members_access_error":""},"category":[11550,11351,11522,11494,11515],"tags":[87662,87505,5291,9494,81549,87663,87670,12981,12989,73270,9361,67536,87668,87507],"powerkit_post_featured":[],"class_list":["post-459788","post","type-post","status-publish","format-standard","has-post-thumbnail","category-rx-it","category-dermatologia-e-venereologia","category-rapporti-del-congresso","category-reumatologia-it","category-studi","tag-barba-picani","tag-clear-1","tag-eadv","tag-guselkumab","tag-inibizione-dellil-23","tag-localizzazioni-difficili","tag-non-limitato","tag-psoriasi","tag-psoriasi-capitis","tag-psoriasi-del-cuoio-capelluto","tag-risankizumab","tag-tildrakizumab","tag-visibile","tag-zodipso","pmpro-level-required","pmpro-level-1","pmpro-no-access"],"acf":[],"publishpress_future_action":{"enabled":false,"date":"2026-09-07 11:14:58","action":"change-status","newStatus":"draft","terms":[],"taxonomy":"category","extraData":[]},"publishpress_future_workflow_manual_trigger":{"enabledWorkflows":[]},"wpml_current_locale":"it_IT","wpml_translations":{"pt_PT":{"locale":"pt_PT","id":459785,"slug":"inibicao-da-il-23-na-psoriase-do-couro-cabeludo-o-que-ha-de-novo","post_title":"Inibi\u00e7\u00e3o da IL-23 na psor\u00edase do couro cabeludo: o que h\u00e1 de novo?","href":"https:\/\/medizinonline.com\/pt-pt\/inibicao-da-il-23-na-psoriase-do-couro-cabeludo-o-que-ha-de-novo\/"},"es_ES":{"locale":"es_ES","id":459798,"slug":"inhibicion-de-la-il-23-en-la-psoriasis-del-cuero-cabelludo-que-hay-de-nuevo","post_title":"Inhibici\u00f3n de la IL-23 en la psoriasis del cuero cabelludo: \u00bfQu\u00e9 hay de nuevo?","href":"https:\/\/medizinonline.com\/es\/inhibicion-de-la-il-23-en-la-psoriasis-del-cuero-cabelludo-que-hay-de-nuevo\/"}},"_links":{"self":[{"href":"https:\/\/medizinonline.com\/it\/wp-json\/wp\/v2\/posts\/459788","targetHints":{"allow":["GET"]}}],"collection":[{"href":"https:\/\/medizinonline.com\/it\/wp-json\/wp\/v2\/posts"}],"about":[{"href":"https:\/\/medizinonline.com\/it\/wp-json\/wp\/v2\/types\/post"}],"author":[{"embeddable":true,"href":"https:\/\/medizinonline.com\/it\/wp-json\/wp\/v2\/users\/7"}],"replies":[{"embeddable":true,"href":"https:\/\/medizinonline.com\/it\/wp-json\/wp\/v2\/comments?post=459788"}],"version-history":[{"count":1,"href":"https:\/\/medizinonline.com\/it\/wp-json\/wp\/v2\/posts\/459788\/revisions"}],"predecessor-version":[{"id":459797,"href":"https:\/\/medizinonline.com\/it\/wp-json\/wp\/v2\/posts\/459788\/revisions\/459797"}],"wp:featuredmedia":[{"embeddable":true,"href":"https:\/\/medizinonline.com\/it\/wp-json\/wp\/v2\/media\/459796"}],"wp:attachment":[{"href":"https:\/\/medizinonline.com\/it\/wp-json\/wp\/v2\/media?parent=459788"}],"wp:term":[{"taxonomy":"category","embeddable":true,"href":"https:\/\/medizinonline.com\/it\/wp-json\/wp\/v2\/category?post=459788"},{"taxonomy":"post_tag","embeddable":true,"href":"https:\/\/medizinonline.com\/it\/wp-json\/wp\/v2\/tags?post=459788"},{"taxonomy":"powerkit_post_featured","embeddable":true,"href":"https:\/\/medizinonline.com\/it\/wp-json\/wp\/v2\/powerkit_post_featured?post=459788"}],"curies":[{"name":"wp","href":"https:\/\/api.w.org\/{rel}","templated":true}]}}