{"id":460503,"date":"2026-01-18T13:15:00","date_gmt":"2026-01-18T12:15:00","guid":{"rendered":"https:\/\/medizinonline.com\/disfunzione-mitocondriale-e-metabolismo-energetico\/"},"modified":"2026-01-18T14:47:41","modified_gmt":"2026-01-18T13:47:41","slug":"disfunzione-mitocondriale-e-metabolismo-energetico","status":"publish","type":"post","link":"https:\/\/medizinonline.com\/it\/disfunzione-mitocondriale-e-metabolismo-energetico\/","title":{"rendered":"Disfunzione mitocondriale e metabolismo energetico"},"content":{"rendered":"\n<p><strong>La disfunzione mitocondriale non \u00e8 definita come un &#8220;problema ATP&#8221; isolato nel quadro degli Hallmark dell&#8217;invecchiamento, ma come un cambiamento sistemico nella bioenergetica, nella segnalazione redox, nel controllo della qualit\u00e0 e nel metabolismo immunitario. Nell&#8217;aggiornamento degli Hallmark (2023), l&#8217;asse mitocondriale rimane centrale e interagisce esplicitamente con la &#8220;macroautofagia disabilitata&#8221;, l&#8217;infiammazione cronica e altri Hallmark. Per la pratica medica, questo comporta un duplice compito: comprendere i meccanismi in modo scientificamente corretto (compresa la loro adattabilit\u00e0 e specificit\u00e0 tissutale) e mantenere la traduzione clinica basata sull&#8217;evidenza &#8211; soprattutto quando gli interventi mirati ai mitocondri sono sempre pi\u00f9 commercializzati come &#8220;longevit\u00e0&#8221;, ma la situazione dei dati \u00e8 ancora endpoint e dipendente dalla popolazione.  <\/strong><\/p>\n\n<div class=\"pmpro\"><div class=\"pmpro_card pmpro_content_message\"><div class=\"pmpro_card_content\">Dieser Inhalt ist nur f\u00fcr Benutzer der Gruppe: Medizinische Fachperson zug\u00e4nglich <br \/><a href=\"https:\/\/medizinonline.com\/it\/il-mio-conto\/pacchetti\/\">Jetzt beitreten<\/a><\/div><div class=\"pmpro_card_actions pmpro_font-medium\">Already a member? <a href=\"https:\/\/medizinonline.com\/it\/effettuare-il-login\/?redirect_to=https%3A%2F%2Fmedizinonline.com%2Fit%2Fdisfunzione-mitocondriale-e-metabolismo-energetico%2F\">Accedi<\/a><\/div><\/div><\/div>","protected":false},"excerpt":{"rendered":"<p>La disfunzione mitocondriale non \u00e8 definita come un &#8220;problema ATP&#8221; isolato nel quadro degli Hallmark dell&#8217;invecchiamento, ma come un cambiamento sistemico nella bioenergetica, nella segnalazione redox, nel controllo della qualit\u00e0&#8230;&hellip;... <\/p>\n<div class=\"pmpro\"><div class=\"pmpro_card pmpro_content_message\"><div class=\"pmpro_card_content\">Dieser Inhalt ist nur f\u00fcr Benutzer der Gruppe: Medizinische Fachperson zug\u00e4nglich <br \/><a href=\"https:\/\/medizinonline.com\/it\/il-mio-conto\/pacchetti\/\">Jetzt beitreten<\/a><\/div><div class=\"pmpro_card_actions pmpro_font-medium\">Already a member? <a href=\"https:\/\/medizinonline.com\/it\/effettuare-il-login\/?redirect_to=https%3A%2F%2Fmedizinonline.com%2Fit%2Fdisfunzione-mitocondriale-e-metabolismo-energetico%2F\">Accedi<\/a><\/div><\/div><\/div>","protected":false},"author":7,"featured_media":460504,"comment_status":"closed","ping_status":"closed","sticky":false,"template":"","format":"standard","meta":{"_acf_changed":false,"pmpro_default_level":"","cat_1_feature_home_top":false,"cat_2_editor_pick":false,"csco_eyebrow_text":"Un nodo dell'invecchiamento biologico  ","footnotes":""},"category":[11519,11405,11317,11306,11473,11550,11515],"tags":[],"powerkit_post_featured":[],"class_list":["post-460503","post","type-post","status-publish","format-standard","has-post-thumbnail","category-formazione-continua","category-genetica-it","category-medicina-dello-sport","category-medicina-interna-generale","category-prevenzione-e-assistenza-sanitaria","category-rx-it","category-studi","pmpro-level-required","pmpro-level-1","pmpro-no-access"],"acf":[],"publishpress_future_action":{"enabled":false,"date":"2026-05-06 03:30:53","action":"change-status","newStatus":"draft","terms":[],"taxonomy":"category","extraData":[]},"publishpress_future_workflow_manual_trigger":{"enabledWorkflows":[]},"wpml_current_locale":"it_IT","wpml_translations":{"pt_PT":{"locale":"pt_PT","id":460509,"slug":"disfuncao-mitocondrial-e-metabolismo-energetico","post_title":"Disfun\u00e7\u00e3o mitocondrial e metabolismo energ\u00e9tico","href":"https:\/\/medizinonline.com\/pt-pt\/disfuncao-mitocondrial-e-metabolismo-energetico\/"},"es_ES":{"locale":"es_ES","id":460506,"slug":"disfuncion-mitocondrial-y-metabolismo-energetico","post_title":"Disfunci\u00f3n mitocondrial y metabolismo energ\u00e9tico","href":"https:\/\/medizinonline.com\/es\/disfuncion-mitocondrial-y-metabolismo-energetico\/"}},"_links":{"self":[{"href":"https:\/\/medizinonline.com\/it\/wp-json\/wp\/v2\/posts\/460503","targetHints":{"allow":["GET"]}}],"collection":[{"href":"https:\/\/medizinonline.com\/it\/wp-json\/wp\/v2\/posts"}],"about":[{"href":"https:\/\/medizinonline.com\/it\/wp-json\/wp\/v2\/types\/post"}],"author":[{"embeddable":true,"href":"https:\/\/medizinonline.com\/it\/wp-json\/wp\/v2\/users\/7"}],"replies":[{"embeddable":true,"href":"https:\/\/medizinonline.com\/it\/wp-json\/wp\/v2\/comments?post=460503"}],"version-history":[{"count":1,"href":"https:\/\/medizinonline.com\/it\/wp-json\/wp\/v2\/posts\/460503\/revisions"}],"predecessor-version":[{"id":460505,"href":"https:\/\/medizinonline.com\/it\/wp-json\/wp\/v2\/posts\/460503\/revisions\/460505"}],"wp:featuredmedia":[{"embeddable":true,"href":"https:\/\/medizinonline.com\/it\/wp-json\/wp\/v2\/media\/460504"}],"wp:attachment":[{"href":"https:\/\/medizinonline.com\/it\/wp-json\/wp\/v2\/media?parent=460503"}],"wp:term":[{"taxonomy":"category","embeddable":true,"href":"https:\/\/medizinonline.com\/it\/wp-json\/wp\/v2\/category?post=460503"},{"taxonomy":"post_tag","embeddable":true,"href":"https:\/\/medizinonline.com\/it\/wp-json\/wp\/v2\/tags?post=460503"},{"taxonomy":"powerkit_post_featured","embeddable":true,"href":"https:\/\/medizinonline.com\/it\/wp-json\/wp\/v2\/powerkit_post_featured?post=460503"}],"curies":[{"name":"wp","href":"https:\/\/api.w.org\/{rel}","templated":true}]}}