{"id":460563,"date":"2026-02-13T21:39:23","date_gmt":"2026-02-13T20:39:23","guid":{"rendered":"https:\/\/medizinonline.com\/immunosenescenza-e-infiammazione\/"},"modified":"2026-02-13T21:39:32","modified_gmt":"2026-02-13T20:39:32","slug":"immunosenescenza-e-infiammazione","status":"publish","type":"post","link":"https:\/\/medizinonline.com\/it\/immunosenescenza-e-infiammazione\/","title":{"rendered":"Immunosenescenza e infiammazione"},"content":{"rendered":"\n<p><strong>L&#8217;immunosenescenza e l&#8217;infiammazione sono oggi riconosciuti come meccanismi biologici centrali dell&#8217;invecchiamento. Il sistema immunitario alterato dall&#8217;et\u00e0 \u00e8 sia indebolito che cronicamente attivato &#8211; con conseguenze sulla suscettibilit\u00e0 alle infezioni, sullo sviluppo dei tumori e sul grande gruppo di malattie cardiometaboliche guidate dall&#8217;infiammazione. Di seguito, vengono riassunti i meccanismi molecolari centrali, le manifestazioni cliniche e i potenziali approcci di intervento, sulla base delle attuali revisioni e degli studi primari sull&#8217;immunosenescenza, l&#8217;infiammazione cronica e le malattie associate all&#8217;et\u00e0.    <\/strong><\/p>\n\n<div class=\"pmpro\"><div class=\"pmpro_card pmpro_content_message\"><div class=\"pmpro_card_content\">Dieser Inhalt ist nur f\u00fcr Benutzer der Gruppe: Medizinische Fachperson zug\u00e4nglich <br \/><a href=\"https:\/\/medizinonline.com\/it\/il-mio-conto\/pacchetti\/\">Jetzt beitreten<\/a><\/div><div class=\"pmpro_card_actions pmpro_font-medium\">Already a member? <a href=\"https:\/\/medizinonline.com\/it\/effettuare-il-login\/?redirect_to=https%3A%2F%2Fmedizinonline.com%2Fit%2Fimmunosenescenza-e-infiammazione%2F\">Accedi<\/a><\/div><\/div><\/div>","protected":false},"excerpt":{"rendered":"<p>L&#8217;immunosenescenza e l&#8217;infiammazione sono oggi riconosciuti come meccanismi biologici centrali dell&#8217;invecchiamento. Il sistema immunitario alterato dall&#8217;et\u00e0 \u00e8 sia indebolito che cronicamente attivato &#8211; con conseguenze sulla suscettibilit\u00e0 alle infezioni, sullo&#8230;&hellip;... <\/p>\n<div class=\"pmpro\"><div class=\"pmpro_card pmpro_content_message\"><div class=\"pmpro_card_content\">Dieser Inhalt ist nur f\u00fcr Benutzer der Gruppe: Medizinische Fachperson zug\u00e4nglich <br \/><a href=\"https:\/\/medizinonline.com\/it\/il-mio-conto\/pacchetti\/\">Jetzt beitreten<\/a><\/div><div class=\"pmpro_card_actions pmpro_font-medium\">Already a member? <a href=\"https:\/\/medizinonline.com\/it\/effettuare-il-login\/?redirect_to=https%3A%2F%2Fmedizinonline.com%2Fit%2Fimmunosenescenza-e-infiammazione%2F\">Accedi<\/a><\/div><\/div><\/div>","protected":false},"author":7,"featured_media":460564,"comment_status":"closed","ping_status":"closed","sticky":false,"template":"","format":"standard","meta":{"_acf_changed":false,"pmpro_default_level":"","cat_1_feature_home_top":false,"cat_2_editor_pick":false,"csco_eyebrow_text":"L'infiammazione cronica come motore dell'invecchiamento","footnotes":""},"category":[11519,11405,11355,11306,11376,11473,11550,11515],"tags":[],"powerkit_post_featured":[],"class_list":["post-460563","post","type-post","status-publish","format-standard","has-post-thumbnail","category-formazione-continua","category-genetica-it","category-geriatria-it","category-medicina-interna-generale","category-oncologia-it","category-prevenzione-e-assistenza-sanitaria","category-rx-it","category-studi","pmpro-level-required","pmpro-level-1","pmpro-no-access"],"acf":[],"publishpress_future_action":{"enabled":false,"date":"2026-05-09 03:15:20","action":"change-status","newStatus":"draft","terms":[],"taxonomy":"category","extraData":[]},"publishpress_future_workflow_manual_trigger":{"enabledWorkflows":[]},"wpml_current_locale":"it_IT","wpml_translations":{"pt_PT":{"locale":"pt_PT","id":460560,"slug":"imunossenescencia-e-inflamacao","post_title":"Imunossenesc\u00eancia e inflama\u00e7\u00e3o","href":"https:\/\/medizinonline.com\/pt-pt\/imunossenescencia-e-inflamacao\/"},"es_ES":{"locale":"es_ES","id":460581,"slug":"inmunosenescencia-e-inflamacion","post_title":"Inmunosenescencia e inflamaci\u00f3n","href":"https:\/\/medizinonline.com\/es\/inmunosenescencia-e-inflamacion\/"}},"_links":{"self":[{"href":"https:\/\/medizinonline.com\/it\/wp-json\/wp\/v2\/posts\/460563","targetHints":{"allow":["GET"]}}],"collection":[{"href":"https:\/\/medizinonline.com\/it\/wp-json\/wp\/v2\/posts"}],"about":[{"href":"https:\/\/medizinonline.com\/it\/wp-json\/wp\/v2\/types\/post"}],"author":[{"embeddable":true,"href":"https:\/\/medizinonline.com\/it\/wp-json\/wp\/v2\/users\/7"}],"replies":[{"embeddable":true,"href":"https:\/\/medizinonline.com\/it\/wp-json\/wp\/v2\/comments?post=460563"}],"version-history":[{"count":1,"href":"https:\/\/medizinonline.com\/it\/wp-json\/wp\/v2\/posts\/460563\/revisions"}],"predecessor-version":[{"id":460565,"href":"https:\/\/medizinonline.com\/it\/wp-json\/wp\/v2\/posts\/460563\/revisions\/460565"}],"wp:featuredmedia":[{"embeddable":true,"href":"https:\/\/medizinonline.com\/it\/wp-json\/wp\/v2\/media\/460564"}],"wp:attachment":[{"href":"https:\/\/medizinonline.com\/it\/wp-json\/wp\/v2\/media?parent=460563"}],"wp:term":[{"taxonomy":"category","embeddable":true,"href":"https:\/\/medizinonline.com\/it\/wp-json\/wp\/v2\/category?post=460563"},{"taxonomy":"post_tag","embeddable":true,"href":"https:\/\/medizinonline.com\/it\/wp-json\/wp\/v2\/tags?post=460563"},{"taxonomy":"powerkit_post_featured","embeddable":true,"href":"https:\/\/medizinonline.com\/it\/wp-json\/wp\/v2\/powerkit_post_featured?post=460563"}],"curies":[{"name":"wp","href":"https:\/\/api.w.org\/{rel}","templated":true}]}}