{"id":550152,"date":"2026-03-03T12:30:00","date_gmt":"2026-03-03T11:30:00","guid":{"rendered":"https:\/\/medizinonline.com\/?p=550152"},"modified":"2026-03-03T12:56:06","modified_gmt":"2026-03-03T11:56:06","slug":"raccomandazioni-pratiche-per-la-diagnostica-e-la-terapia","status":"publish","type":"post","link":"https:\/\/medizinonline.com\/it\/raccomandazioni-pratiche-per-la-diagnostica-e-la-terapia\/","title":{"rendered":"Raccomandazioni pratiche per la diagnostica e la terapia"},"content":{"rendered":"\n<p><strong>Un documento di consenso pubblicato nel 2025 fornisce consigli pragmatici sulla diagnosi e sul trattamento del disturbo d&#8217;ansia subsindromico (SSA). Se \u00e8 stato stabilito che il paziente \u00e8 affetto da SSA, si raccomanda di iniziare prima le misure di trattamento non farmacologico. Se questo non porta al successo desiderato, si deve prendere in considerazione la terapia farmacologica. Il trattamento fitoterapico con un estratto standardizzato di olio di lavanda si \u00e8 dimostrato efficace e sicuro negli studi sulla SSA.     <\/strong><\/p>\n\n<div class=\"pmpro\"><div class=\"pmpro_card pmpro_content_message\"><div class=\"pmpro_card_content\">Dieser Inhalt ist nur f\u00fcr Benutzer der Gruppe: Medizinische Fachperson zug\u00e4nglich <br \/><a href=\"https:\/\/medizinonline.com\/it\/il-mio-conto\/pacchetti\/\">Jetzt beitreten<\/a><\/div><div class=\"pmpro_card_actions pmpro_font-medium\">Already a member? <a href=\"https:\/\/medizinonline.com\/it\/effettuare-il-login\/?redirect_to=https%3A%2F%2Fmedizinonline.com%2Fit%2Fraccomandazioni-pratiche-per-la-diagnostica-e-la-terapia%2F\">Accedi<\/a><\/div><\/div><\/div>","protected":false},"excerpt":{"rendered":"<p>Un documento di consenso pubblicato nel 2025 fornisce consigli pragmatici sulla diagnosi e sul trattamento del disturbo d&#8217;ansia subsindromico (SSA). Se \u00e8 stato stabilito che il paziente \u00e8 affetto da&#8230;&hellip;... <\/p>\n<div class=\"pmpro\"><div class=\"pmpro_card pmpro_content_message\"><div class=\"pmpro_card_content\">Dieser Inhalt ist nur f\u00fcr Benutzer der Gruppe: Medizinische Fachperson zug\u00e4nglich <br \/><a href=\"https:\/\/medizinonline.com\/it\/il-mio-conto\/pacchetti\/\">Jetzt beitreten<\/a><\/div><div class=\"pmpro_card_actions pmpro_font-medium\">Already a member? <a href=\"https:\/\/medizinonline.com\/it\/effettuare-il-login\/?redirect_to=https%3A%2F%2Fmedizinonline.com%2Fit%2Fraccomandazioni-pratiche-per-la-diagnostica-e-la-terapia%2F\">Accedi<\/a><\/div><\/div><\/div>","protected":false},"author":7,"featured_media":550153,"comment_status":"closed","ping_status":"closed","sticky":false,"template":"","format":"standard","meta":{"_acf_changed":false,"pmpro_default_level":"","cat_1_feature_home_top":false,"cat_2_editor_pick":false,"csco_eyebrow_text":"Disturbi d'ansia sindromici: Il medico di famiglia come primo punto di contatto  ","footnotes":""},"category":[11452,74321,11519,11306,11479,11550,11515],"tags":[88721,25407,72581,20353,20700,20700],"powerkit_post_featured":[],"class_list":{"0":"post-550152","1":"post","2":"type-post","3":"status-publish","4":"format-standard","5":"has-post-thumbnail","6":"category-farmacologia-e-tossicologia","7":"category-fitoterapia","8":"category-formazione-continua","9":"category-medicina-interna-generale","10":"category-psichiatria-e-psicoterapia","11":"category-rx-it","12":"category-studi","13":"tag-disturbi-dansia-subsindromici","14":"tag-medico-di-famiglia","15":"tag-olio-di-lavanda-it","16":"tag-olio-di-lavanda","17":"tag-silexan-it","19":"pmpro-level-required","20":"pmpro-level-1","21":"pmpro-no-access"},"acf":[],"publishpress_future_action":{"enabled":false,"date":"2026-05-07 07:07:45","action":"change-status","newStatus":"draft","terms":[],"taxonomy":"category","extraData":[]},"publishpress_future_workflow_manual_trigger":{"enabledWorkflows":[]},"wpml_current_locale":"it_IT","wpml_translations":{"pt_PT":{"locale":"pt_PT","id":550179,"slug":"recomendacoes-praticas-para-o-diagnostico-e-a-terapia","post_title":"Recomenda\u00e7\u00f5es pr\u00e1ticas para o diagn\u00f3stico e a terapia","href":"https:\/\/medizinonline.com\/pt-pt\/recomendacoes-praticas-para-o-diagnostico-e-a-terapia\/"},"es_ES":{"locale":"es_ES","id":550177,"slug":"recomendaciones-practicas-para-el-diagnostico-y-la-terapia","post_title":"Recomendaciones pr\u00e1cticas para el diagn\u00f3stico y la terapia","href":"https:\/\/medizinonline.com\/es\/recomendaciones-practicas-para-el-diagnostico-y-la-terapia\/"}},"_links":{"self":[{"href":"https:\/\/medizinonline.com\/it\/wp-json\/wp\/v2\/posts\/550152","targetHints":{"allow":["GET"]}}],"collection":[{"href":"https:\/\/medizinonline.com\/it\/wp-json\/wp\/v2\/posts"}],"about":[{"href":"https:\/\/medizinonline.com\/it\/wp-json\/wp\/v2\/types\/post"}],"author":[{"embeddable":true,"href":"https:\/\/medizinonline.com\/it\/wp-json\/wp\/v2\/users\/7"}],"replies":[{"embeddable":true,"href":"https:\/\/medizinonline.com\/it\/wp-json\/wp\/v2\/comments?post=550152"}],"version-history":[{"count":1,"href":"https:\/\/medizinonline.com\/it\/wp-json\/wp\/v2\/posts\/550152\/revisions"}],"predecessor-version":[{"id":550155,"href":"https:\/\/medizinonline.com\/it\/wp-json\/wp\/v2\/posts\/550152\/revisions\/550155"}],"wp:featuredmedia":[{"embeddable":true,"href":"https:\/\/medizinonline.com\/it\/wp-json\/wp\/v2\/media\/550153"}],"wp:attachment":[{"href":"https:\/\/medizinonline.com\/it\/wp-json\/wp\/v2\/media?parent=550152"}],"wp:term":[{"taxonomy":"category","embeddable":true,"href":"https:\/\/medizinonline.com\/it\/wp-json\/wp\/v2\/category?post=550152"},{"taxonomy":"post_tag","embeddable":true,"href":"https:\/\/medizinonline.com\/it\/wp-json\/wp\/v2\/tags?post=550152"},{"taxonomy":"powerkit_post_featured","embeddable":true,"href":"https:\/\/medizinonline.com\/it\/wp-json\/wp\/v2\/powerkit_post_featured?post=550152"}],"curies":[{"name":"wp","href":"https:\/\/api.w.org\/{rel}","templated":true}]}}