{"id":550335,"date":"2026-03-02T12:30:00","date_gmt":"2026-03-02T11:30:00","guid":{"rendered":"https:\/\/medizinonline.com\/?p=550335"},"modified":"2026-03-01T22:41:28","modified_gmt":"2026-03-01T21:41:28","slug":"relazione-tra-la-sindrome-delle-gambe-senza-riposo-e-i-dolori-della-crescita","status":"publish","type":"post","link":"https:\/\/medizinonline.com\/it\/relazione-tra-la-sindrome-delle-gambe-senza-riposo-e-i-dolori-della-crescita\/","title":{"rendered":"Relazione tra la sindrome delle gambe senza riposo e i dolori della crescita"},"content":{"rendered":"\n<p><strong>Quando i &#8220;dolori della crescita&#8221; sono in realt\u00e0 causati dalla sindrome delle gambe senza riposo. Quali valori di laboratorio devono essere chiariti in modo specifico. Una revisione mostra notevoli sovrapposizioni tra i due disturbi nell&#8217;infanzia. La disfunzione della serotonina, la carenza di ferro e la carenza di vitamina D potrebbero essere cause comuni. L&#8217;articolo spiega le caratteristiche cliniche distintive e fornisce consigli pratici per la diagnosi e il trattamento, al fine di evitare diagnosi errate e trattamenti non necessari.    <\/strong><\/p>\n\n<div class=\"pmpro\"><div class=\"pmpro_card pmpro_content_message\"><div class=\"pmpro_card_content\">Dieser Inhalt ist nur f\u00fcr Benutzer der Gruppe: Medizinische Fachperson zug\u00e4nglich <br \/><a href=\"https:\/\/medizinonline.com\/it\/il-mio-conto\/pacchetti\/\">Jetzt beitreten<\/a><\/div><div class=\"pmpro_card_actions pmpro_font-medium\">Already a member? <a href=\"https:\/\/medizinonline.com\/it\/effettuare-il-login\/?redirect_to=https%3A%2F%2Fmedizinonline.com%2Fit%2Frelazione-tra-la-sindrome-delle-gambe-senza-riposo-e-i-dolori-della-crescita%2F\">Accedi<\/a><\/div><\/div><\/div>","protected":false},"excerpt":{"rendered":"<p>Quando i &#8220;dolori della crescita&#8221; sono in realt\u00e0 causati dalla sindrome delle gambe senza riposo. Quali valori di laboratorio devono essere chiariti in modo specifico. Una revisione mostra notevoli sovrapposizioni&#8230;&hellip;... <\/p>\n<div class=\"pmpro\"><div class=\"pmpro_card pmpro_content_message\"><div class=\"pmpro_card_content\">Dieser Inhalt ist nur f\u00fcr Benutzer der Gruppe: Medizinische Fachperson zug\u00e4nglich <br \/><a href=\"https:\/\/medizinonline.com\/it\/il-mio-conto\/pacchetti\/\">Jetzt beitreten<\/a><\/div><div class=\"pmpro_card_actions pmpro_font-medium\">Already a member? <a href=\"https:\/\/medizinonline.com\/it\/effettuare-il-login\/?redirect_to=https%3A%2F%2Fmedizinonline.com%2Fit%2Frelazione-tra-la-sindrome-delle-gambe-senza-riposo-e-i-dolori-della-crescita%2F\">Accedi<\/a><\/div><\/div><\/div>","protected":false},"author":7,"featured_media":550336,"comment_status":"closed","ping_status":"closed","sticky":false,"template":"","format":"standard","meta":{"_acf_changed":false,"pmpro_default_level":"","cat_1_feature_home_top":false,"cat_2_editor_pick":false,"csco_eyebrow_text":"Sindrome delle gambe senza riposo nell'infanzia","footnotes":""},"category":[11519,11371,11440,11443,11550,11515],"tags":[12885,88840,88841,42961,32615,25412,70596,13169],"powerkit_post_featured":[],"class_list":["post-550335","post","type-post","status-publish","format-standard","has-post-thumbnail","category-formazione-continua","category-neurologia-it","category-ortopedia-it","category-pediatria-it","category-rx-it","category-studi","tag-carenza-di-ferro","tag-dolori-della-crescita","tag-dolori-di-crescita","tag-gambe-irrequiete","tag-rls-it","tag-sindrome-delle-gambe-senza-riposo","tag-vitamina-d-it-2","tag-vitamina-d-it","pmpro-level-required","pmpro-level-1","pmpro-no-access"],"acf":[],"publishpress_future_action":{"enabled":false,"date":"2026-05-03 16:49:24","action":"change-status","newStatus":"draft","terms":[],"taxonomy":"category","extraData":[]},"publishpress_future_workflow_manual_trigger":{"enabledWorkflows":[]},"wpml_current_locale":"it_IT","wpml_translations":{"pt_PT":{"locale":"pt_PT","id":550392,"slug":"relacao-entre-a-sindrome-das-pernas-inquietas-e-as-dores-de-crescimento","post_title":"Rela\u00e7\u00e3o entre a s\u00edndrome das pernas inquietas e as dores de crescimento","href":"https:\/\/medizinonline.com\/pt-pt\/relacao-entre-a-sindrome-das-pernas-inquietas-e-as-dores-de-crescimento\/"},"es_ES":{"locale":"es_ES","id":550389,"slug":"relacion-entre-el-sindrome-de-las-piernas-inquietas-y-los-dolores-de-crecimiento","post_title":"Relaci\u00f3n entre el s\u00edndrome de las piernas inquietas y los dolores de crecimiento","href":"https:\/\/medizinonline.com\/es\/relacion-entre-el-sindrome-de-las-piernas-inquietas-y-los-dolores-de-crecimiento\/"}},"_links":{"self":[{"href":"https:\/\/medizinonline.com\/it\/wp-json\/wp\/v2\/posts\/550335","targetHints":{"allow":["GET"]}}],"collection":[{"href":"https:\/\/medizinonline.com\/it\/wp-json\/wp\/v2\/posts"}],"about":[{"href":"https:\/\/medizinonline.com\/it\/wp-json\/wp\/v2\/types\/post"}],"author":[{"embeddable":true,"href":"https:\/\/medizinonline.com\/it\/wp-json\/wp\/v2\/users\/7"}],"replies":[{"embeddable":true,"href":"https:\/\/medizinonline.com\/it\/wp-json\/wp\/v2\/comments?post=550335"}],"version-history":[{"count":1,"href":"https:\/\/medizinonline.com\/it\/wp-json\/wp\/v2\/posts\/550335\/revisions"}],"predecessor-version":[{"id":550337,"href":"https:\/\/medizinonline.com\/it\/wp-json\/wp\/v2\/posts\/550335\/revisions\/550337"}],"wp:featuredmedia":[{"embeddable":true,"href":"https:\/\/medizinonline.com\/it\/wp-json\/wp\/v2\/media\/550336"}],"wp:attachment":[{"href":"https:\/\/medizinonline.com\/it\/wp-json\/wp\/v2\/media?parent=550335"}],"wp:term":[{"taxonomy":"category","embeddable":true,"href":"https:\/\/medizinonline.com\/it\/wp-json\/wp\/v2\/category?post=550335"},{"taxonomy":"post_tag","embeddable":true,"href":"https:\/\/medizinonline.com\/it\/wp-json\/wp\/v2\/tags?post=550335"},{"taxonomy":"powerkit_post_featured","embeddable":true,"href":"https:\/\/medizinonline.com\/it\/wp-json\/wp\/v2\/powerkit_post_featured?post=550335"}],"curies":[{"name":"wp","href":"https:\/\/api.w.org\/{rel}","templated":true}]}}