{"id":550614,"date":"2026-03-15T12:30:00","date_gmt":"2026-03-15T11:30:00","guid":{"rendered":"https:\/\/medizinonline.com\/?p=550614"},"modified":"2026-03-15T12:55:30","modified_gmt":"2026-03-15T11:55:30","slug":"biologici-affermati-e-nuovi-il-panorama-terapeutico-e-in-evoluzione","status":"publish","type":"post","link":"https:\/\/medizinonline.com\/it\/biologici-affermati-e-nuovi-il-panorama-terapeutico-e-in-evoluzione\/","title":{"rendered":"Biologici affermati e nuovi &#8211; il panorama terapeutico \u00e8 in evoluzione"},"content":{"rendered":"\n<p><strong>Clinicamente, la dermatite atopica (AD) si manifesta attraverso un quadro polimorfico di efflorescenze, con prurito e xerosi in primo piano. Oltre alle terapie anticorpali dupilumab, tralokinumab e lebrikizumab, che hanno come bersaglio la via di segnalazione IL-4\/IL-13, \u00e8 ora disponibile un quarto farmaco biologico, nemolizumab, per il trattamento della DA. Quest&#8217;ultimo ha come bersaglio il recettore IL-31, che media il prurito non istaminergico. Ci sono anche risultati promettenti dagli studi clinici sugli anticorpi anti-OX40(L).   <\/strong><\/p>\n\n<div class=\"pmpro\"><div class=\"pmpro_card pmpro_content_message\"><div class=\"pmpro_card_content\">Dieser Inhalt ist nur f\u00fcr Benutzer der Gruppe: Medizinische Fachperson zug\u00e4nglich <br \/><a href=\"https:\/\/medizinonline.com\/it\/il-mio-conto\/pacchetti\/\">Jetzt beitreten<\/a><\/div><div class=\"pmpro_card_actions pmpro_font-medium\">Already a member? <a href=\"https:\/\/medizinonline.com\/it\/effettuare-il-login\/?redirect_to=https%3A%2F%2Fmedizinonline.com%2Fit%2Fbiologici-affermati-e-nuovi-il-panorama-terapeutico-e-in-evoluzione%2F\">Accedi<\/a><\/div><\/div><\/div>","protected":false},"excerpt":{"rendered":"<p>Clinicamente, la dermatite atopica (AD) si manifesta attraverso un quadro polimorfico di efflorescenze, con prurito e xerosi in primo piano. Oltre alle terapie anticorpali dupilumab, tralokinumab e lebrikizumab, che hanno&#8230;&hellip;... <\/p>\n<div class=\"pmpro\"><div class=\"pmpro_card pmpro_content_message\"><div class=\"pmpro_card_content\">Dieser Inhalt ist nur f\u00fcr Benutzer der Gruppe: Medizinische Fachperson zug\u00e4nglich <br \/><a href=\"https:\/\/medizinonline.com\/it\/il-mio-conto\/pacchetti\/\">Jetzt beitreten<\/a><\/div><div class=\"pmpro_card_actions pmpro_font-medium\">Already a member? <a href=\"https:\/\/medizinonline.com\/it\/effettuare-il-login\/?redirect_to=https%3A%2F%2Fmedizinonline.com%2Fit%2Fbiologici-affermati-e-nuovi-il-panorama-terapeutico-e-in-evoluzione%2F\">Accedi<\/a><\/div><\/div><\/div>","protected":false},"author":7,"featured_media":550615,"comment_status":"closed","ping_status":"closed","sticky":false,"template":"","format":"standard","meta":{"_acf_changed":false,"pmpro_default_level":"","cat_1_feature_home_top":false,"cat_2_editor_pick":false,"csco_eyebrow_text":"Dermatite atopica da moderata a grave  ","footnotes":""},"category":[11343,11351,11519,11550,11515],"tags":[65594,88962,12293,12649,13478,16227,82413,82411,85930,65855,12646,88963,59153,13320,88964],"powerkit_post_featured":[],"class_list":["post-550614","post","type-post","status-publish","format-standard","has-post-thumbnail","category-allergologia-e-immunologia-clinica","category-dermatologia-e-venereologia","category-formazione-continua","category-rx-it","category-studi","tag-adtralza-it","tag-anticorpo-anti-ox40l","tag-biologici","tag-dermatite-atopica-it","tag-dupilumab-it","tag-dupixent-it","tag-ebglyss-it","tag-lebrikizumab-it","tag-nemluvio","tag-nemolizumab-it","tag-prurito","tag-recettore-il-31","tag-terapia-con-anticorpi","tag-tralokinumab-it","tag-via-di-segnalazione-il-4-il-13","pmpro-level-required","pmpro-level-1","pmpro-no-access"],"acf":[],"publishpress_future_action":{"enabled":false,"date":"2026-05-03 21:58:20","action":"change-status","newStatus":"draft","terms":[],"taxonomy":"category","extraData":[]},"publishpress_future_workflow_manual_trigger":{"enabledWorkflows":[]},"wpml_current_locale":"it_IT","wpml_translations":{"pt_PT":{"locale":"pt_PT","id":550611,"slug":"biologicos-estabelecidos-e-novos-o-panorama-terapeutico-esta-a-mudar","post_title":"Biol\u00f3gicos estabelecidos e novos - o panorama terap\u00eautico est\u00e1 a mudar","href":"https:\/\/medizinonline.com\/pt-pt\/biologicos-estabelecidos-e-novos-o-panorama-terapeutico-esta-a-mudar\/"},"es_ES":{"locale":"es_ES","id":550608,"slug":"biologicos-establecidos-y-novedosos-el-panorama-terapeutico-esta-en-constante-cambio","post_title":"Biol\u00f3gicos establecidos y novedosos: el panorama terap\u00e9utico est\u00e1 en constante cambio","href":"https:\/\/medizinonline.com\/es\/biologicos-establecidos-y-novedosos-el-panorama-terapeutico-esta-en-constante-cambio\/"}},"_links":{"self":[{"href":"https:\/\/medizinonline.com\/it\/wp-json\/wp\/v2\/posts\/550614","targetHints":{"allow":["GET"]}}],"collection":[{"href":"https:\/\/medizinonline.com\/it\/wp-json\/wp\/v2\/posts"}],"about":[{"href":"https:\/\/medizinonline.com\/it\/wp-json\/wp\/v2\/types\/post"}],"author":[{"embeddable":true,"href":"https:\/\/medizinonline.com\/it\/wp-json\/wp\/v2\/users\/7"}],"replies":[{"embeddable":true,"href":"https:\/\/medizinonline.com\/it\/wp-json\/wp\/v2\/comments?post=550614"}],"version-history":[{"count":1,"href":"https:\/\/medizinonline.com\/it\/wp-json\/wp\/v2\/posts\/550614\/revisions"}],"predecessor-version":[{"id":550616,"href":"https:\/\/medizinonline.com\/it\/wp-json\/wp\/v2\/posts\/550614\/revisions\/550616"}],"wp:featuredmedia":[{"embeddable":true,"href":"https:\/\/medizinonline.com\/it\/wp-json\/wp\/v2\/media\/550615"}],"wp:attachment":[{"href":"https:\/\/medizinonline.com\/it\/wp-json\/wp\/v2\/media?parent=550614"}],"wp:term":[{"taxonomy":"category","embeddable":true,"href":"https:\/\/medizinonline.com\/it\/wp-json\/wp\/v2\/category?post=550614"},{"taxonomy":"post_tag","embeddable":true,"href":"https:\/\/medizinonline.com\/it\/wp-json\/wp\/v2\/tags?post=550614"},{"taxonomy":"powerkit_post_featured","embeddable":true,"href":"https:\/\/medizinonline.com\/it\/wp-json\/wp\/v2\/powerkit_post_featured?post=550614"}],"curies":[{"name":"wp","href":"https:\/\/api.w.org\/{rel}","templated":true}]}}