{"id":550644,"date":"2026-03-20T23:06:15","date_gmt":"2026-03-20T22:06:15","guid":{"rendered":"https:\/\/medizinonline.com\/situazione-dellapprovvigionamento-in-svizzera-aggiornamento\/"},"modified":"2026-03-20T23:06:22","modified_gmt":"2026-03-20T22:06:22","slug":"situazione-dellapprovvigionamento-in-svizzera-aggiornamento","status":"publish","type":"post","link":"https:\/\/medizinonline.com\/it\/situazione-dellapprovvigionamento-in-svizzera-aggiornamento\/","title":{"rendered":"Situazione dell&#8217;approvvigionamento in Svizzera: aggiornamento"},"content":{"rendered":"\n<p><strong>L&#8217;atlante sanitario compilato sotto gli auspici dell&#8217;Obsan documenta e visualizza la frequenza dei trattamenti e delle diagnosi mediche tra cantoni, regioni, gruppi di et\u00e0 e nel tempo. Questo fornisce una buona base per una discussione basata su dati concreti sulle cause delle differenze regionali nell&#8217;offerta di assistenza sanitaria. L&#8217;atlante viene aggiornato costantemente e recentemente \u00e8 stato ampliato con nuovi dati.  <\/strong><\/p>\n\n<div class=\"pmpro\"><div class=\"pmpro_card pmpro_content_message\"><div class=\"pmpro_card_content\">Dieser Inhalt ist nur f\u00fcr Benutzer der Gruppe: Medizinische Fachperson zug\u00e4nglich <br \/><a href=\"https:\/\/medizinonline.com\/it\/il-mio-conto\/pacchetti\/\">Jetzt beitreten<\/a><\/div><div class=\"pmpro_card_actions pmpro_font-medium\">Already a member? <a href=\"https:\/\/medizinonline.com\/it\/effettuare-il-login\/?redirect_to=https%3A%2F%2Fmedizinonline.com%2Fit%2Fsituazione-dellapprovvigionamento-in-svizzera-aggiornamento%2F\">Accedi<\/a><\/div><\/div><\/div>","protected":false},"excerpt":{"rendered":"<p>L&#8217;atlante sanitario compilato sotto gli auspici dell&#8217;Obsan documenta e visualizza la frequenza dei trattamenti e delle diagnosi mediche tra cantoni, regioni, gruppi di et\u00e0 e nel tempo. Questo fornisce una&#8230;&hellip;... <\/p>\n<div class=\"pmpro\"><div class=\"pmpro_card pmpro_content_message\"><div class=\"pmpro_card_content\">Dieser Inhalt ist nur f\u00fcr Benutzer der Gruppe: Medizinische Fachperson zug\u00e4nglich <br \/><a href=\"https:\/\/medizinonline.com\/it\/il-mio-conto\/pacchetti\/\">Jetzt beitreten<\/a><\/div><div class=\"pmpro_card_actions pmpro_font-medium\">Already a member? <a href=\"https:\/\/medizinonline.com\/it\/effettuare-il-login\/?redirect_to=https%3A%2F%2Fmedizinonline.com%2Fit%2Fsituazione-dellapprovvigionamento-in-svizzera-aggiornamento%2F\">Accedi<\/a><\/div><\/div><\/div>","protected":false},"author":7,"featured_media":550645,"comment_status":"closed","ping_status":"closed","sticky":false,"template":"","format":"standard","meta":{"_acf_changed":false,"pmpro_default_level":"","cat_1_feature_home_top":false,"cat_2_editor_pick":false,"csco_eyebrow_text":"\"Atlante della sanit\u00e0 svizzera\"  ","footnotes":""},"category":[11540,11306,11473,11550],"tags":[83674,88993],"powerkit_post_featured":[],"class_list":["post-550644","post","type-post","status-publish","format-standard","has-post-thumbnail","category-gestione-dello-studio","category-medicina-interna-generale","category-prevenzione-e-assistenza-sanitaria","category-rx-it","tag-atlante-della-sanita-svizzera","tag-situazione-dellofferta-in-svizzera","pmpro-level-required","pmpro-level-1","pmpro-no-access"],"acf":[],"publishpress_future_action":{"enabled":false,"date":"2026-05-03 09:54:17","action":"change-status","newStatus":"draft","terms":[],"taxonomy":"category","extraData":[]},"publishpress_future_workflow_manual_trigger":{"enabledWorkflows":[]},"wpml_current_locale":"it_IT","wpml_translations":{"pt_PT":{"locale":"pt_PT","id":550641,"slug":"situacao-do-aprovisionamento-na-suica-atualizacao","post_title":"Situa\u00e7\u00e3o do aprovisionamento na Su\u00ed\u00e7a: Atualiza\u00e7\u00e3o","href":"https:\/\/medizinonline.com\/pt-pt\/situacao-do-aprovisionamento-na-suica-atualizacao\/"},"es_ES":{"locale":"es_ES","id":550638,"slug":"situacion-del-suministro-en-suiza-actualizacion","post_title":"Situaci\u00f3n del suministro en Suiza: Actualizaci\u00f3n","href":"https:\/\/medizinonline.com\/es\/situacion-del-suministro-en-suiza-actualizacion\/"}},"_links":{"self":[{"href":"https:\/\/medizinonline.com\/it\/wp-json\/wp\/v2\/posts\/550644","targetHints":{"allow":["GET"]}}],"collection":[{"href":"https:\/\/medizinonline.com\/it\/wp-json\/wp\/v2\/posts"}],"about":[{"href":"https:\/\/medizinonline.com\/it\/wp-json\/wp\/v2\/types\/post"}],"author":[{"embeddable":true,"href":"https:\/\/medizinonline.com\/it\/wp-json\/wp\/v2\/users\/7"}],"replies":[{"embeddable":true,"href":"https:\/\/medizinonline.com\/it\/wp-json\/wp\/v2\/comments?post=550644"}],"version-history":[{"count":1,"href":"https:\/\/medizinonline.com\/it\/wp-json\/wp\/v2\/posts\/550644\/revisions"}],"predecessor-version":[{"id":550646,"href":"https:\/\/medizinonline.com\/it\/wp-json\/wp\/v2\/posts\/550644\/revisions\/550646"}],"wp:featuredmedia":[{"embeddable":true,"href":"https:\/\/medizinonline.com\/it\/wp-json\/wp\/v2\/media\/550645"}],"wp:attachment":[{"href":"https:\/\/medizinonline.com\/it\/wp-json\/wp\/v2\/media?parent=550644"}],"wp:term":[{"taxonomy":"category","embeddable":true,"href":"https:\/\/medizinonline.com\/it\/wp-json\/wp\/v2\/category?post=550644"},{"taxonomy":"post_tag","embeddable":true,"href":"https:\/\/medizinonline.com\/it\/wp-json\/wp\/v2\/tags?post=550644"},{"taxonomy":"powerkit_post_featured","embeddable":true,"href":"https:\/\/medizinonline.com\/it\/wp-json\/wp\/v2\/powerkit_post_featured?post=550644"}],"curies":[{"name":"wp","href":"https:\/\/api.w.org\/{rel}","templated":true}]}}