{"id":555122,"date":"2026-04-20T01:00:00","date_gmt":"2026-04-19T23:00:00","guid":{"rendered":"https:\/\/medizinonline.com\/se-gli-antistaminici-non-sono-sufficienti-e-i-livelli-di-ige-sono-bassi\/"},"modified":"2026-04-23T13:31:17","modified_gmt":"2026-04-23T11:31:17","slug":"se-gli-antistaminici-non-sono-sufficienti-e-i-livelli-di-ige-sono-bassi","status":"publish","type":"post","link":"https:\/\/medizinonline.com\/it\/se-gli-antistaminici-non-sono-sufficienti-e-i-livelli-di-ige-sono-bassi\/","title":{"rendered":"Se gli antistaminici non sono sufficienti e i livelli di IgE sono bassi"},"content":{"rendered":"\n<p><strong>L&#8217;orticaria cronica spesso comporta un alto livello di sofferenza, ma sono in arrivo nuove opzioni terapeutiche &#8211; sono successe molte cose dalla pubblicazione dell&#8217;attuale linea guida S3. Dupilumab \u00e8 un altro biologico che ha ricevuto l&#8217;approvazione della FDA\/EMA per la CSU, ma solo per i pazienti omalizumab-na\u00efve. Anche Remibrutinib, una piccola molecola, ha superato gli ostacoli dell&#8217;approvazione negli Stati Uniti e sono disponibili nuovi dati sui biologici barzolvolimab e briquilimab. Le IgE totali stanno diventando sempre pi\u00f9 importanti come biomarcatore predittivo per la selezione della terapia sistemica di prima linea appropriata.   <\/strong><\/p>\n\n<div class=\"pmpro\"><div class=\"pmpro_card pmpro_content_message\"><div class=\"pmpro_card_content\">Dieser Inhalt ist nur f\u00fcr Benutzer der Gruppe: Medizinische Fachperson zug\u00e4nglich <br \/><a href=\"https:\/\/medizinonline.com\/it\/il-mio-conto\/pacchetti\/\">Jetzt beitreten<\/a><\/div><div class=\"pmpro_card_actions pmpro_font-medium\">Already a member? <a href=\"https:\/\/medizinonline.com\/it\/effettuare-il-login\/?redirect_to=https%3A%2F%2Fmedizinonline.com%2Fit%2Fse-gli-antistaminici-non-sono-sufficienti-e-i-livelli-di-ige-sono-bassi%2F\">Accedi<\/a><\/div><\/div><\/div>","protected":false},"excerpt":{"rendered":"<p>L&#8217;orticaria cronica spesso comporta un alto livello di sofferenza, ma sono in arrivo nuove opzioni terapeutiche &#8211; sono successe molte cose dalla pubblicazione dell&#8217;attuale linea guida S3. Dupilumab \u00e8 un&#8230;&hellip;... <\/p>\n<div class=\"pmpro\"><div class=\"pmpro_card pmpro_content_message\"><div class=\"pmpro_card_content\">Dieser Inhalt ist nur f\u00fcr Benutzer der Gruppe: Medizinische Fachperson zug\u00e4nglich <br \/><a href=\"https:\/\/medizinonline.com\/it\/il-mio-conto\/pacchetti\/\">Jetzt beitreten<\/a><\/div><div class=\"pmpro_card_actions pmpro_font-medium\">Already a member? <a href=\"https:\/\/medizinonline.com\/it\/effettuare-il-login\/?redirect_to=https%3A%2F%2Fmedizinonline.com%2Fit%2Fse-gli-antistaminici-non-sono-sufficienti-e-i-livelli-di-ige-sono-bassi%2F\">Accedi<\/a><\/div><\/div><\/div>","protected":false},"author":7,"featured_media":555123,"comment_status":"closed","ping_status":"closed","sticky":false,"template":"","format":"standard","meta":{"_acf_changed":false,"pmpro_default_level":"","cat_1_feature_home_top":false,"cat_2_editor_pick":false,"csco_eyebrow_text":"Orticaria cronica: nuove alternative terapeutiche in vista  ","footnotes":"[{\"content\":\"Ad esempio, autoimmunit\\u00e0 di tipo I (autoallergia), IgE contro autoantigeni e autoimmunit\\u00e0 di tipo IIb con autoanticorpi che attivano i mastociti.\",\"id\":\"dbf840d8-1aae-45dd-b6a5-76477ae2aa5f\"}]"},"category":[11343,11351,11452,11522,11550,11515],"tags":[91554,14879,13478,13470,72041,84823,91553],"powerkit_post_featured":[],"class_list":["post-555122","post","type-post","status-publish","format-standard","has-post-thumbnail","category-allergologia-e-immunologia-clinica","category-dermatologia-e-venereologia","category-farmacologia-e-tossicologia","category-rapporti-del-congresso","category-rx-it","category-studi","tag-alternative-terapeutiche","tag-antistaminico","tag-dupilumab-it","tag-omalizumab-it","tag-orticaria-cronica","tag-remibrutinib-it","tag-valori-di-ige","pmpro-level-required","pmpro-level-1","pmpro-no-access"],"acf":[],"publishpress_future_action":{"enabled":false,"date":"2026-05-04 07:12:32","action":"change-status","newStatus":"draft","terms":[],"taxonomy":"category","extraData":[]},"publishpress_future_workflow_manual_trigger":{"enabledWorkflows":[]},"wpml_current_locale":"it_IT","wpml_translations":{"pt_PT":{"locale":"pt_PT","id":555119,"slug":"se-os-anti-histaminicos-nao-forem-suficientes-e-os-niveis-de-ige-forem-baixos","post_title":"Se os anti-histam\u00ednicos n\u00e3o forem suficientes e os n\u00edveis de IgE forem baixos","href":"https:\/\/medizinonline.com\/pt-pt\/se-os-anti-histaminicos-nao-forem-suficientes-e-os-niveis-de-ige-forem-baixos\/"},"es_ES":{"locale":"es_ES","id":555143,"slug":"si-los-antihistaminicos-no-son-suficientes-y-los-niveles-de-ige-son-bajos","post_title":"Si los antihistam\u00ednicos no son suficientes y los niveles de IgE son bajos","href":"https:\/\/medizinonline.com\/es\/si-los-antihistaminicos-no-son-suficientes-y-los-niveles-de-ige-son-bajos\/"}},"_links":{"self":[{"href":"https:\/\/medizinonline.com\/it\/wp-json\/wp\/v2\/posts\/555122","targetHints":{"allow":["GET"]}}],"collection":[{"href":"https:\/\/medizinonline.com\/it\/wp-json\/wp\/v2\/posts"}],"about":[{"href":"https:\/\/medizinonline.com\/it\/wp-json\/wp\/v2\/types\/post"}],"author":[{"embeddable":true,"href":"https:\/\/medizinonline.com\/it\/wp-json\/wp\/v2\/users\/7"}],"replies":[{"embeddable":true,"href":"https:\/\/medizinonline.com\/it\/wp-json\/wp\/v2\/comments?post=555122"}],"version-history":[{"count":1,"href":"https:\/\/medizinonline.com\/it\/wp-json\/wp\/v2\/posts\/555122\/revisions"}],"predecessor-version":[{"id":555124,"href":"https:\/\/medizinonline.com\/it\/wp-json\/wp\/v2\/posts\/555122\/revisions\/555124"}],"wp:featuredmedia":[{"embeddable":true,"href":"https:\/\/medizinonline.com\/it\/wp-json\/wp\/v2\/media\/555123"}],"wp:attachment":[{"href":"https:\/\/medizinonline.com\/it\/wp-json\/wp\/v2\/media?parent=555122"}],"wp:term":[{"taxonomy":"category","embeddable":true,"href":"https:\/\/medizinonline.com\/it\/wp-json\/wp\/v2\/category?post=555122"},{"taxonomy":"post_tag","embeddable":true,"href":"https:\/\/medizinonline.com\/it\/wp-json\/wp\/v2\/tags?post=555122"},{"taxonomy":"powerkit_post_featured","embeddable":true,"href":"https:\/\/medizinonline.com\/it\/wp-json\/wp\/v2\/powerkit_post_featured?post=555122"}],"curies":[{"name":"wp","href":"https:\/\/api.w.org\/{rel}","templated":true}]}}