{"id":561533,"date":"2026-08-11T12:52:35","date_gmt":"2026-08-11T10:52:35","guid":{"rendered":"https:\/\/medizinonline.com\/prevenire-limitazioni-funzionali-permanenti\/"},"modified":"2026-08-11T12:52:53","modified_gmt":"2026-08-11T10:52:53","slug":"prevenire-limitazioni-funzionali-permanenti","status":"publish","type":"post","link":"https:\/\/medizinonline.com\/it\/prevenire-limitazioni-funzionali-permanenti\/","title":{"rendered":"Prevenire limitazioni funzionali permanenti"},"content":{"rendered":"\n<p class=\"wp-block-paragraph\"><strong>Nel corso degli anni, nella moderna chirurgia della mano si \u00e8 verificato un cambiamento di paradigma. L\u2019attenzione \u00e8 ora rivolta alla terapia conservativa, in cui assume un ruolo centrale il recupero precoce della mobilit\u00e0 con il supporto di un terapista occupazionale, purch\u00e9 siano garantite la stabilit\u00e0 e la funzionalit\u00e0. In alcuni casi, tuttavia, pu\u00f2 comunque rendersi necessario un intervento chirurgico.    <\/strong><\/p>\n\n<div class=\"pmpro\"><div class=\"pmpro_card pmpro_content_message\"><div class=\"pmpro_card_content\">Dieser Inhalt ist nur f\u00fcr Benutzer der Gruppe: Medizinische Fachperson zug\u00e4nglich <br \/><a href=\"https:\/\/medizinonline.com\/it\/il-mio-conto\/pacchetti\/\">Jetzt beitreten<\/a><\/div><div class=\"pmpro_card_actions pmpro_font-medium\">Already a member? <a href=\"https:\/\/medizinonline.com\/it\/effettuare-il-login\/?redirect_to=https%3A%2F%2Fmedizinonline.com%2Fit%2Fprevenire-limitazioni-funzionali-permanenti%2F\">Accedi<\/a><\/div><\/div><\/div>","protected":false},"excerpt":{"rendered":"<p>Nel corso degli anni, nella moderna chirurgia della mano si \u00e8 verificato un cambiamento di paradigma. L\u2019attenzione \u00e8 ora rivolta alla terapia conservativa, in cui assume un ruolo centrale il&#8230;&hellip;... <\/p>\n<div class=\"pmpro\"><div class=\"pmpro_card pmpro_content_message\"><div class=\"pmpro_card_content\">Dieser Inhalt ist nur f\u00fcr Benutzer der Gruppe: Medizinische Fachperson zug\u00e4nglich <br \/><a href=\"https:\/\/medizinonline.com\/it\/il-mio-conto\/pacchetti\/\">Jetzt beitreten<\/a><\/div><div class=\"pmpro_card_actions pmpro_font-medium\">Already a member? <a href=\"https:\/\/medizinonline.com\/it\/effettuare-il-login\/?redirect_to=https%3A%2F%2Fmedizinonline.com%2Fit%2Fprevenire-limitazioni-funzionali-permanenti%2F\">Accedi<\/a><\/div><\/div><\/div>","protected":false},"author":7,"featured_media":561544,"comment_status":"closed","ping_status":"closed","sticky":false,"template":"","format":"standard","meta":{"_acf_changed":false,"pmpro_default_level":"","cat_1_feature_home_top":false,"cat_2_editor_pick":false,"csco_eyebrow_text":"Lesioni alle mani e alle dita  ","footnotes":"","_members_access_role":[],"_members_access_error":""},"category":[11550,11387,11317,11462,11306,11440,11522],"tags":[98714,98698,98699,98700,98707,98709,98713,98701,98702,98703,98697,98706,98712,38052,41326],"powerkit_post_featured":[],"class_list":["post-561533","post","type-post","status-publish","format-standard","has-post-thumbnail","category-rx-it","category-chirurgia","category-medicina-dello-sport","category-medicina-fisica-e-riabilitazione","category-medicina-interna-generale","category-ortopedia-it","category-rapporti-del-congresso","tag-binario","tag-chirurgia-della-mano","tag-dito-a-martello","tag-frattura-del-metacarpo","tag-frattura-del-metacarpo-v","tag-frattura-del-pugile","tag-lesione-del-legamento-collaterale-ulnare","tag-lesioni-alle-dita","tag-lesioni-alle-mani","tag-limitazioni-funzionali","tag-lussazione-del-pip","tag-lussazione-dellarticolazione-media","tag-pollice-dello-sciatore","tag-terapia-conservativa","tag-terapia-occupazionale","pmpro-level-required","pmpro-level-1","pmpro-no-access"],"acf":[],"publishpress_future_action":{"enabled":false,"date":"2026-09-08 08:16:00","action":"change-status","newStatus":"draft","terms":[],"taxonomy":"category","extraData":[]},"publishpress_future_workflow_manual_trigger":{"enabledWorkflows":[]},"wpml_current_locale":"it_IT","wpml_translations":{"pt_PT":{"locale":"pt_PT","id":561550,"slug":"evitar-limitacoes-funcionais-permanentes","post_title":"Evitar limita\u00e7\u00f5es funcionais permanentes","href":"https:\/\/medizinonline.com\/pt-pt\/evitar-limitacoes-funcionais-permanentes\/"},"es_ES":{"locale":"es_ES","id":561556,"slug":"evitar-las-limitaciones-funcionales-permanentes","post_title":"Evitar las limitaciones funcionales permanentes","href":"https:\/\/medizinonline.com\/es\/evitar-las-limitaciones-funcionales-permanentes\/"}},"_links":{"self":[{"href":"https:\/\/medizinonline.com\/it\/wp-json\/wp\/v2\/posts\/561533","targetHints":{"allow":["GET"]}}],"collection":[{"href":"https:\/\/medizinonline.com\/it\/wp-json\/wp\/v2\/posts"}],"about":[{"href":"https:\/\/medizinonline.com\/it\/wp-json\/wp\/v2\/types\/post"}],"author":[{"embeddable":true,"href":"https:\/\/medizinonline.com\/it\/wp-json\/wp\/v2\/users\/7"}],"replies":[{"embeddable":true,"href":"https:\/\/medizinonline.com\/it\/wp-json\/wp\/v2\/comments?post=561533"}],"version-history":[{"count":1,"href":"https:\/\/medizinonline.com\/it\/wp-json\/wp\/v2\/posts\/561533\/revisions"}],"predecessor-version":[{"id":561874,"href":"https:\/\/medizinonline.com\/it\/wp-json\/wp\/v2\/posts\/561533\/revisions\/561874"}],"wp:featuredmedia":[{"embeddable":true,"href":"https:\/\/medizinonline.com\/it\/wp-json\/wp\/v2\/media\/561544"}],"wp:attachment":[{"href":"https:\/\/medizinonline.com\/it\/wp-json\/wp\/v2\/media?parent=561533"}],"wp:term":[{"taxonomy":"category","embeddable":true,"href":"https:\/\/medizinonline.com\/it\/wp-json\/wp\/v2\/category?post=561533"},{"taxonomy":"post_tag","embeddable":true,"href":"https:\/\/medizinonline.com\/it\/wp-json\/wp\/v2\/tags?post=561533"},{"taxonomy":"powerkit_post_featured","embeddable":true,"href":"https:\/\/medizinonline.com\/it\/wp-json\/wp\/v2\/powerkit_post_featured?post=561533"}],"curies":[{"name":"wp","href":"https:\/\/api.w.org\/{rel}","templated":true}]}}