{"id":562197,"date":"2026-09-04T21:07:14","date_gmt":"2026-09-04T19:07:14","guid":{"rendered":"https:\/\/medizinonline.com\/?p=562197"},"modified":"2026-09-04T21:07:20","modified_gmt":"2026-09-04T19:07:20","slug":"quadro-clinico-diagnosi-e-trattamento","status":"publish","type":"post","link":"https:\/\/medizinonline.com\/it\/quadro-clinico-diagnosi-e-trattamento\/","title":{"rendered":"Quadro clinico, diagnosi e trattamento"},"content":{"rendered":"\n<p class=\"wp-block-paragraph\"><strong>I sintomi tipici di questa osteocondrosi e dell\u2019infiammazione della tuberosit\u00e0 tibiale sono disturbi legati allo sforzo fisico riscontrati negli atleti adolescenti. I soggetti pi\u00f9 comunemente colpiti sono i bambini di et\u00e0 compresa tra i 10 e i 15 anni. I sintomi comprendono dolore, gonfiore e sensibilit\u00e0 in corrispondenza del tubercolo tibiale, nel punto di inserzione del tendine rotuleo. La diagnosi si basa sull\u2019anamnesi, sull\u2019esame clinico e sugli esami di imaging. Il trattamento \u00e8 generalmente di tipo conservativo.<\/strong><\/p>\n\n<div class=\"pmpro\"><div class=\"pmpro_card pmpro_content_message\"><div class=\"pmpro_card_content\">Dieser Inhalt ist nur f\u00fcr Benutzer der Gruppe: Medizinische Fachperson zug\u00e4nglich <br \/><a href=\"https:\/\/medizinonline.com\/it\/il-mio-conto\/pacchetti\/\">Jetzt beitreten<\/a><\/div><div class=\"pmpro_card_actions pmpro_font-medium\">Already a member? <a href=\"https:\/\/medizinonline.com\/it\/effettuare-il-login\/?redirect_to=https%3A%2F%2Fmedizinonline.com%2Fit%2Fquadro-clinico-diagnosi-e-trattamento%2F\">Accedi<\/a><\/div><\/div><\/div>","protected":false},"excerpt":{"rendered":"<p>I sintomi tipici di questa osteocondrosi e dell\u2019infiammazione della tuberosit\u00e0 tibiale sono disturbi legati allo sforzo fisico riscontrati negli atleti adolescenti. I soggetti pi\u00f9 comunemente colpiti sono i bambini di&#8230;&hellip;... <\/p>\n<div class=\"pmpro\"><div class=\"pmpro_card pmpro_content_message\"><div class=\"pmpro_card_content\">Dieser Inhalt ist nur f\u00fcr Benutzer der Gruppe: Medizinische Fachperson zug\u00e4nglich <br \/><a href=\"https:\/\/medizinonline.com\/it\/il-mio-conto\/pacchetti\/\">Jetzt beitreten<\/a><\/div><div class=\"pmpro_card_actions pmpro_font-medium\">Already a member? <a href=\"https:\/\/medizinonline.com\/it\/effettuare-il-login\/?redirect_to=https%3A%2F%2Fmedizinonline.com%2Fit%2Fquadro-clinico-diagnosi-e-trattamento%2F\">Accedi<\/a><\/div><\/div><\/div>","protected":false},"author":7,"featured_media":562202,"comment_status":"closed","ping_status":"closed","sticky":false,"template":"","format":"standard","meta":{"_acf_changed":false,"pmpro_default_level":"","cat_1_feature_home_top":false,"cat_2_editor_pick":false,"csco_eyebrow_text":"Malattia di Osgood-Schlatter  ","footnotes":"","_members_access_role":[],"_members_access_error":""},"category":[11550,11528,11519,11440,11443],"tags":[12267,99058,99060,99061,14948,99059,99056,99057,99063,99055,12651],"powerkit_post_featured":[],"class_list":["post-562197","post","type-post","status-publish","format-standard","has-post-thumbnail","category-rx-it","category-casi","category-formazione-continua","category-ortopedia-it","category-pediatria-it","tag-diagnosi","tag-disturbi-dovuti-allo-sforzo","tag-giovani-atleti","tag-gonfiore","tag-il-dolore-it","tag-infiammazione-della-tuberosita-tibiale","tag-malattia-di-osgood-schlatter","tag-osteocondrosi-2","tag-punto-di-inserzione-del-tendine-rotuleo","tag-quadro-clinico","tag-trattamento","pmpro-level-required","pmpro-level-1","pmpro-no-access"],"acf":[],"publishpress_future_action":{"enabled":false,"date":"2026-09-11 23:38:04","action":"change-status","newStatus":"draft","terms":[],"taxonomy":"category","extraData":[]},"publishpress_future_workflow_manual_trigger":{"enabledWorkflows":[]},"wpml_current_locale":"it_IT","wpml_translations":{"pt_PT":{"locale":"pt_PT","id":562206,"slug":"quadro-clinico-diagnostico-e-tratamento","post_title":"Quadro cl\u00ednico, diagn\u00f3stico e tratamento","href":"https:\/\/medizinonline.com\/pt-pt\/quadro-clinico-diagnostico-e-tratamento\/"},"es_ES":{"locale":"es_ES","id":562217,"slug":"cuadro-clinico-diagnostico-y-tratamiento","post_title":"Cuadro cl\u00ednico, diagn\u00f3stico y tratamiento","href":"https:\/\/medizinonline.com\/es\/cuadro-clinico-diagnostico-y-tratamiento\/"}},"_links":{"self":[{"href":"https:\/\/medizinonline.com\/it\/wp-json\/wp\/v2\/posts\/562197","targetHints":{"allow":["GET"]}}],"collection":[{"href":"https:\/\/medizinonline.com\/it\/wp-json\/wp\/v2\/posts"}],"about":[{"href":"https:\/\/medizinonline.com\/it\/wp-json\/wp\/v2\/types\/post"}],"author":[{"embeddable":true,"href":"https:\/\/medizinonline.com\/it\/wp-json\/wp\/v2\/users\/7"}],"replies":[{"embeddable":true,"href":"https:\/\/medizinonline.com\/it\/wp-json\/wp\/v2\/comments?post=562197"}],"version-history":[{"count":1,"href":"https:\/\/medizinonline.com\/it\/wp-json\/wp\/v2\/posts\/562197\/revisions"}],"predecessor-version":[{"id":564487,"href":"https:\/\/medizinonline.com\/it\/wp-json\/wp\/v2\/posts\/562197\/revisions\/564487"}],"wp:featuredmedia":[{"embeddable":true,"href":"https:\/\/medizinonline.com\/it\/wp-json\/wp\/v2\/media\/562202"}],"wp:attachment":[{"href":"https:\/\/medizinonline.com\/it\/wp-json\/wp\/v2\/media?parent=562197"}],"wp:term":[{"taxonomy":"category","embeddable":true,"href":"https:\/\/medizinonline.com\/it\/wp-json\/wp\/v2\/category?post=562197"},{"taxonomy":"post_tag","embeddable":true,"href":"https:\/\/medizinonline.com\/it\/wp-json\/wp\/v2\/tags?post=562197"},{"taxonomy":"powerkit_post_featured","embeddable":true,"href":"https:\/\/medizinonline.com\/it\/wp-json\/wp\/v2\/powerkit_post_featured?post=562197"}],"curies":[{"name":"wp","href":"https:\/\/api.w.org\/{rel}","templated":true}]}}