{"id":563866,"date":"2026-08-26T03:00:00","date_gmt":"2026-08-26T01:00:00","guid":{"rendered":"https:\/\/medizinonline.com\/per-la-gestione-a-lungo-termine-sono-essenziali-opzioni-terapeutiche-antinfiammatorie-prive-di-steroidi\/"},"modified":"2026-08-31T16:35:19","modified_gmt":"2026-08-31T14:35:19","slug":"per-la-gestione-a-lungo-termine-sono-essenziali-opzioni-terapeutiche-antinfiammatorie-prive-di-steroidi","status":"publish","type":"post","link":"https:\/\/medizinonline.com\/it\/per-la-gestione-a-lungo-termine-sono-essenziali-opzioni-terapeutiche-antinfiammatorie-prive-di-steroidi\/","title":{"rendered":"Per la gestione a lungo termine sono essenziali opzioni terapeutiche antinfiammatorie prive di steroidi"},"content":{"rendered":"\n<p class=\"wp-block-paragraph\"><strong>L\u2019eczema cronico delle mani (CHE) \u00e8 una delle malattie infiammatorie della pelle pi\u00f9 ostinate nell\u2019et\u00e0 adulta. Circa un terzo dei pazienti soffre di eczema delle mani da moderato a grave. Il trattamento dell\u2019ECH mira a un sollievo duraturo dai sintomi, affinch\u00e9 i pazienti possano raggiungere una buona qualit\u00e0 della vita e riprendere le normali attivit\u00e0 quotidiane. Molti dei pazienti affetti non rispondono in modo adeguato agli steroidi topici (TCS) oppure, in caso di uso prolungato, soffrono di effetti collaterali. Pertanto, per la gestione a lungo termine, \u00e8 consigliabile ricorrere a un\u2019opzione ben tollerata, efficace e priva di steroidi.<\/strong><\/p>\n\n<div class=\"pmpro\"><div class=\"pmpro_card pmpro_content_message\"><div class=\"pmpro_card_content\">Dieser Inhalt ist nur f\u00fcr Benutzer der Gruppe: Medizinische Fachperson zug\u00e4nglich <br \/><a href=\"https:\/\/medizinonline.com\/it\/il-mio-conto\/pacchetti\/\">Jetzt beitreten<\/a><\/div><div class=\"pmpro_card_actions pmpro_font-medium\">Already a member? <a href=\"https:\/\/medizinonline.com\/it\/effettuare-il-login\/?redirect_to=https%3A%2F%2Fmedizinonline.com%2Fit%2Fper-la-gestione-a-lungo-termine-sono-essenziali-opzioni-terapeutiche-antinfiammatorie-prive-di-steroidi%2F\">Accedi<\/a><\/div><\/div><\/div>","protected":false},"excerpt":{"rendered":"<p>L\u2019eczema cronico delle mani (CHE) \u00e8 una delle malattie infiammatorie della pelle pi\u00f9 ostinate nell\u2019et\u00e0 adulta. Circa un terzo dei pazienti soffre di eczema delle mani da moderato a grave&#8230;.&hellip;... <\/p>\n<div class=\"pmpro\"><div class=\"pmpro_card pmpro_content_message\"><div class=\"pmpro_card_content\">Dieser Inhalt ist nur f\u00fcr Benutzer der Gruppe: Medizinische Fachperson zug\u00e4nglich <br \/><a href=\"https:\/\/medizinonline.com\/it\/il-mio-conto\/pacchetti\/\">Jetzt beitreten<\/a><\/div><div class=\"pmpro_card_actions pmpro_font-medium\">Already a member? <a href=\"https:\/\/medizinonline.com\/it\/effettuare-il-login\/?redirect_to=https%3A%2F%2Fmedizinonline.com%2Fit%2Fper-la-gestione-a-lungo-termine-sono-essenziali-opzioni-terapeutiche-antinfiammatorie-prive-di-steroidi%2F\">Accedi<\/a><\/div><\/div><\/div>","protected":false},"author":7,"featured_media":563867,"comment_status":"closed","ping_status":"closed","sticky":false,"template":"","format":"standard","meta":{"_acf_changed":false,"pmpro_default_level":"","cat_1_feature_home_top":false,"cat_2_editor_pick":false,"csco_eyebrow_text":"Eczema cronico delle mani: frequente, di lunga durata e fastidioso  ","footnotes":"","_members_access_role":[],"_members_access_error":""},"category":[11550,11343,11351,11452,11515],"tags":[72003,82428,80598,19740,86005,33109,16648,100051,17509,18343],"powerkit_post_featured":[],"class_list":["post-563866","post","type-post","status-publish","format-standard","has-post-thumbnail","category-rx-it","category-allergologia-e-immunologia-clinica","category-dermatologia-e-venereologia","category-farmacologia-e-tossicologia","category-studi","tag-alitretinoina","tag-anzupgo-it","tag-delgocitinib-it","tag-delta-it","tag-delta-force","tag-eczema-cronico-delle-mani","tag-gestione-a-lungo-termine","tag-senza-steroidi","tag-steroidi-topici","tag-tcs-it","pmpro-level-required","pmpro-level-1","pmpro-no-access"],"acf":[],"publishpress_future_action":{"enabled":false,"date":"2026-09-10 11:02:53","action":"change-status","newStatus":"draft","terms":[],"taxonomy":"category","extraData":[]},"publishpress_future_workflow_manual_trigger":{"enabledWorkflows":[]},"wpml_current_locale":"it_IT","wpml_translations":{"pt_PT":{"locale":"pt_PT","id":563869,"slug":"para-a-gestao-a-longo-prazo-as-opcoes-terapeuticas-anti-inflamatorias-sem-esteroides-sao-essenciais","post_title":"Para a gest\u00e3o a longo prazo, as op\u00e7\u00f5es terap\u00eauticas anti-inflamat\u00f3rias sem ester\u00f3ides s\u00e3o essenciais","href":"https:\/\/medizinonline.com\/pt-pt\/para-a-gestao-a-longo-prazo-as-opcoes-terapeuticas-anti-inflamatorias-sem-esteroides-sao-essenciais\/"},"es_ES":{"locale":"es_ES","id":563872,"slug":"para-el-tratamiento-a-largo-plazo-son-esenciales-las-opciones-terapeuticas-antiinflamatorias-sin-esteroides","post_title":"Para el tratamiento a largo plazo, son esenciales las opciones terap\u00e9uticas antiinflamatorias sin esteroides","href":"https:\/\/medizinonline.com\/es\/para-el-tratamiento-a-largo-plazo-son-esenciales-las-opciones-terapeuticas-antiinflamatorias-sin-esteroides\/"}},"_links":{"self":[{"href":"https:\/\/medizinonline.com\/it\/wp-json\/wp\/v2\/posts\/563866","targetHints":{"allow":["GET"]}}],"collection":[{"href":"https:\/\/medizinonline.com\/it\/wp-json\/wp\/v2\/posts"}],"about":[{"href":"https:\/\/medizinonline.com\/it\/wp-json\/wp\/v2\/types\/post"}],"author":[{"embeddable":true,"href":"https:\/\/medizinonline.com\/it\/wp-json\/wp\/v2\/users\/7"}],"replies":[{"embeddable":true,"href":"https:\/\/medizinonline.com\/it\/wp-json\/wp\/v2\/comments?post=563866"}],"version-history":[{"count":1,"href":"https:\/\/medizinonline.com\/it\/wp-json\/wp\/v2\/posts\/563866\/revisions"}],"predecessor-version":[{"id":563868,"href":"https:\/\/medizinonline.com\/it\/wp-json\/wp\/v2\/posts\/563866\/revisions\/563868"}],"wp:featuredmedia":[{"embeddable":true,"href":"https:\/\/medizinonline.com\/it\/wp-json\/wp\/v2\/media\/563867"}],"wp:attachment":[{"href":"https:\/\/medizinonline.com\/it\/wp-json\/wp\/v2\/media?parent=563866"}],"wp:term":[{"taxonomy":"category","embeddable":true,"href":"https:\/\/medizinonline.com\/it\/wp-json\/wp\/v2\/category?post=563866"},{"taxonomy":"post_tag","embeddable":true,"href":"https:\/\/medizinonline.com\/it\/wp-json\/wp\/v2\/tags?post=563866"},{"taxonomy":"powerkit_post_featured","embeddable":true,"href":"https:\/\/medizinonline.com\/it\/wp-json\/wp\/v2\/powerkit_post_featured?post=563866"}],"curies":[{"name":"wp","href":"https:\/\/api.w.org\/{rel}","templated":true}]}}