{"id":322202,"date":"2022-04-07T08:30:12","date_gmt":"2022-04-07T06:30:12","guid":{"rendered":"https:\/\/medizinonline.com\/terapia-especifica-para-as-e-psa-em-uso-ha-mais-de-um-ano-1\/"},"modified":"2022-04-07T08:30:12","modified_gmt":"2022-04-07T06:30:12","slug":"terapia-especifica-para-as-e-psa-em-uso-ha-mais-de-um-ano-1","status":"publish","type":"post","link":"https:\/\/medizinonline.com\/pt-pt\/terapia-especifica-para-as-e-psa-em-uso-ha-mais-de-um-ano-1\/","title":{"rendered":"Terapia espec\u00edfica para AS e PsA em uso h\u00e1 mais de um ano [1]"},"content":{"rendered":"<p>A espondilite anquilosante (AS) e a artrite psori\u00e1sica (PsA) podem causar danos permanentes nas articula\u00e7\u00f5es e reduzir significativamente a qualidade de vida das pessoas afectadas [2, 3]. H\u00e1 mais de um ano que um tratamento espec\u00edfico adicional est\u00e1 dispon\u00edvel para estes doentes [1].<\/p>\n<p><!--more--><\/p>\n<p>Ap\u00f3s a aprova\u00e7\u00e3o bem sucedida do upadacitinib (RINVOQ\u00ae) na artrite reumat\u00f3ide (AR) em Janeiro de 2020, seguiram-se mais duas aprova\u00e7\u00f5es no AS e no PsA num espa\u00e7o de tempo muito curto [1, 4]. A partir de 23 de Mar\u00e7o de 2021, o upadacitinib est\u00e1 dispon\u00edvel para o tratamento de doentes adultos com AS que tiveram uma resposta inadequada aos anti-inflamat\u00f3rios n\u00e3o ester\u00f3ides (AINEs) e em PsA ap\u00f3s uma resposta inadequada ou intoler\u00e2ncia aos DMARD [1, 5]. A aprova\u00e7\u00e3o do inibidor selectivo e revers\u00edvel Janus kinase (JAK) para AR moderada a severa ap\u00f3s resposta inadequada ou intoler\u00e2ncia a pelo menos um csDMARD baseou-se nos resultados positivos do programa de ensaio SELECT-RA abrangente envolvendo mais de 4.380 pacientes adultos [5]. Os factores decisivos para as extens\u00f5es de indica\u00e7\u00e3o AS e PsA foram os resultados do estudo aleat\u00f3rio fase II\/III SELECT-AXIS 1 e os dois estudos aleat\u00f3rios pivotais fase III SELECT-PsA 1 e 2 [3, 6, 7]. Globalmente, o upadacitinib \u00e9 o primeiro e actualmente o \u00fanico inibidor JAK que pode ser utilizado em RA, AS e PsA [8].<\/p>\n<p><strong>Primeiro em Classe no AS [8]<\/strong><\/p>\n<p>No SELECT-AXIS 1 com 187 pacientes bDMARD-na\u00efve AS que tinham tido uma resposta inadequada a pelo menos dois AINE ou tinham uma intoler\u00e2ncia ou contra-indica\u00e7\u00e3o correspondente, a taxa de resposta ASAS40 (melhoria de \u226540% nos crit\u00e9rios de doen\u00e7a de acordo com a Avalia\u00e7\u00e3o da Sociedade Internacional de Espondilo-Artrites; par\u00e2metro prim\u00e1rio) no grupo de 15 mg de upadacitinib foi duas vezes mais elevada do que no bra\u00e7o de placebo a 52% na semana 14 (p=0,0003). O Upadacitinib tamb\u00e9m atingiu signific\u00e2ncia estat\u00edstica em v\u00e1rios pontos finais secund\u00e1rios relacionados com a multiplicidade de actividades da doen\u00e7a, em compara\u00e7\u00e3o com o placebo na semana 14. Al\u00e9m disso, os pacientes do SELECT-AXIS 1 beneficiaram de uma resposta ao upadacitinib no prazo de duas semanas [3]. Upadacitinib \u00e9 o primeiro inibidor JAK com aprova\u00e7\u00e3o no AS na Su\u00ed\u00e7a e oferece uma nova e eficaz abordagem terap\u00eautica aqui [5, 8].<\/p>\n<p><strong>Os pontos finais prim\u00e1rios e secund\u00e1rios foram atingidos em ambos os ensaios de PsA [6, 7].<\/strong><\/p>\n<p>O SELECT-PsA 1 comparou a efic\u00e1cia e seguran\u00e7a do upadacitinib com placebo e adalimumab em 1.705 doentes de 1.705 PsA que tinham uma resposta inadequada ou intoler\u00e2ncia a DMARD n\u00e3o biol\u00f3gicos. Neste estudo, 70,6% dos pacientes que tomaram oadacitinib 15 mg uma vez por dia e 36,2% que tomaram placebo cumpriram o ponto final prim\u00e1rio da resposta ao ACR20 (melhoria de \u226520% nos crit\u00e9rios da doen\u00e7a de acordo com o American College of Rheumatology) na semana 12 (p&lt;0,001). No grupo que recebe 40 mg de adalimumab de duas em duas semanas, este foi o caso em 65,0% dos doentes, demonstrando a n\u00e3o-inferioridade do upadacitinib ao adalimumab (p&lt;0,001 para a n\u00e3o-inferioridade) [6]. Ap\u00f3s 56 semanas, 59,7% dos pacientes em upadacitinib e 51,3% dos pacientes em adalimumab tinham atingido uma resposta ACR50 (p\u22640.05) [9]. No SELECT-PsA 2 com 642 pacientes PsA que tinham respondido inadequadamente ou eram intolerantes a pelo menos um bDMARD, a taxa de resposta do ACR50 com upadacitinib foi de 40,8% ap\u00f3s 56 semanas [7]. Em ambas as popula\u00e7\u00f5es de doentes, o upadacitinib mostrou uma resposta r\u00e1pida no prazo de duas semanas. O tratamento cont\u00ednuo com upadacitinib durante 56 semanas foi associado a melhorias na maioria das manifesta\u00e7\u00f5es clinicamente relevantes do PsA [7, 9].<\/p>\n<p><strong>Perfil de seguran\u00e7a do upadacitinib<\/strong><\/p>\n<p>No SELECT-AXIS 1, ocorreu uma m\u00e9dia de 5,9 eventos adversos graves com upadacitinib por 100 doentes\/ano [10]; Numa an\u00e1lise integrada dos ensaios SELECT-PsA 1 e PsA 2, a taxa de eventos adversos graves por 100 doentes\/ano foi de 10,3 com upadacitinib, 9,6 com adalimumab e 8,2 com placebo. O herpes zoster ocorreu mais frequentemente nos ensaios SELECT-PsA com upadacitinib do que com placebo e adalimumab [11]. No entanto, a maioria dos casos n\u00e3o eram graves e estavam limitados a um dermatoma, o que tamb\u00e9m foi observado nos casos isolados de herpes zoster no SELECT-AXIS 1 [10, 11]. Em compara\u00e7\u00e3o com os ensaios do upadacitinib RA, n\u00e3o foram identificados novos sinais de seguran\u00e7a com upadacitinib [10, 11].<\/p>\n<p><a href=\"https:\/\/www.medizinonline.com\/artikel\/kurzfachinformationen\" target=\"_blank\" rel=\"noopener\"><u>Breve informa\u00e7\u00e3o t\u00e9cnica RINVOQ<\/u><sup>\u00ae<\/sup><\/a><\/p>\n<p>CH-RNQP-220019_03\/2022<\/p>\n<p><strong>Literatura<\/strong><\/p>\n<div>\n<div><span style=\"font-size: 9px;\">1\u00aa revista Swissmedicjournal 03\/2021.  <a href=\"https:\/\/www.swissmedic.ch\/swissmedic\/de\/home\/ueber-uns\/publikationen\/swissmedic-journal\/swissmedic-journal-2021.html\" target=\"_blank\" rel=\"noopener\">https:\/\/www.swissmedic.ch\/swissmedic\/de\/home\/ueber-uns\/publikationen\/swissmedic-journal\/swissmedic-journal-2021.html<\/a><\/span><\/div>\n<div><span style=\"font-size: 9px;\">2 Gudu T et al. Qualidade de vida na artrite psori\u00e1sica. Perito Rev Clin Immunol, 2018. 14(5): p. 405-417.<\/span><\/div>\n<div><span style=\"font-size: 9px;\">3. van der Heijde D et al. Efic\u00e1cia e seguran\u00e7a do upadacitinib em pacientes com espondilite anquilosante activa (SELECT-AXIS 1): um ensaio multic\u00eantrico, aleat\u00f3rio, duplo-cego, controlado por placebo, fase 2\/3. Lancet, 2019. 394(10214): p. 2108-2117.<\/span><\/div>\n<div><span style=\"font-size: 9px;\">4 Swissmedicjournal 01\/2020.  <a href=\"https:\/\/www.swissmedic.ch\/swissmedic\/de\/home\/ueber-uns\/publikationen\/swissmedic-journal\/swissmedic-journal-2020.html\" target=\"_blank\" rel=\"noopener\">https:\/\/www.swissmedic.ch\/swissmedic\/de\/home\/ueber-uns\/publikationen\/swissmedic-journal\/swissmedic-journal-2020.html<\/a><\/span><\/div>\n<div><span style=\"font-size: 9px;\">5. Resumo actual das caracter\u00edsticas do produto RINVOQ\u00ae (upadacitinib) em <a href=\"http:\/\/www.swissmedicinfo.ch\" target=\"_blank\" rel=\"noopener\">www.swissmedicinfo.ch<\/a><\/span><\/div>\n<div><span style=\"font-size: 9px;\">6 McInnes IB et al. Ensaio de Upadacitinib e Adalimumab para Artrite Psori\u00e1tica<em>.<\/em> N Engl J Med, 2021. 384(13): p. 1227-1239<\/span><\/div>\n<div><span style=\"font-size: 9px;\">7 Mease PJ et al. Upadacitinib em Pacientes com Artrite Psori\u00e1tica e Resposta Inadequada \u00e0 Biologia: Dados de 56 semanas do Estudo Randomized Controlled Phase 3 SELECT-PsA 2. Rheumatol Ther, 2021. 8(2): p. 903-919.<\/span><\/div>\n<div><span style=\"font-size: 9px;\">8. Lista actual de medicamentos para uso humano autorizados. Visualiz\u00e1vel em&nbsp;<\/span><span style=\"font-size: 9px;\"><a href=\"https:\/\/www.swissmedic.ch\/swissmedic\/de\/home\/services\/listen_neu.html\" target=\"_blank\" rel=\"noopener\">https:\/\/www.swissmedic.ch\/swissmedic\/de\/home\/services\/listen_neu.html<\/a>.<\/span><\/div>\n<div><span style=\"font-size: 9px;\">9 McInnes IB et al. Upadacitinib em pacientes com artrite psori\u00e1sica e uma resposta inadequada \u00e0 terapia n\u00e3o biol\u00f3gica: 56 semanas de dados do estudo fase 3 SELECT-PsA 1. RMD Open, 2021. 7(3).<\/span><\/div>\n<div><span style=\"font-size: 9px;\">10 Deodhar A et al. Seguran\u00e7a e Efic\u00e1cia do Upadacitinib em Pacientes com Espondilite Anquilosante Activa e uma<em> Resposta<\/em> Inadequada \u00e0 Terapia Antiinflamat\u00f3ria Nonsteroidal: Resultados de um Ano de um Estudo de Dupla Liga\u00e7\u00e3o, Estudo de Placebo-Controlado e Extens\u00e3o de R\u00f3tulo Aberto. Arthritis Rheumatol, 2022. 74(1): p. 70-80.<\/span><\/div>\n<div><span style=\"font-size: 9px;\">11 Burmester GR et al. Perfil de Seguran\u00e7a do Upadacitinib at\u00e9 3 Anos em Artrite Psori\u00e1tica: Uma An\u00e1lise Integrada de Duas Experi\u00eancias Pivotal Fase 3. Rheumatol Ther, 2021: p. 1-19.<\/span><\/div>\n<\/div>\n<div><\/div>\n<p>As refer\u00eancias podem ser solicitadas por profissionais em medinfo.ch@abbvie.com.<\/p>\n<p><strong>Com o apoio financeiro da AbbVie AG, Alte Steinhauserstrasse 14, 6330 Cham.<\/strong><\/p>\n<p><em>Contribui\u00e7\u00e3o online desde 24.03.2021<\/em><\/p>\n<p><em>Publica\u00e7\u00e3o actualizada 08.04.2022<\/em><\/p>\n","protected":false},"excerpt":{"rendered":"<p>A espondilite anquilosante (AS) e a artrite psori\u00e1sica (PsA) podem causar danos permanentes nas articula\u00e7\u00f5es e reduzir significativamente a qualidade de vida das pessoas afectadas [2, 3]. H\u00e1 mais de&hellip;<\/p>\n","protected":false},"author":15,"featured_media":105248,"comment_status":"closed","ping_status":"closed","sticky":false,"template":"","format":"standard","meta":{"_acf_changed":false,"pmpro_default_level":"","cat_1_feature_home_top":false,"cat_2_editor_pick":false,"csco_eyebrow_text":"Doen\u00e7as reum\u00e1ticas inflamat\u00f3rias","footnotes":""},"category":[11339,11496,11551],"tags":[11690],"powerkit_post_featured":[],"class_list":["post-322202","post","type-post","status-publish","format-standard","has-post-thumbnail","category-conteudo-do-parceiro","category-reumatologia-pt-pt","category-rx-pt","tag-doencas-reumaticas-inflamatorias-factos-e-experiencias","pmpro-has-access"],"acf":[],"publishpress_future_action":{"enabled":false,"date":"2026-05-06 14:00:37","action":"change-status","newStatus":"draft","terms":[],"taxonomy":"category","extraData":[]},"publishpress_future_workflow_manual_trigger":{"enabledWorkflows":[]},"wpml_current_locale":"pt_PT","wpml_translations":{"es_ES":{"locale":"es_ES","id":322203,"slug":"terapia-dirigida-para-la-ea-y-la-aps-en-uso-desde-hace-mas-de-un-ano-1","post_title":"Terapia dirigida para la EA y la APs en uso desde hace m\u00e1s de un a\u00f1o [1].","href":"https:\/\/medizinonline.com\/es\/terapia-dirigida-para-la-ea-y-la-aps-en-uso-desde-hace-mas-de-un-ano-1\/"}},"_links":{"self":[{"href":"https:\/\/medizinonline.com\/pt-pt\/wp-json\/wp\/v2\/posts\/322202","targetHints":{"allow":["GET"]}}],"collection":[{"href":"https:\/\/medizinonline.com\/pt-pt\/wp-json\/wp\/v2\/posts"}],"about":[{"href":"https:\/\/medizinonline.com\/pt-pt\/wp-json\/wp\/v2\/types\/post"}],"author":[{"embeddable":true,"href":"https:\/\/medizinonline.com\/pt-pt\/wp-json\/wp\/v2\/users\/15"}],"replies":[{"embeddable":true,"href":"https:\/\/medizinonline.com\/pt-pt\/wp-json\/wp\/v2\/comments?post=322202"}],"version-history":[{"count":1,"href":"https:\/\/medizinonline.com\/pt-pt\/wp-json\/wp\/v2\/posts\/322202\/revisions"}],"predecessor-version":[{"id":323019,"href":"https:\/\/medizinonline.com\/pt-pt\/wp-json\/wp\/v2\/posts\/322202\/revisions\/323019"}],"wp:featuredmedia":[{"embeddable":true,"href":"https:\/\/medizinonline.com\/pt-pt\/wp-json\/wp\/v2\/media\/105248"}],"wp:attachment":[{"href":"https:\/\/medizinonline.com\/pt-pt\/wp-json\/wp\/v2\/media?parent=322202"}],"wp:term":[{"taxonomy":"category","embeddable":true,"href":"https:\/\/medizinonline.com\/pt-pt\/wp-json\/wp\/v2\/category?post=322202"},{"taxonomy":"post_tag","embeddable":true,"href":"https:\/\/medizinonline.com\/pt-pt\/wp-json\/wp\/v2\/tags?post=322202"},{"taxonomy":"powerkit_post_featured","embeddable":true,"href":"https:\/\/medizinonline.com\/pt-pt\/wp-json\/wp\/v2\/powerkit_post_featured?post=322202"}],"curies":[{"name":"wp","href":"https:\/\/api.w.org\/{rel}","templated":true}]}}