{"id":322699,"date":"2022-07-05T14:44:41","date_gmt":"2022-07-05T12:44:41","guid":{"rendered":"https:\/\/medizinonline.com\/garantia-de-qualidade-no-ibd-qual-e-a-nossa-posicao-hoje\/"},"modified":"2023-01-10T11:03:04","modified_gmt":"2023-01-10T10:03:04","slug":"garantia-de-qualidade-no-ibd-qual-e-a-nossa-posicao-hoje","status":"publish","type":"post","link":"https:\/\/medizinonline.com\/pt-pt\/garantia-de-qualidade-no-ibd-qual-e-a-nossa-posicao-hoje\/","title":{"rendered":"Garantia de qualidade no IBD &#8211; Qual \u00e9 a nossa posi\u00e7\u00e3o hoje?"},"content":{"rendered":"<p><strong>A gest\u00e3o da doen\u00e7a inflamat\u00f3ria intestinal (IBD) \u00e9 complexa e requer elevados padr\u00f5es de qualidade de cuidados e tratamento. No podcast seguinte, Sophie Buyse, MD, e Prof. Stephan Vavricka, MD, discutem o que \u00e9 importante na garantia de qualidade por ocasi\u00e3o da revis\u00e3o parcial do Artigo 58 KVG. Ou\u00e7am dentro!<\/strong><\/p>\n<p><!--more--><\/p>\n<p>Para Sophie Buyse, MD, especialista em gastroenterologia e hepatologia em Yverdon-les-Bains, e Prof. Stephan Vavricka, MD, especialista em gastroenterologia e medicina interna geral no Centro de Gastroenterologia e Hepatologia em Zurique, a qualidade do tratamento e dos cuidados aos pacientes \u00e9 primordial. Durante os cerca de 15 minutos de discuss\u00e3o, abordam, entre outras, as seguintes quest\u00f5es:<\/p>\n<ul>\n<li>Em que consiste a revis\u00e3o parcial do artigo 58 KVG e que inova\u00e7\u00f5es ir\u00e1 trazer?<\/li>\n<li>Quais s\u00e3o os objectivos de qualidade para o tratamento de pacientes com DII?<\/li>\n<li>Como \u00e9 que o diagn\u00f3stico precoce, a defini\u00e7\u00e3o clara dos objectivos de tratamento a curto e longo prazo e o controlo rigoroso da actividade da doen\u00e7a podem contribuir para a garantia de qualidade&nbsp;e que inova\u00e7\u00f5es trazem as actuais <a href=\"http:\/\/www.abbviepro.com\/ch\/de\/immunology\/gastroenterology\/stride-ii.html\" target=\"_blank\" rel=\"noopener\">recomenda\u00e7\u00f5es STRIDE II<\/a> a este respeito?<\/li>\n<li>O que deve ser considerado no que respeita \u00e0 gest\u00e3o de doen\u00e7as concomitantes e efeitos secund\u00e1rios?<\/li>\n<li>Qual \u00e9 o papel da comunica\u00e7\u00e3o m\u00e9dico-paciente e qual \u00e9 a nossa posi\u00e7\u00e3o em rela\u00e7\u00e3o \u00e0 sa\u00fade electr\u00f3nica na situa\u00e7\u00e3o dos cuidados de sa\u00fade do IBD?<\/li>\n<li>Qual \u00e9 a situa\u00e7\u00e3o actual na Su\u00ed\u00e7a no que diz respeito \u00e0 garantia de qualidade no IBD?<\/li>\n<li>Onde h\u00e1 margem para melhorias e que desafios precisam de ser ultrapassados?<\/li>\n<\/ul>\n<p><iframe title=\"Gastro_Final.mov\" data-src=\"https:\/\/player.vimeo.com\/video\/732023807?h=9249cd08ca&amp;badge=0&amp;autopause=0&amp;player_id=0&amp;app_id=58479\" width=\"1920\" height=\"1080\" frameborder=\"0\" allowfullscreen=\"allowfullscreen\" src=\"data:image\/svg+xml;base64,PHN2ZyB3aWR0aD0iMSIgaGVpZ2h0PSIxIiB4bWxucz0iaHR0cDovL3d3dy53My5vcmcvMjAwMC9zdmciPjwvc3ZnPg==\" class=\"lazyload\" data-load-mode=\"1\"><\/iframe><\/p>\n<table style=\"width: 500px;\" border=\"1\" cellspacing=\"1\" cellpadding=\"1\" align=\"center\">\n<tbody>\n<tr>\n<td>\n<p class=\"rtecenter\">\n<p class=\"rtecenter\"><strong>Quais s\u00e3o os objectivos de tratamento actuais para o IBD de acordo com STRIDE II?<\/strong><\/p>\n<p class=\"rtecenter\">Saiba mais sobre <a href=\"https:\/\/www.abbviepro.com\/ch\/de\/immunology\/gastroenterology\/stride-ii.html\" target=\"_blank\" rel=\"noopener\"><br \/>\n  <u>aqui<\/u><br \/>\n<\/a> mais sobre a actualiza\u00e7\u00e3o das recomenda\u00e7\u00f5es STRIDE (Selecting Therapeutic Targets in Inflammatory Bowel Disease)!<\/p>\n<p class=\"rtecenter\">\n<\/td>\n<\/tr>\n<\/tbody>\n<\/table>\n<p>Saiba mais sobre os desenvolvimentos actuais relativos \u00e0 revis\u00e3o parcial do Artigo 58 KVG em&nbsp;<a href=\"https:\/\/www.fmh.ch\/themen\/qualitaet-saqm\/qualitaet-wirtschaftlichkeit.cfm#i148474\" target=\"_blank\" rel=\"noopener\">https:\/\/www.fmh.ch\/themen\/qualitaet-saqm\/qualitaet-wirtschaftlichkeit.cfm<\/a><\/p>\n<p><strong>Refer\u00eancias:<\/strong><\/p>\n<div><span style=\"font-size: 10px;\">1 Fiorino G et al. Qualidade dos cuidados de sa\u00fade Normas na doen\u00e7a inflamat\u00f3ria intestinal: Uma revis\u00e3o sistem\u00e1tica. J Crohns Colitis, 2019. 13(1): p. 127-137.<\/span><\/div>\n<div><span style=\"font-size: 10px;\">2 Colombel JF et al. Estrat\u00e9gias de Gest\u00e3o para Melhorar os Resultados dos Pacientes com Doen\u00e7as Intestinais Inflamat\u00f3rias. Gastroenterologia, 2017. 152(2): p. 351-361.e5.<\/span><\/div>\n<div><span style=\"font-size: 10px;\">3 Turner D et al. STRIDE-II: Uma actualiza\u00e7\u00e3o sobre a Iniciativa STRIDE (Selecting Therapeutic Targets in Inflammatory Bowel Disease) da Organiza\u00e7\u00e3o Internacional para o Estudo do IBD (IOIBD): Determina\u00e7\u00e3o de Objectivos Terap\u00eauticos para Estrat\u00e9gias de Tratamento da Doen\u00e7a Inflamat\u00f3ria do Col\u00f3n (IOIBD). Gastroenterologia, 2021. 160(5): p. 1570-1583.<\/span><\/div>\n<div><span style=\"font-size: 10px;\">4 Colombel JF et al. Efeito da gest\u00e3o de controlo apertado da doen\u00e7a de Crohn (CALM): um ensaio multic\u00eantrico, aleatorizado e controlado de fase 3. Lancet, 2017. 390(10114): p. 2779-2789.<\/span><\/div>\n<div><span style=\"font-size: 10px;\">5 Picco MF et al. Atingir a Cura Mucosal na Doen\u00e7a de Crohn. Gastroenterol Hepatol (N Y), 2019. 15(10): p. 529-538.<\/span><\/div>\n<div><span style=\"font-size: 10px;\">6 Maaser C et al. ECCO-ESGAR Guideline for Diagnostic Assessment in IBD Part 1: Initial diagnosis, monitoring of known IBD, detection of complications. J Crohns Colitis, 2019. 13(2): p. 144-164.<\/span><\/div>\n<div><span style=\"font-size: 10px;\">7 B\u00e4hler C et al. Comorbilidades cr\u00f3nicas associadas \u00e0 doen\u00e7a inflamat\u00f3ria intestinal: preval\u00eancia e impacto nos custos de sa\u00fade na Su\u00ed\u00e7a. Eur J Gastroenterol Hepatol, 2017. 29(8): p. 916-925.<\/span><\/div>\n<div><span style=\"font-size: 10px;\">8 Borren NZ et al. Fadiga no IBD: epidemiologia, fisiopatologia e gest\u00e3o. Nat Rev Gastroenterol Hepatol, 2019. 16(4): p. 247-259.<\/span><\/div>\n<div><span style=\"font-size: 10px;\">9 Bager P et al. Ensaio cl\u00ednico aleat\u00f3rio: tiamina oral de dose elevada versus placebo para fadiga cr\u00f3nica em doentes com doen\u00e7a inflamat\u00f3ria intestinal quiescente. Aliment Pharmacol Ther, 2021. 53(1): p. 79-86.<\/span><\/div>\n<div><span style=\"font-size: 10px;\">10 Bruscoli S et al. Terapia com Glucocortic\u00f3ides na Doen\u00e7a Inflamat\u00f3ria do Col\u00f3n: Mecanismos e Pr\u00e1tica Cl\u00ednica. Immunol frontal, 2021. 12: p. 691480.<\/span><\/div>\n<div><span style=\"font-size: 10px;\">11 Jeuring SFG et al. A Poupan\u00e7a de Corticoster\u00f3ides na Doen\u00e7a Intestinal Inflamat\u00f3ria \u00e9 Mais Frequentemente Conseguida no Imunomodulador e na Era Biol\u00f3gica &#8211; Resultados da Coorte IBDSL Baseada na Popula\u00e7\u00e3o Holandesa. Am J Gastroenterol, 2018. 113(3): p. 384-395.<\/span><\/div>\n<div><span style=\"font-size: 10px;\">12 Kucharzik T et al. A utiliza\u00e7\u00e3o de ultra-sons em doen\u00e7as inflamat\u00f3rias intestinais. Ann Gastroenterol, 2017. 30(2): p. 135-144.<\/span><\/div>\n<div><span style=\"font-size: 10px;\">13 Friedman AB et al. Efeito do ultra-som gastrointestinal no ponto de tratamento na tomada de decis\u00f5es e na gest\u00e3o de doen\u00e7as inflamat\u00f3rias intestinais. Aliment Pharmacol Ther, 2021. 54(5): p. 652-666.<\/span><\/div>\n<div><span style=\"font-size: 10px;\"><span style=\"font-size: 10px;\">14 Mettler AC et al. Utiliza\u00e7\u00e3o da telesa\u00fade e resultados antes de uma visita ao departamento de emerg\u00eancia: um estudo transversal sobre pacientes internados na Su\u00ed\u00e7a. Swiss Med Wkly, 2021. 151: p. w20543.<\/span><\/span><\/div>\n<p>As refer\u00eancias podem ser verificadas por especialistas em&nbsp;medinfo.ch@abbvie.com&nbsp;pode ser solicitado.<\/p>\n<p>Com o apoio financeiro da AbbVie AG, Alte Steinhauserstrasse 14, 6330 Cham.<\/p>\n<p>CH-HUMG-220047_06\/2022<\/p>\n<p>Contribui\u00e7\u00e3o online desde 05.07.2022<\/p>\n","protected":false},"excerpt":{"rendered":"<p>A gest\u00e3o da doen\u00e7a inflamat\u00f3ria intestinal (IBD) \u00e9 complexa e requer elevados padr\u00f5es de qualidade de cuidados e tratamento. No podcast seguinte, Sophie Buyse, MD, e Prof. Stephan Vavricka, MD,&hellip;<\/p>\n","protected":false},"author":14,"featured_media":121976,"comment_status":"closed","ping_status":"closed","sticky":false,"template":"","format":"standard","meta":{"_acf_changed":false,"pmpro_default_level":"","cat_1_feature_home_top":false,"cat_2_editor_pick":false,"csco_eyebrow_text":"Podcast de peritos  ","footnotes":""},"category":[11339,11533,11407,11305,11551],"tags":[11887],"powerkit_post_featured":[],"class_list":["post-322699","post","type-post","status-publish","format-standard","has-post-thumbnail","category-conteudo-do-parceiro","category-entrevistas-pt-pt","category-gastroenterologia-e-hepatologia","category-medicina-interna-geral","category-rx-pt","tag-forum-gastroenterologia-pt-pt","pmpro-has-access"],"acf":[],"publishpress_future_action":{"enabled":false,"date":"2026-05-04 07:28:46","action":"change-status","newStatus":"draft","terms":[],"taxonomy":"category","extraData":[]},"publishpress_future_workflow_manual_trigger":{"enabledWorkflows":[]},"wpml_current_locale":"pt_PT","wpml_translations":{"es_ES":{"locale":"es_ES","id":322696,"slug":"garantia-de-calidad-en-la-eii-cual-es-nuestra-situacion-actual","post_title":"Garant\u00eda de calidad en la EII - \u00bfCu\u00e1l es nuestra situaci\u00f3n actual?","href":"https:\/\/medizinonline.com\/es\/garantia-de-calidad-en-la-eii-cual-es-nuestra-situacion-actual\/"}},"_links":{"self":[{"href":"https:\/\/medizinonline.com\/pt-pt\/wp-json\/wp\/v2\/posts\/322699","targetHints":{"allow":["GET"]}}],"collection":[{"href":"https:\/\/medizinonline.com\/pt-pt\/wp-json\/wp\/v2\/posts"}],"about":[{"href":"https:\/\/medizinonline.com\/pt-pt\/wp-json\/wp\/v2\/types\/post"}],"author":[{"embeddable":true,"href":"https:\/\/medizinonline.com\/pt-pt\/wp-json\/wp\/v2\/users\/14"}],"replies":[{"embeddable":true,"href":"https:\/\/medizinonline.com\/pt-pt\/wp-json\/wp\/v2\/comments?post=322699"}],"version-history":[{"count":1,"href":"https:\/\/medizinonline.com\/pt-pt\/wp-json\/wp\/v2\/posts\/322699\/revisions"}],"predecessor-version":[{"id":322701,"href":"https:\/\/medizinonline.com\/pt-pt\/wp-json\/wp\/v2\/posts\/322699\/revisions\/322701"}],"wp:featuredmedia":[{"embeddable":true,"href":"https:\/\/medizinonline.com\/pt-pt\/wp-json\/wp\/v2\/media\/121976"}],"wp:attachment":[{"href":"https:\/\/medizinonline.com\/pt-pt\/wp-json\/wp\/v2\/media?parent=322699"}],"wp:term":[{"taxonomy":"category","embeddable":true,"href":"https:\/\/medizinonline.com\/pt-pt\/wp-json\/wp\/v2\/category?post=322699"},{"taxonomy":"post_tag","embeddable":true,"href":"https:\/\/medizinonline.com\/pt-pt\/wp-json\/wp\/v2\/tags?post=322699"},{"taxonomy":"powerkit_post_featured","embeddable":true,"href":"https:\/\/medizinonline.com\/pt-pt\/wp-json\/wp\/v2\/powerkit_post_featured?post=322699"}],"curies":[{"name":"wp","href":"https:\/\/api.w.org\/{rel}","templated":true}]}}