{"id":323104,"date":"2021-04-01T09:49:02","date_gmt":"2021-04-01T07:49:02","guid":{"rendered":"https:\/\/medizinonline.com\/tratamento-da-dor-e-da-febre-em-criancas\/"},"modified":"2021-04-01T09:49:02","modified_gmt":"2021-04-01T07:49:02","slug":"tratamento-da-dor-e-da-febre-em-criancas","status":"publish","type":"post","link":"https:\/\/medizinonline.com\/pt-pt\/tratamento-da-dor-e-da-febre-em-criancas\/","title":{"rendered":"Tratamento da dor e da febre em crian\u00e7as"},"content":{"rendered":"<p>A dor e a febre na crian\u00e7a causam a preocupa\u00e7\u00e3o dos pais e provocam incerteza. \u00c9 importante esclarecer as causas e, se a condi\u00e7\u00e3o geral for m\u00e1, trat\u00e1-la com analg\u00e9sicos e antipir\u00e9ticos.<\/p>\n<p><!--more--><\/p>\n<p><strong>Foco na descoberta das causas<\/strong><\/p>\n<p>A febre \u00e9 a raz\u00e3o de 70% de todas as consultas com o pediatra ou GP e \u00e9 definida como uma temperatura rectal superior a 38\u00b0C [1]. Este aumento de temperatura \u00e9 um importante mecanismo de defesa que inibe a multiplica\u00e7\u00e3o de bact\u00e9rias e v\u00edrus e torna as respostas imunit\u00e1rias mais eficientes [2]. As doen\u00e7as infecciosas s\u00e3o a causa mais comum de febre. Especialmente nos primeiros anos de vida, as crian\u00e7as adoecem oito a dez vezes por ano com infec\u00e7\u00f5es febris auto-limitadas, 90% das quais s\u00e3o virais e 10% bacterianas.<\/p>\n<p>A maior prioridade na febre \u00e9 encontrar a causa e, se necess\u00e1rio, trat\u00e1-la de forma causal. Em caso de febre alta acima dos 39\u00b0C, um exame f\u00edsico e uma hist\u00f3ria m\u00e9dica detalhada devem esclarecer se existe uma infec\u00e7\u00e3o bacteriana invasiva grave. O estado geral da crian\u00e7a \u00e9 importante na avalia\u00e7\u00e3o. Se uma crian\u00e7a n\u00e3o for afectada pela febre, pode assumir-se uma infec\u00e7\u00e3o viral auto-limitada ou uma infec\u00e7\u00e3o focal causal trat\u00e1vel. Contudo, os beb\u00e9s febris com menos de tr\u00eas meses de idade devem ser sempre examinados extensivamente, uma vez que os sintomas de doen\u00e7a s\u00e3o frequentemente apenas ligeiros.<\/p>\n<p>Se a crian\u00e7a sofrer de fadiga, perda de apetite, dor de cabe\u00e7a, pulso e acelera\u00e7\u00e3o respirat\u00f3ria, desidrata\u00e7\u00e3o, dor nos membros e m\u00fasculos, e se nenhuma causa da febre puder ser identificada ap\u00f3s um exame detalhado, s\u00e3o necess\u00e1rios mais diagn\u00f3sticos laboratoriais. Em 20 por cento dos beb\u00e9s, no entanto, n\u00e3o \u00e9 poss\u00edvel encontrar qualquer causa de febre. No entanto, esta n\u00e3o \u00e9 frequentemente uma doen\u00e7a rara mas apenas uma apresenta\u00e7\u00e3o at\u00edpica de uma doen\u00e7a comum [1].<\/p>\n<p><strong>Tratamento para o mau estado geral<\/strong><\/p>\n<p>A febre n\u00e3o requer tratamento no in\u00edcio. A febre alta, por\u00e9m, coloca uma tens\u00e3o na circula\u00e7\u00e3o e conduz frequentemente a uma sa\u00fade geral deficiente, o que justifica o tratamento. A administra\u00e7\u00e3o de medicamentos para a redu\u00e7\u00e3o da febre deve basear-se exclusivamente no estado da crian\u00e7a, porque o objectivo da redu\u00e7\u00e3o da febre n\u00e3o \u00e9 restaurar a temperatura normal, mas sim fazer com que a crian\u00e7a se sinta melhor.<\/p>\n<p>Como a febre \u00e9 frequentemente acompanhada de dor de garganta, dor de ouvidos ou de cabe\u00e7a, o paracetamol e o ibuprofeno provaram ser op\u00e7\u00f5es de tratamento, uma vez que t\u00eam um efeito de redu\u00e7\u00e3o da febre e de al\u00edvio da dor. A recomenda\u00e7\u00e3o de dosagem para o paracetamol n\u00e3o deve ser excedida devido \u00e0 sua estreita gama terap\u00eautica, uma vez que a sobredosagem pode levar \u00e0 intoxica\u00e7\u00e3o por paracetamolina, uma causa comum de insufici\u00eancia hep\u00e1tica aguda em crian\u00e7as [3].<\/p>\n<p>Ao contr\u00e1rio do paracetamol, o ibuprofeno tamb\u00e9m tem um efeito anti-inflamat\u00f3rio e \u00e9 mais seguro em caso de overdose [4-6]. Para o al\u00edvio da dor, o ibuprofeno era superior ao paracetamol e \u00e0 code\u00edna [5]. Outros estudos mostraram que o ibuprofeno foi capaz de reduzir a febre n\u00e3o s\u00f3 por mais tempo mas tamb\u00e9m mais rapidamente do que o paracetamol, conseguindo a redu\u00e7\u00e3o da febre ap\u00f3s apenas 15 minutos [7, 8]. Ambos os agentes foram bem tolerados e mostraram um perfil de seguran\u00e7a semelhante em crian\u00e7as com tr\u00eas meses ou mais [6]. N\u00e3o foi observado qualquer risco acrescido de hemorragia gastrointestinal, s\u00edndrome de Reye, insufici\u00eancia renal ou choque anafil\u00e1ctico com tratamento com ibuprofeno [6].<\/p>\n<p><strong>Dores de cabe\u00e7a tamb\u00e9m generalizadas entre as crian\u00e7as<\/strong><\/p>\n<p>A dor nas crian\u00e7as pode ser desencadeada por infec\u00e7\u00f5es, denti\u00e7\u00e3o, acidentes ou factores psicol\u00f3gicos. As dores de cabe\u00e7a, em particular, s\u00e3o muito comuns nas crian\u00e7as. Por exemplo, 37-51 por cento das crian\u00e7as de sete anos e 57-82 por cento das crian\u00e7as de 15 anos sofrem regularmente de dores de cabe\u00e7a que n\u00e3o s\u00e3o causadas por infec\u00e7\u00f5es [9]. As enxaquecas tamb\u00e9m podem afectar at\u00e9 crian\u00e7as pequenas [10]. Entre os sete a onze anos de idade, onze por cento j\u00e1 sofrem dela, e na idade da puberdade chega aos 23 por cento [10]. Mais uma vez, o paracetamol e o ibuprofeno s\u00e3o os medicamentos de elei\u00e7\u00e3o para o tratamento da dor aguda [9].<\/p>\n<p><strong>Sabor a morango &#8211; popular entre as crian\u00e7as<\/strong><\/p>\n<p>Quando as crian\u00e7as rejeitam medicamentos, \u00e9 frequentemente por causa do sabor amargo [11]. Al\u00e9m disso, uma vez que as crian\u00e7as t\u00eam dificuldade em engolir comprimidos, os sumos s\u00e3o particularmente adequados para a administra\u00e7\u00e3o oral. Foi demonstrado que o sabor a morango aumenta a aceita\u00e7\u00e3o. Por exemplo, um sumo para uma dor de garganta foi aceite por 94 por cento das pessoas do teste se provasse morangos, enquanto apenas 56 por cento das crian\u00e7as tomariam novamente o mesmo sumo com sabor a laranja [12]. Num outro estudo, 95% das crian\u00e7as preferiram uma prepara\u00e7\u00e3o inibidora da bomba de prot\u00f5es com sabor a morango a uma bomba com sabor a peppermina [13]. Com as suspens\u00f5es NUROFEN\u00ae , um sumo de ibuprofeno com sabor a morango est\u00e1 agora dispon\u00edvel na Su\u00ed\u00e7a pela primeira vez, para al\u00e9m do sabor a laranja*, que tamb\u00e9m pode ser administrado individualmente e com seguran\u00e7a utilizando uma seringa doseadora [14].<\/p>\n<p><strong>Conclus\u00e3o<\/strong><\/p>\n<p>As medidas de redu\u00e7\u00e3o da febre e de al\u00edvio da dor s\u00e3o \u00fateis em casos de estado geral reduzido [3]. Embora o paracetamol seja tradicionalmente utilizado como droga de elei\u00e7\u00e3o nas crian\u00e7as, os dados do estudo indicam v\u00e1rias vantagens do ibuprofeno [4-7, 15]. A apresenta\u00e7\u00e3o e o gosto de um medicamento s\u00e3o decisivos para a sua aceita\u00e7\u00e3o pelas crian\u00e7as [11, 16]. NUROFEN\u00ae Junior Forte \u00e9 o \u00fanico sumo de ibuprofeno no mercado su\u00ed\u00e7o com o sabor de morango que \u00e9 particularmente popular entre as crian\u00e7as [12-14].<\/p>\n<p><strong>Entrevista<\/strong><\/p>\n<p><img decoding=\"async\" style=\"float: left; height: 109px; width: 120px;\" data-src=\"https:\/\/assets.medizinonline.com\/sites\/default\/files\/field\/images\/foto_hans_ulrich_kull_0.png\" alt=\"\" src=\"data:image\/svg+xml;base64,PHN2ZyB3aWR0aD0iMSIgaGVpZ2h0PSIxIiB4bWxucz0iaHR0cDovL3d3dy53My5vcmcvMjAwMC9zdmciPjwvc3ZnPg==\" class=\"lazyload\">Quando \u00e9 necess\u00e1rio agir para a dor e febre e que terapias s\u00e3o adequadas, leia a entrevista com o especialista em medicina interna Dr. Hans-Ulrich Kull<\/p>\n<p><strong>Dr. Kull, quando \u00e9 que a dor nas crian\u00e7as deve ser tratada com medicamentos?<\/strong><\/p>\n<p><em>Uma vez que a causa da dor n\u00e3o \u00e9 muitas vezes imediatamente \u00f3bvia, \u00e9 aconselh\u00e1vel esperar primeiro e verificar se o al\u00edvio da dor j\u00e1 pode ser alcan\u00e7ado acalmando a crian\u00e7a. No entanto, se a dor for muito angustiante, persistente ou recorrente, ou se se tornar mais grave, deve ser tratada com medica\u00e7\u00e3o. Contudo, \u00e9 importante que a dor n\u00e3o seja apenas aliviada sintomaticamente, mas que as suas causas sejam sempre investigadas.<\/em><\/p>\n<p><strong>A que temperatura recomenda medica\u00e7\u00e3o para a febre?<\/strong><\/p>\n<p><em>Geralmente, de 38,5-39\u00b0C, deve-se considerar reduzir a febre com medicamentos. Mas isso tamb\u00e9m depende da crian\u00e7a. Algumas crian\u00e7as t\u00eam febre frequentemente, outras muito raramente. Com crian\u00e7as que t\u00eam frequentemente febre, \u00e9 melhor ser cauteloso e esperar e ver.<\/em><\/p>\n<p><strong>Quando daria paracetamol e quando ibuprofeno?<\/strong><\/p>\n<p><em>Se achar prov\u00e1vel uma causa inflamat\u00f3ria para a febre, o ibuprofeno \u00e9 prefer\u00edvel, pois tem um efeito anti-inflamat\u00f3rio para al\u00e9m do efeito analg\u00e9sico, ao contr\u00e1rio do paracetamol. Este seria o caso, por exemplo, com papeira ou parotidite ou dor de garganta inflamat\u00f3ria. Se a causa da febre n\u00e3o for clara e associada \u00e0 dor, primeiro trataria com paracetamol e mais tarde daria ibuprofeno adicional ou alternado. No entanto, existem diferentes opini\u00f5es entre os m\u00e9dicos relativamente \u00e0 tolerabilidade e efeito do ibuprofeno e do paracetamol, que se devem certamente em grande parte \u00e0 experi\u00eancia pessoal do m\u00e9dico individual. Para ambos os medicamentos, no entanto, \u00e9 certamente verdade que a toler\u00e2ncia e o efeito tamb\u00e9m dependem da dose.<\/em><\/p>\n<p><strong>Qual \u00e9 a sua opini\u00e3o sobre a administra\u00e7\u00e3o alternada de ibuprofeno e paracetamol?<\/strong><\/p>\n<p><em>Tive boas experi\u00eancias com a combina\u00e7\u00e3o ou administra\u00e7\u00e3o alternada de ambas as subst\u00e2ncias activas, uma vez que isto permite reduzir a dose de ambas as prepara\u00e7\u00f5es, o que resulta em menos efeitos secund\u00e1rios. Mas tamb\u00e9m aqui as opini\u00f5es divergem e alguns lugares aconselham contra. Na Alemanha, por exemplo, a administra\u00e7\u00e3o imediata de ibuprofeno tende a ser preferida \u00e0 terapia alternada ou combinada com paracetamol.<\/em><\/p>\n<p><strong>Tomar medica\u00e7\u00e3o \u00e9 muitas vezes desagrad\u00e1vel para as crian\u00e7as e pode apresentar aos pais grandes desafios. Qual \u00e9 a import\u00e2ncia do sabor do xarope aqui?<\/strong><\/p>\n<p><em>O paladar tem certamente uma grande influ\u00eancia. Um sumo com um sabor amargo ou desagrad\u00e1vel ser\u00e1 rejeitado pela crian\u00e7a, mas tamb\u00e9m n\u00e3o deve ser demasiado doce. Um xarope de framboesa ou morango meio doce, por outro lado, \u00e9 sempre um dos favoritos, mas \u00e9 claro que existem outros sabores. Os suposit\u00f3rios s\u00e3o muito \u00fateis para crian\u00e7as muito pequenas, porque uma crian\u00e7a que chora n\u00e3o engole.<\/em><\/p>\n<p>RB-M-31282<\/p>\n<p>Este artigo foi produzido com o apoio financeiro da Reckitt Benckiser (Su\u00ed\u00e7a) AG, Wallisellen.<\/p>\n<p>*NUROFEN\u00ae Dolo Junior Orange estar\u00e1 dispon\u00edvel em farm\u00e1cias e drogarias a partir do Ver\u00e3o de 2021.<\/p>\n<div><span style=\"font-size: 11px;\"><strong>Informa\u00e7\u00e3o t\u00e9cnica abreviada:<\/strong><\/span><\/div>\n<div><\/div>\n<div><span style=\"font-size: 11px;\">Nurofen J\u00fanior Forte Morango<\/span><\/div>\n<div><span style=\"font-size: 11px;\">Z: 200mg de ibuprofeno por 5ml;<\/span><\/div>\n<div><span style=\"font-size: 11px;\">I: Doen\u00e7as reum\u00e1ticas (artrite reumat\u00f3ide juvenil) em crian\u00e7as com mais de 2 anos de idade, quadros cl\u00ednicos febris em doen\u00e7as infecciosas, dores, por exemplo, ap\u00f3s les\u00f5es, bem como no p\u00f3s-operat\u00f3rio;<\/span><\/div>\n<div><span style=\"font-size: 11px;\">D: 20-30 mg ibuprofeno\/kg de massa corporal\/dia, dividido em 3-4 doses, sem exceder 30mg\/kg de massa corporal\/dia, intervalo entre 2 doses: 6-8 horas;<\/span><\/div>\n<div><span style=\"font-size: 11px;\">IA: hipersensibilidade conhecida \u00e0 subst\u00e2ncia activa, asma, rinite, angioedema, hist\u00f3ria de broncoespasmo, urtic\u00e1ria ou sintomas semelhantes a alergias ap\u00f3s ingest\u00e3o de \u00e1cido acetilsalic\u00edlico ou outros anti-inflamat\u00f3rios n\u00e3o ester\u00f3ides, \u00falceras\/molhas g\u00e1stricas ou duodenais, M. Doen\u00e7a de Crohn ou colite ulcerosa, disfun\u00e7\u00e3o hep\u00e1tica grave, insufici\u00eancia renal ou card\u00edaca grave, \u00faltimo trimestre de gravidez, tratamento de dor p\u00f3s-operat\u00f3ria ap\u00f3s cirurgia de bypass coron\u00e1rio, beb\u00e9s com menos de 6 meses e crian\u00e7as com menos de 5 kg de peso corporal, utiliza\u00e7\u00e3o prolongada em crian\u00e7as com menos de 2 anos, infec\u00e7\u00e3o por varicela;<\/span><\/div>\n<div><span style=\"font-size: 11px;\">V: asma br\u00f4nquica; queixas gastrointestinais, hipertens\u00e3o, disfun\u00e7\u00e3o card\u00edaca, renal e hep\u00e1tica; doentes idosos, em reac\u00e7\u00f5es cut\u00e2neas no in\u00edcio da terapia; em doentes com intoler\u00e2ncia \u00e0 frutose, cont\u00e9m propilenoglicol;<\/span><\/div>\n<div><span style=\"font-size: 11px;\">I: Outros NSAIDs incl. \u00c1cido acetilsalic\u00edlico, glucocortic\u00f3ides, \u00e1lcool, diur\u00e9ticos, anti-hipertensivos, b-bloqueadores, probenecid, sulfinpirazona, anticoagulantes orais, aminoglicos\u00eddeos, antidiab\u00e9ticos orais, antagonistas da histamina H2, Digoxina, fenito\u00edna, l\u00edtio, metotrexato, baclofeno, quinolonas, colestiramina, ciclosporina, Ginkgo biloba, mifepristona, antibi\u00f3ticos de quinolona, tacrolimus, zidovudina, inibidores de CYP2C9;<\/span><\/div>\n<div><span style=\"font-size: 11px;\">S: IA no terceiro trimestre de gravidez; os AINS passam para o leite materno, portanto n\u00e3o s\u00e3o tomados por mulheres que amamentam;<\/span><\/div>\n<div><span style=\"font-size: 11px;\">UW: indigest\u00e3o, diarreia, n\u00e1useas, v\u00f3mitos, obstipa\u00e7\u00e3o, dores abdominais, flatul\u00eancia, fezes negras, hemat\u00e9mese, hemorragia gastrointestinal, dores de cabe\u00e7a, tonturas, exantema;<\/span><\/div>\n<div><span style=\"font-size: 11px;\">Categoria Levy: B<\/span><\/div>\n<div><span style=\"font-size: 11px;\">Reckitt Benckiser (Su\u00ed\u00e7a) AG, 8304 Wallisellen<\/span><\/div>\n<div><span style=\"font-size: 11px;\">Para informa\u00e7\u00f5es detalhadas, consultar as informa\u00e7\u00f5es sobre os medicamentos publicadas em <a href=\"http:\/\/www.swissmedicinfo.ch\" target=\"_blank\" rel=\"noopener\">http:\/\/www.swissmedicinfo.ch<\/a> (a partir de Setembro de 2019).<\/span><\/div>\n<div><\/div>\n<div><span style=\"font-size: 11px;\"><strong>Informa\u00e7\u00e3o t\u00e9cnica abreviada:<\/strong><\/span><\/div>\n<div><\/div>\n<div><span style=\"font-size: 11px;\">Nurofen Dolo Junior Orange<\/span><\/div>\n<div><span style=\"font-size: 11px;\">Z: 100mg de ibuprofeno por 5ml;<\/span><\/div>\n<div><span style=\"font-size: 11px;\">I: Tratamento a curto prazo para a dor (dor de cabe\u00e7a, dor de dentes ou de costas), para a dor na zona das articula\u00e7\u00f5es e ligamentos ou para a dor ap\u00f3s les\u00f5es, tratamento sintom\u00e1tico da febre;<\/span><\/div>\n<div><span style=\"font-size: 11px;\">D: 20-30 mg ibuprofeno\/kg de massa corporal\/dia, dividido em 3-4 doses, sem exceder 30mg\/kg de massa corporal\/dia, intervalo entre 2 doses: 6-8 horas;<\/span><\/div>\n<div><span style=\"font-size: 11px;\">IA: hipersensibilidade conhecida \u00e0 subst\u00e2ncia activa, rinite, angioedema, hist\u00f3ria de broncoespasmo, urtic\u00e1ria ou sintomas semelhantes a alergias, ap\u00f3s ingest\u00e3o de \u00e1cido acetilsalic\u00edlico ou outros anti-inflamat\u00f3rios n\u00e3o ester\u00f3ides, \u00falceras\/mol\u00e9culas g\u00e1stricas ou duodenais, M. Doen\u00e7a de Crohn ou colite ulcerosa, disfun\u00e7\u00e3o hep\u00e1tica grave, insufici\u00eancia renal ou card\u00edaca grave, \u00faltimo trimestre de gravidez, tratamento de dor p\u00f3s-operat\u00f3ria ap\u00f3s cirurgia de bypass coron\u00e1rio, beb\u00e9s com menos de 6 meses e crian\u00e7as com menos de 5 kg de peso corporal, infec\u00e7\u00e3o por varicela;<\/span><\/div>\n<div><span style=\"font-size: 11px;\">V: Asma br\u00f4nquica; queixas gastrointestinais, hipertens\u00e3o, disfun\u00e7\u00e3o card\u00edaca, renal e hep\u00e1tica; doentes idosos, em reac\u00e7\u00f5es cut\u00e2neas no in\u00edcio da terapia; em doentes com intoler\u00e2ncia \u00e0 frutose heredit\u00e1ria;<\/span><\/div>\n<div><span style=\"font-size: 11px;\">I: Outros NSAIDs incl. \u00c1cido acetilsalic\u00edlico, glucocortic\u00f3ides, \u00e1lcool, diur\u00e9ticos, anti-hipertensivos, b-bloqueadores, probenecid, sulfinpirazona, anticoagulantes orais, aminoglicos\u00eddeos, antidiab\u00e9ticos orais, antagonistas da histamina H2, Digoxina, fenito\u00edna, l\u00edtio, metotrexato, baclofeno, quinolonas, colestiramina, ciclosporina, Ginkgo biloba, mifepristona, antibi\u00f3ticos de quinolona, tacrolimus, zidovudina, inibidores de CYP2C9;<\/span><\/div>\n<div><span style=\"font-size: 11px;\">S: IA no terceiro trimestre de gravidez; os AINS passam para o leite materno, portanto n\u00e3o s\u00e3o tomados por mulheres que amamentam;<\/span><\/div>\n<div><span style=\"font-size: 11px;\">UW: indigest\u00e3o, diarreia, n\u00e1useas, v\u00f3mitos, obstipa\u00e7\u00e3o, dores abdominais, flatul\u00eancia, fezes negras, hemat\u00e9mese, hemorragia gastrointestinal, dores de cabe\u00e7a, tonturas, exantema;<\/span><\/div>\n<div><span style=\"font-size: 11px;\">Categoria Levy: D<\/span><\/div>\n<div><span style=\"font-size: 11px;\">Reckitt Benckiser (Su\u00ed\u00e7a) AG, 8304 Wallisellen<\/span><\/div>\n<div><span style=\"font-size: 11px;\">Para informa\u00e7\u00f5es detalhadas, consultar as informa\u00e7\u00f5es sobre os medicamentos publicadas em <a href=\"http:\/\/www.swissmedicinfo.ch\" target=\"_blank\" rel=\"noopener\">http:\/\/www.swissmedicinfo.ch<\/a> (a partir de Mar\u00e7o de 2017).<\/span><\/div>\n<div><\/div>\n<div><\/div>\n<div><\/div>\n<div><strong><span style=\"font-size: 11px;\">Literatura<\/span><\/strong><\/div>\n<div><\/div>\n<div><span style=\"font-size: 11px;\">1 Niehues, T., A crian\u00e7a febris: diagn\u00f3stico e tratamento. Deutsches \u00c4rzteblatt International, 2013. 110(45): p. 764.<\/span><\/div>\n<div><span style=\"font-size: 11px;\">2 Evans, S.S., E.A. Repasky, e D.T. Fisher, Febre e a regula\u00e7\u00e3o t\u00e9rmica da imunidade: o sistema imunit\u00e1rio sente o calor. Nature Reviews Immunology, 2015. 15(6): p. 335-349.<\/span><\/div>\n<div><span style=\"font-size: 11px;\">3 Speer, C., et al, The febrile child. Pediatria, 2019: p. 281-285.<\/span><\/div>\n<div><span style=\"font-size: 11px;\">4 Halpern, S., R. Fitzpatrick, e G. Volans, Toxicidade do Ibuprofeno: uma revis\u00e3o das reac\u00e7\u00f5es adversas e overdose. Adverse drug reactions and toxicological reviews, 1993. 12(2): p. 107-128.<\/span><\/div>\n<div><span style=\"font-size: 11px;\">Clark, E., et al, A randomized, controlled trial of acetaminophen, ibuprofen, and codeine for acute pain relief in children with musculoskeletal traumatismal. Pediatria, 2007. 119(3): p. 460-467.<\/span><\/div>\n<div><span style=\"font-size: 11px;\">6 Lesko, S.M. e A.A. Mitchell, An assessment of the safety of pediatric ibuprofen: a practitioner-based randomized clinical trial. Jama, 1995. 273(12): p. 929-933.<\/span><\/div>\n<div><span style=\"font-size: 11px;\">7. Hay, A.D., et al, Paracetamol plus ibuprofen para o tratamento da febre em crian\u00e7as (PITCH): ensaio aleat\u00f3rio controlado. Bmj, 2008. 337.<\/span><\/div>\n<div><span style=\"font-size: 11px;\">8 Pelen, F., et al. Tratamento da febre: monoterapia com ibuprofeno. Ibuprofeno suspens\u00e3o pedi\u00e1trica contendo 100 mg 5 ml, estudo multic\u00eantrico de aceitabilidade realizado em hospital. em Annales de Pediatrie. 1998. EXPANSION SCI FRANCAISE 31 BLVD LATOUR MAUBOURG, 75007 PARIS, FRAN\u00c7A.<\/span><\/div>\n<div><span style=\"font-size: 11px;\">9. Straube, A., et al, Headache in school children: prevalence and risk factors. Deutsches \u00c4rzteblatt International, 2013. 110(48): p. 811.<\/span><\/div>\n<div><span style=\"font-size: 11px;\">10. Lewis, D.W., enxaqueca pedi\u00e1trica. Cl\u00ednicas neurol\u00f3gicas, 2009. 27(2): p. 481-501.<\/span><\/div>\n<div><span style=\"font-size: 11px;\">11 Mennella, J.A., et al, The bad taste of medicines: overview of basic research on bitter taste. Terap\u00eautica cl\u00ednica, 2013. 35(8): p. 1225-1246.<\/span><\/div>\n<div><span style=\"font-size: 11px;\">12. Thompson, A., et al, Open-label-testing-testing study to evaluate the acceptability of both strawberry-flavored amylmetacresol\/2, 4-diclorobenzyl alcohol lozenges throat in healthy children. Drogas em I&amp;D, 2013. 13(2): p. 101-107.<\/span><\/div>\n<div><span style=\"font-size: 11px;\">13. Tolia, V., et al, Flavour and taste of lansoprazole strawberry-flavoured-release oral suspension preferred than ranitidine peppermint-flavoured oral syrup. Pediatric Drugs, 2004. 6(2): p. 127-131.<\/span><\/div>\n<div><span style=\"font-size: 11px;\">14. informa\u00e7\u00e3o t\u00e9cnica actual NUROFEN\u00ae Junior Forte Strawberry. <a href=\"www.swissmedicinfo.ch\">www.swissmedicinfo.ch<\/a>.<\/span><\/div>\n<div><span style=\"font-size: 11px;\">15 Kelley, M.T., et al, Pharmacokinetics and pharmacodynamics of ibuprofen isomers and acetaminophen in febrile children. Clinical Pharmacology &amp; Therapeutics, 1992. 52(2): p. 181-189.<\/span><\/div>\n<div><span style=\"font-size: 11px;\">16 Agency, E.M., Guideline on pharmaceutical development of medicines for paediatric use. EMA\/CHMP\/QWP\/805880\/2012 Rev. 2, 2013.<\/span><\/div>\n","protected":false},"excerpt":{"rendered":"<p>A dor e a febre na crian\u00e7a causam a preocupa\u00e7\u00e3o dos pais e provocam incerteza. \u00c9 importante esclarecer as causas e, se a condi\u00e7\u00e3o geral for m\u00e1, trat\u00e1-la com analg\u00e9sicos&hellip;<\/p>\n","protected":false},"author":12,"featured_media":103951,"comment_status":"closed","ping_status":"closed","sticky":false,"template":"","format":"standard","meta":{"_acf_changed":false,"pmpro_default_level":"","cat_1_feature_home_top":false,"cat_2_editor_pick":false,"csco_eyebrow_text":"Conte\u00fado Patrocinado: Pediatria","footnotes":""},"category":[11450,11551],"tags":[],"powerkit_post_featured":[],"class_list":["post-323104","post","type-post","status-publish","format-standard","has-post-thumbnail","category-pediatria-pt-pt","category-rx-pt","pmpro-has-access"],"acf":[],"publishpress_future_action":{"enabled":false,"date":"2026-05-04 05:54:38","action":"change-status","newStatus":"draft","terms":[],"taxonomy":"category","extraData":[]},"publishpress_future_workflow_manual_trigger":{"enabledWorkflows":[]},"wpml_current_locale":"pt_PT","wpml_translations":{"es_ES":{"locale":"es_ES","id":323105,"slug":"tratamiento-del-dolor-y-la-fiebre-en-los-ninos","post_title":"Tratamiento del dolor y la fiebre en los ni\u00f1os","href":"https:\/\/medizinonline.com\/es\/tratamiento-del-dolor-y-la-fiebre-en-los-ninos\/"}},"_links":{"self":[{"href":"https:\/\/medizinonline.com\/pt-pt\/wp-json\/wp\/v2\/posts\/323104","targetHints":{"allow":["GET"]}}],"collection":[{"href":"https:\/\/medizinonline.com\/pt-pt\/wp-json\/wp\/v2\/posts"}],"about":[{"href":"https:\/\/medizinonline.com\/pt-pt\/wp-json\/wp\/v2\/types\/post"}],"author":[{"embeddable":true,"href":"https:\/\/medizinonline.com\/pt-pt\/wp-json\/wp\/v2\/users\/12"}],"replies":[{"embeddable":true,"href":"https:\/\/medizinonline.com\/pt-pt\/wp-json\/wp\/v2\/comments?post=323104"}],"version-history":[{"count":1,"href":"https:\/\/medizinonline.com\/pt-pt\/wp-json\/wp\/v2\/posts\/323104\/revisions"}],"predecessor-version":[{"id":323327,"href":"https:\/\/medizinonline.com\/pt-pt\/wp-json\/wp\/v2\/posts\/323104\/revisions\/323327"}],"wp:featuredmedia":[{"embeddable":true,"href":"https:\/\/medizinonline.com\/pt-pt\/wp-json\/wp\/v2\/media\/103951"}],"wp:attachment":[{"href":"https:\/\/medizinonline.com\/pt-pt\/wp-json\/wp\/v2\/media?parent=323104"}],"wp:term":[{"taxonomy":"category","embeddable":true,"href":"https:\/\/medizinonline.com\/pt-pt\/wp-json\/wp\/v2\/category?post=323104"},{"taxonomy":"post_tag","embeddable":true,"href":"https:\/\/medizinonline.com\/pt-pt\/wp-json\/wp\/v2\/tags?post=323104"},{"taxonomy":"powerkit_post_featured","embeddable":true,"href":"https:\/\/medizinonline.com\/pt-pt\/wp-json\/wp\/v2\/powerkit_post_featured?post=323104"}],"curies":[{"name":"wp","href":"https:\/\/api.w.org\/{rel}","templated":true}]}}