{"id":324868,"date":"2022-09-04T01:00:00","date_gmt":"2022-09-03T23:00:00","guid":{"rendered":"https:\/\/medizinonline.com\/desalinhamento-da-coluna-cervical-com-disfagia-funcional-mielogelose\/"},"modified":"2022-09-04T01:00:00","modified_gmt":"2022-09-03T23:00:00","slug":"desalinhamento-da-coluna-cervical-com-disfagia-funcional-mielogelose","status":"publish","type":"post","link":"https:\/\/medizinonline.com\/pt-pt\/desalinhamento-da-coluna-cervical-com-disfagia-funcional-mielogelose\/","title":{"rendered":"Desalinhamento da coluna cervical com disfagia funcional (mielogelose)"},"content":{"rendered":"<p><strong>A s\u00edndrome cervical causa tens\u00e3o e endurecimento dos m\u00fasculos, o que pode levar \u00e0 dor e ao comprometimento funcional. Para al\u00e9m de dores de cabe\u00e7a, tonturas e outras perturba\u00e7\u00f5es de humor, tamb\u00e9m podem ocorrer dificuldades de degluti\u00e7\u00e3o. O m\u00e9dico de fam\u00edlia \u00e9 frequentemente o primeiro porto de escala. O diagn\u00f3stico diferencial requer exames de imagem da coluna cervical. O tratamento da disfagia funcional \u00e9 principalmente conservador.<\/strong><\/p>\n<p> <!--more--> <\/p>\n<p>Na s\u00e9rie &#8220;Disfagia&#8221;, v\u00e1rias altera\u00e7\u00f5es org\u00e2nicas na \u00e1rea da parte superior do aparelho digestivo j\u00e1 foram descritas como causas de disfagia. O artigo actual trata de uma disfun\u00e7\u00e3o do acto de degluti\u00e7\u00e3o, que pode ser considerada funcional, desencadeada por um distatismo da coluna cervical com desequil\u00edbrio muscular e reac\u00e7\u00f5es de tens\u00e3o consecutivas. N\u00e3o h\u00e1 sinais patog\u00e9nicos isolados de uma desordem provocada por v\u00e9rtebragen na regi\u00e3o da cabe\u00e7a e pesco\u00e7o [2]. Os sintomas <span style=\"font-family:franklin gothic demi\">(vis\u00e3o geral 1)<\/span> s\u00e3o m\u00faltiplos e requerem uma estreita coopera\u00e7\u00e3o interdisciplinar entre v\u00e1rias disciplinas para clarifica\u00e7\u00e3o e terapia diferencial.<\/p>\n<p>&nbsp;<\/p>\n<p><img fetchpriority=\"high\" decoding=\"async\" class=\" size-full wp-image-19605\" alt=\"\" src=\"https:\/\/medizinonline.com\/wp-content\/uploads\/2022\/09\/ubersicht1_images.png\" style=\"height:310px; width:400px\" width=\"911\" height=\"707\"><\/p>\n<p>&nbsp;<\/p>\n<p>A disfagia e a disfonia podem estar causalmente relacionadas com doen\u00e7as org\u00e2nicas. V\u00e1rios diagn\u00f3sticos diferenciais devem ser esclarecidos <span style=\"font-family:franklin gothic demi\">(Quadro 1) <\/span>. A desordem do sistema m\u00fasculo-esquel\u00e9tico na regi\u00e3o cervical est\u00e1 sujeita a v\u00e1rios factores de influ\u00eancia <span style=\"font-family:franklin gothic demi\">(vis\u00e3o geral 2)<\/span>.<\/p>\n<p>&nbsp;<\/p>\n<p><img decoding=\"async\" class=\"size-full wp-image-19606 lazyload\" alt=\"\" data-src=\"https:\/\/medizinonline.com\/wp-content\/uploads\/2022\/09\/tab1_images.png\" style=\"--smush-placeholder-width: 1100px; --smush-placeholder-aspect-ratio: 1100\/593;height:323px; width:600px\" width=\"1100\" height=\"593\" src=\"data:image\/svg+xml;base64,PHN2ZyB3aWR0aD0iMSIgaGVpZ2h0PSIxIiB4bWxucz0iaHR0cDovL3d3dy53My5vcmcvMjAwMC9zdmciPjwvc3ZnPg==\"><\/p>\n<p>&nbsp;<\/p>\n<p>Muitas vezes, o m\u00e9dico de fam\u00edlia \u00e9 o principal ponto de contacto para os pacientes afectados. A anamnese exacta e o exame f\u00edsico, bem como o exame neurol\u00f3gico orientador, estabelecem o curso para medidas de diagn\u00f3stico suplementar, em particular medidas de imagiologia, e a terapia resultante. A est\u00e1tica defeituosa com problemas consecutivos n\u00e3o \u00e9 apenas o resultado de sobrecarga ou trauma, \u00e9 tamb\u00e9m parte das mudan\u00e7as em v\u00e1rias s\u00edndromes [3].<\/p>\n<p>&nbsp;<\/p>\n<p><img decoding=\"async\" class=\"size-full wp-image-19607 lazyload\" alt=\"\" data-src=\"https:\/\/medizinonline.com\/wp-content\/uploads\/2022\/09\/ubersicht2_images.png\" style=\"--smush-placeholder-width: 914px; --smush-placeholder-aspect-ratio: 914\/490;height:214px; width:400px\" width=\"914\" height=\"490\" src=\"data:image\/svg+xml;base64,PHN2ZyB3aWR0aD0iMSIgaGVpZ2h0PSIxIiB4bWxucz0iaHR0cDovL3d3dy53My5vcmcvMjAwMC9zdmciPjwvc3ZnPg==\"><\/p>\n<p>&nbsp;<\/p>\n<p>Um guia de diagn\u00f3stico pode ser encontrado no <span style=\"font-family:franklin gothic demi\">Quadro 2<\/span> para orienta\u00e7\u00e3o.&nbsp;&nbsp; &nbsp;<\/p>\n<p>&nbsp;<\/p>\n<p><img decoding=\"async\" class=\"size-full wp-image-19608 lazyload\" alt=\"\" data-src=\"https:\/\/medizinonline.com\/wp-content\/uploads\/2022\/09\/tab2_images.png\" style=\"--smush-placeholder-width: 1100px; --smush-placeholder-aspect-ratio: 1100\/626;height:341px; width:600px\" width=\"1100\" height=\"626\" src=\"data:image\/svg+xml;base64,PHN2ZyB3aWR0aD0iMSIgaGVpZ2h0PSIxIiB4bWxucz0iaHR0cDovL3d3dy53My5vcmcvMjAwMC9zdmciPjwvc3ZnPg==\"><\/p>\n<p>&nbsp;<\/p>\n<p>Para al\u00e9m de medidas terap\u00eauticas analg\u00e9sicas e de acupunctura, s\u00e3o utilizados tratamentos f\u00edsico-fisioter\u00e1picos. A longo prazo, o exerc\u00edcio e o desporto (caminhada, nata\u00e7\u00e3o, exerc\u00edcios para as costas e yoga) podem contribuir para a melhoria.<\/p>\n<p>Os <em>exames radiogr\u00e1ficos da<\/em> coluna cervical em 2 planos, complementados, se necess\u00e1rio, por imagens funcionais para documentar a hipermobilidade restrita ou tamb\u00e9m segmentar, podem documentar as altera\u00e7\u00f5es degenerativas e a est\u00e1tica defeituosa. Por vezes, uma impress\u00e3o da parede posterior do es\u00f3fago \u00e9 tamb\u00e9m percept\u00edvel nas imagens laterais no caso da degluti\u00e7\u00e3o do es\u00f3fago e da espondilose hipertr\u00f3fica deformante, que pode levar \u00e0 disfagia espondil\u00f3tica. O alongamento ou postura cif\u00f3tica por si s\u00f3 pode desencadear miogelose com uma sensa\u00e7\u00e3o de press\u00e3o e uma sensa\u00e7\u00e3o de estar num n\u00f3dulo.<\/p>\n<p> <em>A sonografia<\/em> dos tecidos moles do pesco\u00e7o \u00e9 \u00fatil para excluir massas de tecidos moles ou b\u00f3cio. A <em>tomografia computorizada<\/em> mostra a extens\u00e3o \u00f3ssea das altera\u00e7\u00f5es degenerativas de forma muito precisa e com as reconstru\u00e7\u00f5es sagitais e coron\u00e1rias 2D, uma est\u00e1tica defeituosa pode ser detectada muito bem. Com o seu elevado contraste de tecido mole, a <em>resson\u00e2ncia magn\u00e9tica<\/em> oferece vantagens na avalia\u00e7\u00e3o da situa\u00e7\u00e3o do disco intervertebral, miel\u00e3o, ligamentos e musculatura e pode detectar muito bem as altera\u00e7\u00f5es relacionadas com a sobrecarga nas v\u00e9rtebras (classifica\u00e7\u00e3o Modica).<\/p>\n<h2 id=\"estudos-de-caso\">Estudos de caso<\/h2>\n<p>No <span style=\"font-family:franklin gothic demi\">estudo de caso 1 (Fig. 1A e B)<\/span><strong> <\/strong>uma fractura deve ser exclu\u00edda num paciente de 77 anos ap\u00f3s um trauma de distor\u00e7\u00e3o da coluna cervical. S\u00edndrome da coluna cervical pr\u00e9-existente, tamb\u00e9m uma sensa\u00e7\u00e3o de press\u00e3o e granulosidade na garganta com aparente disfagia. Para al\u00e9m das altera\u00e7\u00f5es degenerativas pronunciadas com espondilose hipertr\u00f3fica deformante na transi\u00e7\u00e3o cervicotor\u00e1cica, tamb\u00e9m foi poss\u00edvel demonstrar uma est\u00e1tica defeituosa. Para o <span style=\"font-family:franklin gothic demi\">caso 2<\/span><em> <\/em>uma papa foi engolida para excluir um diverticulum do es\u00f3fago. A radiografia lateral documentou uma espondilose deformante sinostosa consideravelmente pronunciada da coluna cervical superior como na hiperostose idiop\u00e1tica disseminada do esqueleto (DISH), com a resultante estenose do l\u00famen do es\u00f3fago superior <span style=\"font-family:franklin gothic demi\">(Fig.&nbsp;2) <\/span>.  <\/p>\n<p>&nbsp;<\/p>\n<p><img decoding=\"async\" class=\"size-full wp-image-19609 lazyload\" alt=\"\" data-src=\"https:\/\/medizinonline.com\/wp-content\/uploads\/2022\/09\/abb1_images.jpg\" style=\"--smush-placeholder-width: 1100px; --smush-placeholder-aspect-ratio: 1100\/803;height:438px; width:600px\" width=\"1100\" height=\"803\" src=\"data:image\/svg+xml;base64,PHN2ZyB3aWR0aD0iMSIgaGVpZ2h0PSIxIiB4bWxucz0iaHR0cDovL3d3dy53My5vcmcvMjAwMC9zdmciPjwvc3ZnPg==\"><\/p>\n<p>&nbsp;<\/p>\n<p>&nbsp;<\/p>\n<p><img decoding=\"async\" class=\"size-full wp-image-19610 lazyload\" alt=\"\" data-src=\"https:\/\/medizinonline.com\/wp-content\/uploads\/2022\/09\/abb2_images.jpg\" style=\"--smush-placeholder-width: 612px; --smush-placeholder-aspect-ratio: 612\/1041;height:680px; width:400px\" width=\"612\" height=\"1041\" src=\"data:image\/svg+xml;base64,PHN2ZyB3aWR0aD0iMSIgaGVpZ2h0PSIxIiB4bWxucz0iaHR0cDovL3d3dy53My5vcmcvMjAwMC9zdmciPjwvc3ZnPg==\"><\/p>\n<p>&nbsp;<\/p>\n<p><span style=\"font-family:franklin gothic demi\">Estudo de caso 3<\/span><strong> <\/strong>documenta uma espondilose deformante hipertr\u00f3fica no segmento C3\/4 e uma deformidade de extens\u00e3o num paciente de 50 anos com espondilite anquilosante para al\u00e9m do aspecto inicial da haste de bambu <span style=\"font-family:franklin gothic demi\">(Fig. 3) <\/span>. A disfagia esteve presente.<\/p>\n<p>&nbsp;<\/p>\n<p><img decoding=\"async\" class=\"size-full wp-image-19611 lazyload\" alt=\"\" data-src=\"https:\/\/medizinonline.com\/wp-content\/uploads\/2022\/09\/abb3_images.jpg\" style=\"--smush-placeholder-width: 884px; --smush-placeholder-aspect-ratio: 884\/1440;height:652px; width:400px\" width=\"884\" height=\"1440\" src=\"data:image\/svg+xml;base64,PHN2ZyB3aWR0aD0iMSIgaGVpZ2h0PSIxIiB4bWxucz0iaHR0cDovL3d3dy53My5vcmcvMjAwMC9zdmciPjwvc3ZnPg==\"><\/p>\n<p>&nbsp;<\/p>\n<p>Um encurvamento cif\u00f3tico da coluna cervical degenerada <span style=\"font-family:franklin gothic demi\">(Fig. 4)<\/span> de uma paciente do sexo feminino de 58 anos de idade \u00e9 demonstr\u00e1vel no <span style=\"font-family:franklin gothic demi\">estudo de caso 4<\/span>, houve consider\u00e1veis miogeloses. No <span style=\"font-family:franklin gothic demi\">estudo de caso 5 <\/span>, uma paciente feminina de 56 anos com s\u00edndrome da coluna cervical, incluindo miogelose e disfagia, tem uma malposi\u00e7\u00e3o da coluna cervical e da coluna tor\u00e1cica superior com alongamento longo <span style=\"font-family:franklin gothic demi\">(Fig.&nbsp;5)<\/span>. A <span style=\"font-family:franklin gothic demi\">figura&nbsp;6<\/span> destina-se a mostrar a posi\u00e7\u00e3o normal (lordose) da coluna cervical num paciente jovem com uma resson\u00e2ncia magn\u00e9tica da cabe\u00e7a para compara\u00e7\u00e3o.<\/p>\n<p>&nbsp;<\/p>\n<p><img decoding=\"async\" class=\"size-full wp-image-19612 lazyload\" alt=\"\" data-src=\"https:\/\/medizinonline.com\/wp-content\/uploads\/2022\/09\/abb4_images.jpg\" style=\"--smush-placeholder-width: 1100px; --smush-placeholder-aspect-ratio: 1100\/1422;height:776px; width:600px\" width=\"1100\" height=\"1422\" src=\"data:image\/svg+xml;base64,PHN2ZyB3aWR0aD0iMSIgaGVpZ2h0PSIxIiB4bWxucz0iaHR0cDovL3d3dy53My5vcmcvMjAwMC9zdmciPjwvc3ZnPg==\"><\/p>\n<p><img decoding=\"async\" class=\"size-full wp-image-19613 lazyload\" alt=\"\" data-src=\"https:\/\/medizinonline.com\/wp-content\/uploads\/2022\/09\/abb5_images.jpg\" style=\"--smush-placeholder-width: 925px; --smush-placeholder-aspect-ratio: 925\/920;height:398px; width:400px\" width=\"925\" height=\"920\" src=\"data:image\/svg+xml;base64,PHN2ZyB3aWR0aD0iMSIgaGVpZ2h0PSIxIiB4bWxucz0iaHR0cDovL3d3dy53My5vcmcvMjAwMC9zdmciPjwvc3ZnPg==\"><\/p>\n<p>&nbsp;<\/p>\n<p><img decoding=\"async\" class=\"size-full wp-image-19614 lazyload\" alt=\"\" data-src=\"https:\/\/medizinonline.com\/wp-content\/uploads\/2022\/09\/abb6_images.jpg\" style=\"--smush-placeholder-width: 884px; --smush-placeholder-aspect-ratio: 884\/958;height:433px; width:400px\" width=\"884\" height=\"958\" src=\"data:image\/svg+xml;base64,PHN2ZyB3aWR0aD0iMSIgaGVpZ2h0PSIxIiB4bWxucz0iaHR0cDovL3d3dy53My5vcmcvMjAwMC9zdmciPjwvc3ZnPg==\"><\/p>\n<p>&nbsp;<\/p>\n<h2 id=\"mensagens-take-home\">Mensagens Take-Home<\/h2>\n<ul>\n<li>Para al\u00e9m das verdadeiras les\u00f5es que ocupam espa\u00e7o nas regi\u00f5es hipofar\u00edngea, lar\u00edngea e esof\u00e1gica, as altera\u00e7\u00f5es degenerativas na coluna cervical e os disst\u00e1ticos tamb\u00e9m podem levar \u00e0 disfagia.<\/li>\n<li>Indica\u00e7\u00f5es importantes de noxae causal j\u00e1 podem ser obtidas a partir da anamnese.<\/li>\n<li>Os sintomas requerem coopera\u00e7\u00e3o interdisciplinar.<\/li>\n<li>As t\u00e9cnicas de imagem s\u00e3o importantes para o diagn\u00f3stico diferencial.<\/li>\n<li>A terapia da disfagia funcional pode ser realizada principalmente com medidas conservadoras.<\/li>\n<\/ul>\n<p>&nbsp;<\/p>\n<p>Literatura:<\/p>\n<ol>\n<li>Armstrong B, McNair P, Taylor D: sentido de posi\u00e7\u00e3o da cabe\u00e7a e pesco\u00e7o. Sports Med 2008; 38(2): 101-117.<\/li>\n<li>Ernst A, Freesmeyer B: Dist\u00farbios funcionais na regi\u00e3o da cabe\u00e7a e pesco\u00e7o. Georg Thieme Verlag Stuttgart, Nova Iorque: 2008, pp. 32-42.<\/li>\n<li>Unger S, et al: Displasia Diastr\u00f3fica. Em: GeneReviews. Seattle (WA): Universidade de Washington, Seattle: 1993-2022. 2004 15 de Novembro.<\/li>\n<li>S\u00edndrome cervical. www.minimed.at\/medizinische-themen\/bewegungsapparat\/zervikalsyndrom, (\u00faltimo acesso 13.07.2022)<\/li>\n<\/ol>\n<p>&nbsp;<\/p>\n<p><em>PR\u00c1TICA DO GP 2022; 17(8): 28-30<\/em><\/p>\n","protected":false},"excerpt":{"rendered":"<p>A s\u00edndrome cervical causa tens\u00e3o e endurecimento dos m\u00fasculos, o que pode levar \u00e0 dor e ao comprometimento funcional. Para al\u00e9m de dores de cabe\u00e7a, tonturas e outras perturba\u00e7\u00f5es de&hellip;<\/p>\n","protected":false},"author":7,"featured_media":124313,"comment_status":"closed","ping_status":"","sticky":false,"template":"","format":"standard","meta":{"_acf_changed":false,"pmpro_default_level":"","cat_1_feature_home_top":false,"cat_2_editor_pick":false,"csco_eyebrow_text":"Do sintoma ao diagn\u00f3stico","footnotes":""},"category":[11536,11524,11463,11305,11439,11486,11551],"tags":[12009,14145],"powerkit_post_featured":[],"class_list":["post-324868","post","type-post","status-publish","format-standard","has-post-thumbnail","category-casos-pt-pt","category-formacao-continua","category-medicina-fisica-e-reabilitacao","category-medicina-interna-geral","category-orl-pt-pt","category-radiologia-pt-pt","category-rx-pt","tag-disfagia","tag-myogeloses-pt-pt","pmpro-has-access"],"acf":[],"publishpress_future_action":{"enabled":false,"date":"2026-05-07 13:19:19","action":"change-status","newStatus":"draft","terms":[],"taxonomy":"category","extraData":[]},"publishpress_future_workflow_manual_trigger":{"enabledWorkflows":[]},"wpml_current_locale":"pt_PT","wpml_translations":{"es_ES":{"locale":"es_ES","id":324831,"slug":"desalineacion-de-la-columna-cervical-con-disfagia-funcional-miogelosis","post_title":"Desalineaci\u00f3n de la columna cervical con disfagia funcional (miogelosis)","href":"https:\/\/medizinonline.com\/es\/desalineacion-de-la-columna-cervical-con-disfagia-funcional-miogelosis\/"}},"_links":{"self":[{"href":"https:\/\/medizinonline.com\/pt-pt\/wp-json\/wp\/v2\/posts\/324868","targetHints":{"allow":["GET"]}}],"collection":[{"href":"https:\/\/medizinonline.com\/pt-pt\/wp-json\/wp\/v2\/posts"}],"about":[{"href":"https:\/\/medizinonline.com\/pt-pt\/wp-json\/wp\/v2\/types\/post"}],"author":[{"embeddable":true,"href":"https:\/\/medizinonline.com\/pt-pt\/wp-json\/wp\/v2\/users\/7"}],"replies":[{"embeddable":true,"href":"https:\/\/medizinonline.com\/pt-pt\/wp-json\/wp\/v2\/comments?post=324868"}],"version-history":[{"count":0,"href":"https:\/\/medizinonline.com\/pt-pt\/wp-json\/wp\/v2\/posts\/324868\/revisions"}],"wp:featuredmedia":[{"embeddable":true,"href":"https:\/\/medizinonline.com\/pt-pt\/wp-json\/wp\/v2\/media\/124313"}],"wp:attachment":[{"href":"https:\/\/medizinonline.com\/pt-pt\/wp-json\/wp\/v2\/media?parent=324868"}],"wp:term":[{"taxonomy":"category","embeddable":true,"href":"https:\/\/medizinonline.com\/pt-pt\/wp-json\/wp\/v2\/category?post=324868"},{"taxonomy":"post_tag","embeddable":true,"href":"https:\/\/medizinonline.com\/pt-pt\/wp-json\/wp\/v2\/tags?post=324868"},{"taxonomy":"powerkit_post_featured","embeddable":true,"href":"https:\/\/medizinonline.com\/pt-pt\/wp-json\/wp\/v2\/powerkit_post_featured?post=324868"}],"curies":[{"name":"wp","href":"https:\/\/api.w.org\/{rel}","templated":true}]}}