{"id":325528,"date":"2022-06-16T01:00:00","date_gmt":"2022-06-15T23:00:00","guid":{"rendered":"https:\/\/medizinonline.com\/pensos-de-feridas-contendo-prata\/"},"modified":"2022-06-16T01:00:00","modified_gmt":"2022-06-15T23:00:00","slug":"pensos-de-feridas-contendo-prata","status":"publish","type":"post","link":"https:\/\/medizinonline.com\/pt-pt\/pensos-de-feridas-contendo-prata\/","title":{"rendered":"Pensos de feridas contendo prata"},"content":{"rendered":"<p><strong>A utiliza\u00e7\u00e3o de pensos com prata \u00e9 recomendada para feridas criticamente colonizadas ou infectadas durante um per\u00edodo de 14 dias, com avalia\u00e7\u00e3o subsequente.<\/strong><\/p>\n<p> <!--more--> <\/p>\n<p>Os i\u00f5es de prata atacam as bact\u00e9rias e outros microrganismos de v\u00e1rias formas e inibem o seu crescimento. Para conseguir um efeito bactericida, a prata elementar deve ser convertida na sua forma i\u00f3nica e eficaz. Como os i\u00f5es de prata t\u00eam m\u00faltiplos s\u00edtios de ac\u00e7\u00e3o antimicrobiana nas c\u00e9lulas alvo, o risco de desenvolver resist\u00eancia bacteriana \u00e9 baixo, ao contr\u00e1rio do que acontece com os antibi\u00f3ticos [1,2]. Os i\u00f5es de prata est\u00e3o presentes em compostos inorg\u00e2nicos de prata e em complexos org\u00e2nicos, que s\u00e3o libertados do composto em contacto com a secre\u00e7\u00e3o da ferida e s\u00e3o eficazes contra bact\u00e9rias gram-positivas e gram-negativas &#8211; incluindo bact\u00e9rias resistentes como MRSA e enterococos resistentes \u00e0 vancomicina [3,4]. Em combina\u00e7\u00e3o com carv\u00e3o activado, os odores e toxinas da ferida s\u00e3o adicionalmente ligados.<\/p>\n<p>Uma meta-an\u00e1lise de dados cl\u00ednicos de 2000-2015 resume a base de evid\u00eancia para a prata nos cuidados com feridas [1]. Em 28 dos 39 estudos controlados, foram demonstrados efeitos positivos de materiais de feridas contendo prata, em particular uma redu\u00e7\u00e3o da carga germinal e uma acelera\u00e7\u00e3o da cicatriza\u00e7\u00e3o de feridas. Tematicamente, 9 estudos foram sobre queimaduras, 9 sobre \u00falceras de perna venosa, 3 sobre \u00falceras de press\u00e3o, 2 sobre feridas cr\u00f3nicas, 1 sobre s\u00edndrome do p\u00e9 diab\u00e9tico e 5 sobre outras feridas. Os outros estudos inclu\u00edram estudos centrados na qualidade de vida, custo-efic\u00e1cia e redu\u00e7\u00e3o da carga bacteriana. A conclus\u00e3o do grupo de peritos \u00e9 que, para al\u00e9m dos efeitos antimicrobianos, poderia conseguir-se uma melhoria da qualidade de vida e uma boa rela\u00e7\u00e3o custo-efic\u00e1cia com a utiliza\u00e7\u00e3o de pensos para feridas com prata, quando utilizados de forma orientada e limitada no tempo.<\/p>\n<p>&nbsp;<\/p>\n<p>Literatura:<\/p>\n<ol>\n<li>Dissemond J, et al: Evid\u00eancia de prata no tratamento de feridas &#8211; MetaAn\u00e1lise de ensaios cl\u00ednicos de 2000-2015. JDDG 2017; 15: 524-536.<\/li>\n<li>Kramer A, et al: Consensus on Wound Antisepsis: Update 2018. Skin Pharmacol Physiol 2018; 31: 28-58.<\/li>\n<li>Percival SL, Bowler P, Russell D: Resist\u00eancia bacteriana \u00e0 prata no tratamento de feridas. J Hosp Inf 2005; 60: 1-7.<\/li>\n<li>Parsons D, et al: Pensos antimicrobianos de prata na gest\u00e3o de feridas: uma compara\u00e7\u00e3o de caracter\u00edsticas antibacterianas, f\u00edsicas e qu\u00edmicas. Feridas 2005; 17(8): 222-232.<\/li>\n<\/ol>\n<p>&nbsp;<\/p>\n<p><em>PR\u00c1TICA DA DERMATOLOGIA 2022, 32(2): 42<\/em><\/p>\n","protected":false},"excerpt":{"rendered":"<p>A utiliza\u00e7\u00e3o de pensos com prata \u00e9 recomendada para feridas criticamente colonizadas ou infectadas durante um per\u00edodo de 14 dias, com avalia\u00e7\u00e3o subsequente.<\/p>\n","protected":false},"author":7,"featured_media":120143,"comment_status":"closed","ping_status":"","sticky":false,"template":"","format":"standard","meta":{"_acf_changed":false,"pmpro_default_level":"","cat_1_feature_home_top":false,"cat_2_editor_pick":false,"csco_eyebrow_text":"Infec\u00e7\u00e3o por feridas","footnotes":""},"category":[11356,11397,11521,11524,11421,11551],"tags":[15445,15444],"powerkit_post_featured":[],"class_list":["post-325528","post","type-post","status-publish","format-standard","has-post-thumbnail","category-dermatologia-e-venereologia-pt-pt","category-endocrinologia-e-diabetologia-2","category-estudos","category-formacao-continua","category-infecciologia","category-rx-pt","tag-ioes-de-prata","tag-penso-de-ferida","pmpro-has-access"],"acf":[],"publishpress_future_action":{"enabled":false,"date":"2026-05-06 14:56:02","action":"change-status","newStatus":"draft","terms":[],"taxonomy":"category","extraData":[]},"publishpress_future_workflow_manual_trigger":{"enabledWorkflows":[]},"wpml_current_locale":"pt_PT","wpml_translations":{"es_ES":{"locale":"es_ES","id":325533,"slug":"apositos-para-heridas-que-contienen-plata","post_title":"Ap\u00f3sitos para heridas que contienen plata","href":"https:\/\/medizinonline.com\/es\/apositos-para-heridas-que-contienen-plata\/"}},"_links":{"self":[{"href":"https:\/\/medizinonline.com\/pt-pt\/wp-json\/wp\/v2\/posts\/325528","targetHints":{"allow":["GET"]}}],"collection":[{"href":"https:\/\/medizinonline.com\/pt-pt\/wp-json\/wp\/v2\/posts"}],"about":[{"href":"https:\/\/medizinonline.com\/pt-pt\/wp-json\/wp\/v2\/types\/post"}],"author":[{"embeddable":true,"href":"https:\/\/medizinonline.com\/pt-pt\/wp-json\/wp\/v2\/users\/7"}],"replies":[{"embeddable":true,"href":"https:\/\/medizinonline.com\/pt-pt\/wp-json\/wp\/v2\/comments?post=325528"}],"version-history":[{"count":0,"href":"https:\/\/medizinonline.com\/pt-pt\/wp-json\/wp\/v2\/posts\/325528\/revisions"}],"wp:featuredmedia":[{"embeddable":true,"href":"https:\/\/medizinonline.com\/pt-pt\/wp-json\/wp\/v2\/media\/120143"}],"wp:attachment":[{"href":"https:\/\/medizinonline.com\/pt-pt\/wp-json\/wp\/v2\/media?parent=325528"}],"wp:term":[{"taxonomy":"category","embeddable":true,"href":"https:\/\/medizinonline.com\/pt-pt\/wp-json\/wp\/v2\/category?post=325528"},{"taxonomy":"post_tag","embeddable":true,"href":"https:\/\/medizinonline.com\/pt-pt\/wp-json\/wp\/v2\/tags?post=325528"},{"taxonomy":"powerkit_post_featured","embeddable":true,"href":"https:\/\/medizinonline.com\/pt-pt\/wp-json\/wp\/v2\/powerkit_post_featured?post=325528"}],"curies":[{"name":"wp","href":"https:\/\/api.w.org\/{rel}","templated":true}]}}