{"id":325654,"date":"2022-06-09T01:00:00","date_gmt":"2022-06-08T23:00:00","guid":{"rendered":"https:\/\/medizinonline.com\/trabalhar-como-medico-independente-na-suica\/"},"modified":"2022-06-09T01:00:00","modified_gmt":"2022-06-08T23:00:00","slug":"trabalhar-como-medico-independente-na-suica","status":"publish","type":"post","link":"https:\/\/medizinonline.com\/pt-pt\/trabalhar-como-medico-independente-na-suica\/","title":{"rendered":"Trabalhar como m\u00e9dico independente na Su\u00ed\u00e7a"},"content":{"rendered":"<p><strong>Uma an\u00e1lise do Instituto Federal de Estat\u00edstica conclui que o rendimento l\u00edquido anual dos m\u00e9dicos independentes na Su\u00ed\u00e7a ascende a CHF 162.455. Todos aqueles que adicionalmente trabalham como m\u00e9dicos filiados ou gerem a sua pr\u00f3pria farm\u00e1cia de consult\u00f3rio podem ficar satisfeitos. Al\u00e9m disso, os homens ganham significativamente melhor do que as mulheres &#8211; n\u00e3o \u00e9 uma surpresa.<\/strong><\/p>\n<p> <!--more--> <\/p>\n<p><em>(vermelho)<\/em>  Pela quarta vez, o Instituto Federal de Estat\u00edstica (FSO) realizou o inqu\u00e9rito sobre dados estruturais sobre pr\u00e1ticas m\u00e9dicas e centros de ambulat\u00f3rio MAS. Uma delas \u00e9 dedicada pela primeira vez separadamente ao rendimento dos m\u00e9dicos independentes no consult\u00f3rio privado na Su\u00ed\u00e7a. Baseia-se em dados de 6472 m\u00e9dicos independentes que s\u00e3o propriet\u00e1rios de uma empresa individual. Em 2019, segundo a an\u00e1lise, o rendimento m\u00e9dio anual era de 204.985 francos su\u00ed\u00e7os, o que correspondia a um sal\u00e1rio m\u00e9dio por hora de 115 francos su\u00ed\u00e7os. Enquanto os sal\u00e1rios eram mais baixos em psiquiatria com um sal\u00e1rio m\u00e9dio por hora de CHF 93, eram mais altos nas especialidades com actividades cir\u00fargicas. Trabalhar como m\u00e9dico filiado, o que \u00e9 particularmente comum nos campos cir\u00fargicos e na obstetr\u00edcia, bem como ter a sua pr\u00f3pria farm\u00e1cia de consult\u00f3rio, tamb\u00e9m tem um efeito positivo nos rendimentos. Contudo, esta \u00faltima s\u00f3 \u00e9 permitida em alguns cant\u00f5es da Su\u00ed\u00e7a de l\u00edngua alem\u00e3. A distribui\u00e7\u00e3o de medicamentos pela cl\u00ednica foi associada a um aumento dos rendimentos de cerca de 18%, e um cargo de m\u00e9dico assistente foi associado a um aumento dos rendimentos de cerca de 11%. As presta\u00e7\u00f5es cobertas por seguros complementares ou de acidentes s\u00e3o tamb\u00e9m rent\u00e1veis. Por conseguinte, n\u00e3o \u00e9 surpreendente que o sal\u00e1rio m\u00e9dio por hora dos m\u00e9dicos em cujo consult\u00f3rio menos de 60% dos pacientes foram tratados ao abrigo do regime de seguro de sa\u00fade obrigat\u00f3rio tenha sido particularmente elevado em 132 francos su\u00ed\u00e7os. No entanto, os contactos de doentes KVG representaram pelo menos 90% dos casos na maioria das pr\u00e1ticas. Em m\u00e9dia, os rendimentos gerados pelos benef\u00edcios da KVG ascenderam a 88% do rendimento total. Tal como em outros sectores, a diferen\u00e7a de g\u00e9nero n\u00e3o pode ser negligenciada na an\u00e1lise dos sal\u00e1rios dos m\u00e9dicos independentes. Sendo todas as outras coisas iguais, os m\u00e9dicos ganharam, em m\u00e9dia, mais 25% do que as suas colegas do sexo feminino em 2019. A taxa de emprego mais elevada entre os homens explica apenas parcialmente esta diferen\u00e7a not\u00e1vel, que pode ser expressa no sal\u00e1rio m\u00e9dio por hora. Isto ascendeu a CHF 122 para m\u00e9dicos do sexo masculino e CHF 103 para m\u00e9dicos do sexo feminino. No entanto, a propor\u00e7\u00e3o de mulheres est\u00e1 a aumentar. Enquanto em 2019 as mulheres representavam apenas 35% das que tinham entre 55 e 64 anos, elas representavam 58% das que tinham menos de 45 anos.<\/p>\n<p>&nbsp;<\/p>\n<p>Leitura adicional:<\/p>\n<ul>\n<li>Pr\u00e1ticas m\u00e9dicas em 2019 &#8211; Estat\u00edsticas de pr\u00e1ticas m\u00e9dicas e centros de ambulat\u00f3rio (MAS). Instituto Federal de Estat\u00edstica (FSO). Neuch\u00e2tel, 2021. www.statistik.ch<\/li>\n<\/ul>\n<p>\n<em>InFo NEUROLOGIA &amp; PSYCHIATry 2022; 20(2): 40<\/em><\/p>\n","protected":false},"excerpt":{"rendered":"<p>Uma an\u00e1lise do Instituto Federal de Estat\u00edstica conclui que o rendimento l\u00edquido anual dos m\u00e9dicos independentes na Su\u00ed\u00e7a ascende a CHF 162.455. Todos aqueles que adicionalmente trabalham como m\u00e9dicos filiados&hellip;<\/p>\n","protected":false},"author":7,"featured_media":119662,"comment_status":"closed","ping_status":"closed","sticky":false,"template":"","format":"standard","meta":{"_acf_changed":false,"pmpro_default_level":"","cat_1_feature_home_top":false,"cat_2_editor_pick":false,"csco_eyebrow_text":"Potencial de ganhos","footnotes":""},"category":[11524,11305,11517,11474,11551],"tags":[15681,15678,14531,13333,15676,15670,15673,15674,15672,15667],"powerkit_post_featured":[],"class_list":["post-325654","post","type-post","status-publish","format-standard","has-post-thumbnail","category-formacao-continua","category-medicina-interna-geral","category-noticias-pt-pt","category-prevencao-e-cuidados-de-saude","category-rx-pt","tag-bfs-pt-pt","tag-escritorio-federal","tag-estatisticas","tag-gestao-de-praticas","tag-medico-pt-pt","tag-rendimento","tag-rendimentos","tag-salario-pt-pt","tag-salarios","tag-suica","pmpro-has-access"],"acf":[],"publishpress_future_action":{"enabled":false,"date":"2026-05-09 06:11:05","action":"change-status","newStatus":"draft","terms":[],"taxonomy":"category","extraData":[]},"publishpress_future_workflow_manual_trigger":{"enabledWorkflows":[]},"wpml_current_locale":"pt_PT","wpml_translations":{"es_ES":{"locale":"es_ES","id":325661,"slug":"trabajar-como-medico-independiente-en-suiza","post_title":"Trabajar como m\u00e9dico independiente en Suiza","href":"https:\/\/medizinonline.com\/es\/trabajar-como-medico-independiente-en-suiza\/"}},"_links":{"self":[{"href":"https:\/\/medizinonline.com\/pt-pt\/wp-json\/wp\/v2\/posts\/325654","targetHints":{"allow":["GET"]}}],"collection":[{"href":"https:\/\/medizinonline.com\/pt-pt\/wp-json\/wp\/v2\/posts"}],"about":[{"href":"https:\/\/medizinonline.com\/pt-pt\/wp-json\/wp\/v2\/types\/post"}],"author":[{"embeddable":true,"href":"https:\/\/medizinonline.com\/pt-pt\/wp-json\/wp\/v2\/users\/7"}],"replies":[{"embeddable":true,"href":"https:\/\/medizinonline.com\/pt-pt\/wp-json\/wp\/v2\/comments?post=325654"}],"version-history":[{"count":0,"href":"https:\/\/medizinonline.com\/pt-pt\/wp-json\/wp\/v2\/posts\/325654\/revisions"}],"wp:featuredmedia":[{"embeddable":true,"href":"https:\/\/medizinonline.com\/pt-pt\/wp-json\/wp\/v2\/media\/119662"}],"wp:attachment":[{"href":"https:\/\/medizinonline.com\/pt-pt\/wp-json\/wp\/v2\/media?parent=325654"}],"wp:term":[{"taxonomy":"category","embeddable":true,"href":"https:\/\/medizinonline.com\/pt-pt\/wp-json\/wp\/v2\/category?post=325654"},{"taxonomy":"post_tag","embeddable":true,"href":"https:\/\/medizinonline.com\/pt-pt\/wp-json\/wp\/v2\/tags?post=325654"},{"taxonomy":"powerkit_post_featured","embeddable":true,"href":"https:\/\/medizinonline.com\/pt-pt\/wp-json\/wp\/v2\/powerkit_post_featured?post=325654"}],"curies":[{"name":"wp","href":"https:\/\/api.w.org\/{rel}","templated":true}]}}