{"id":325739,"date":"2022-05-20T14:00:00","date_gmt":"2022-05-20T12:00:00","guid":{"rendered":"https:\/\/medizinonline.com\/urticaria-cronica-aumento-da-prevalencia-de-perturbacoes-mentais\/"},"modified":"2022-05-20T14:00:00","modified_gmt":"2022-05-20T12:00:00","slug":"urticaria-cronica-aumento-da-prevalencia-de-perturbacoes-mentais","status":"publish","type":"post","link":"https:\/\/medizinonline.com\/pt-pt\/urticaria-cronica-aumento-da-prevalencia-de-perturbacoes-mentais\/","title":{"rendered":"Urtic\u00e1ria cr\u00f3nica: aumento da preval\u00eancia de perturba\u00e7\u00f5es mentais"},"content":{"rendered":"<p><strong>Segundo uma an\u00e1lise secund\u00e1ria, quase um em cada tr\u00eas pacientes com urtic\u00e1ria cr\u00f3nica sofre de pelo menos um dist\u00farbio mental. As perturba\u00e7\u00f5es do ritmo sono-vig\u00edlia s\u00e3o as mais comuns, seguidas de dist\u00farbios de ansiedade e mudan\u00e7as de humor.<\/strong><\/p>\n<p> <!--more--> <\/p>\n<p>Se as rodas e\/ou o angioedema persistirem durante 6 semanas ou mais, \u00e9 muito angustiante para a pessoa afectada. As les\u00f5es urin\u00e1rias podem estar associadas a comich\u00e3o grave, o angioedema \u00e9 frequentemente doloroso e ardente. A qualidade de vida dos pacientes \u00e9 frequentemente afectada. O stress, as perturba\u00e7\u00f5es do sono e as emo\u00e7\u00f5es negativas como a raiva e as mudan\u00e7as de humor s\u00e3o efeitos secund\u00e1rios psicol\u00f3gicos t\u00edpicos [1\u20133].<\/p>\n<p>Para avaliar as provas cientificamente documentadas relativas \u00e0s perturba\u00e7\u00f5es mentais comorbidas em urtic\u00e1ria cr\u00f3nica, um grupo de investiga\u00e7\u00e3o realizou uma revis\u00e3o sistem\u00e1tica da literatura de acordo com o protocolo PRISMA (&#8220;Preferred Reporting Items for Systematic Reviews and Meta-Analyses&#8221;) [4,5]. Foram inclu\u00eddos na an\u00e1lise um total de 25 estudos.&nbsp;  As avalia\u00e7\u00f5es mostraram que os doentes com urtic\u00e1ria cr\u00f3nica (UC) sofrem mais frequentemente de perturba\u00e7\u00f5es mentais em compara\u00e7\u00e3o com a popula\u00e7\u00e3o geral saud\u00e1vel [4]. De acordo com a an\u00e1lise de dados agrupados de v\u00e1rias meta-an\u00e1lises, a preval\u00eancia de qualquer diagn\u00f3stico psiqui\u00e1trico entre os pacientes da UC foi de 31,6%. Divididas pelo sistema de classifica\u00e7\u00e3o DSM-5 (Manual de Diagn\u00f3stico e Estat\u00edstica das Doen\u00e7as Mentais), as perturba\u00e7\u00f5es do ritmo sono-vig\u00edlia foram as mais comuns com 36,7%, seguidas pelas perturba\u00e7\u00f5es de ansiedade (30,6%) e perturba\u00e7\u00f5es do humor (29,4%). 17,3% tinham uma desordem relacionada com trauma e stress, 17,2% tinham uma desordem de stress som\u00e1tico, 9,3% sofriam de desordem obsessivo-compulsiva e 4% tinham sido diagnosticados com uma desordem de depend\u00eancia de subst\u00e2ncias.<\/p>\n<p>&nbsp;<\/p>\n<p>Literatura:<\/p>\n<ol>\n<li>Altinoz AE, et al: Advocacia Ther 2014; 31(9): 1000-1007.<\/li>\n<li>O&#8217;Donnell BF, et al: Br J Dermatol 1997; 136(2): 197-201.<\/li>\n<li>Potocka A, et al: Acta Dermatovenerol Alp Pannonica Adriat 2009; 18(2): 53-58, 60, 62.<\/li>\n<li>Konstantinou GN, Konstantinou GN: Clin Transl Allergy 2019; 9: 42. doi: 10.1186\/s13601-019-0278-3.<\/li>\n<li>Liberati A, et al: BMJ. 2009; 339: b2700. doi: 10.1136\/bmj.b2700.<\/li>\n<\/ol>\n<p>&nbsp;<\/p>\n<p><em>PR\u00c1TICA DA DERMATOLOGIA 2022; 32(2): 51<\/em><\/p>\n","protected":false},"excerpt":{"rendered":"<p>Segundo uma an\u00e1lise secund\u00e1ria, quase um em cada tr\u00eas pacientes com urtic\u00e1ria cr\u00f3nica sofre de pelo menos um dist\u00farbio mental. As perturba\u00e7\u00f5es do ritmo sono-vig\u00edlia s\u00e3o as mais comuns, seguidas&hellip;<\/p>\n","protected":false},"author":7,"featured_media":120326,"comment_status":"closed","ping_status":"","sticky":false,"template":"","format":"standard","meta":{"_acf_changed":false,"pmpro_default_level":"","cat_1_feature_home_top":false,"cat_2_editor_pick":false,"csco_eyebrow_text":"Pesquisa de comorbidade","footnotes":""},"category":[11344,11356,11521,11524,11481,11551],"tags":[13993],"powerkit_post_featured":[],"class_list":["post-325739","post","type-post","status-publish","format-standard","has-post-thumbnail","category-alergologia-e-imunologia-clinica","category-dermatologia-e-venereologia-pt-pt","category-estudos","category-formacao-continua","category-psiquiatria-e-psicoterapia","category-rx-pt","tag-urticaria-pt-pt","pmpro-has-access"],"acf":[],"publishpress_future_action":{"enabled":false,"date":"2026-05-07 09:02:43","action":"change-status","newStatus":"draft","terms":[],"taxonomy":"category","extraData":[]},"publishpress_future_workflow_manual_trigger":{"enabledWorkflows":[]},"wpml_current_locale":"pt_PT","wpml_translations":{"es_ES":{"locale":"es_ES","id":325744,"slug":"urticaria-cronica-mayor-prevalencia-de-trastornos-mentales","post_title":"Urticaria cr\u00f3nica: mayor prevalencia de trastornos mentales","href":"https:\/\/medizinonline.com\/es\/urticaria-cronica-mayor-prevalencia-de-trastornos-mentales\/"}},"_links":{"self":[{"href":"https:\/\/medizinonline.com\/pt-pt\/wp-json\/wp\/v2\/posts\/325739","targetHints":{"allow":["GET"]}}],"collection":[{"href":"https:\/\/medizinonline.com\/pt-pt\/wp-json\/wp\/v2\/posts"}],"about":[{"href":"https:\/\/medizinonline.com\/pt-pt\/wp-json\/wp\/v2\/types\/post"}],"author":[{"embeddable":true,"href":"https:\/\/medizinonline.com\/pt-pt\/wp-json\/wp\/v2\/users\/7"}],"replies":[{"embeddable":true,"href":"https:\/\/medizinonline.com\/pt-pt\/wp-json\/wp\/v2\/comments?post=325739"}],"version-history":[{"count":0,"href":"https:\/\/medizinonline.com\/pt-pt\/wp-json\/wp\/v2\/posts\/325739\/revisions"}],"wp:featuredmedia":[{"embeddable":true,"href":"https:\/\/medizinonline.com\/pt-pt\/wp-json\/wp\/v2\/media\/120326"}],"wp:attachment":[{"href":"https:\/\/medizinonline.com\/pt-pt\/wp-json\/wp\/v2\/media?parent=325739"}],"wp:term":[{"taxonomy":"category","embeddable":true,"href":"https:\/\/medizinonline.com\/pt-pt\/wp-json\/wp\/v2\/category?post=325739"},{"taxonomy":"post_tag","embeddable":true,"href":"https:\/\/medizinonline.com\/pt-pt\/wp-json\/wp\/v2\/tags?post=325739"},{"taxonomy":"powerkit_post_featured","embeddable":true,"href":"https:\/\/medizinonline.com\/pt-pt\/wp-json\/wp\/v2\/powerkit_post_featured?post=325739"}],"curies":[{"name":"wp","href":"https:\/\/api.w.org\/{rel}","templated":true}]}}